{"id":151102,"date":"2013-10-21T00:08:29","date_gmt":"2013-10-21T05:08:29","guid":{"rendered":"http:\/\/www.diarioimagen.net\/?p=151102"},"modified":"2013-10-21T04:25:16","modified_gmt":"2013-10-21T09:25:16","slug":"df-requiere-13-mmdp-para-seguridad-y-operatividad","status":"publish","type":"post","link":"https:\/\/www.diarioimagen.net\/?p=151102","title":{"rendered":"DF requiere 13 mmdp para seguridad y operatividad"},"content":{"rendered":"<ul>\n<li><strong><em>El funcionario califica de hist\u00f3rico el que por vez primera\u00a0 se reconozca en el presupuesto a la capital del pa\u00eds<\/em><\/strong><\/li>\n<\/ul>\n<div id=\"attachment_151138\" style=\"width: 250px\" class=\"wp-caption alignleft\"><a href=\"http:\/\/www.diarioimagen.net\/wp-content\/uploads\/2013\/10\/gdf-1-2211.jpg\"><img loading=\"lazy\" decoding=\"async\" aria-describedby=\"caption-attachment-151138\" class=\"size-medium wp-image-151138\" alt=\"Juan Jos\u00e9 Garc\u00eda Ochoa, subsecretario de Gobierno del Distrito Federal.\" src=\"http:\/\/www.diarioimagen.net\/wp-content\/uploads\/2013\/10\/gdf-1-2211-240x203.jpg\" width=\"240\" height=\"203\" srcset=\"https:\/\/www.diarioimagen.net\/wp-content\/uploads\/2013\/10\/gdf-1-2211-240x203.jpg 240w, https:\/\/www.diarioimagen.net\/wp-content\/uploads\/2013\/10\/gdf-1-2211-420x355.jpg 420w, https:\/\/www.diarioimagen.net\/wp-content\/uploads\/2013\/10\/gdf-1-2211.jpg 500w\" sizes=\"auto, (max-width: 240px) 100vw, 240px\" \/><\/a><p id=\"caption-attachment-151138\" class=\"wp-caption-text\">Juan Jos\u00e9 Garc\u00eda Ochoa, subsecretario de Gobierno del Distrito Federal.<\/p><\/div>\n<p>La ciudad de M\u00e9xico tiene un rezago de unos 13 mil millones de pesos para brindar a la administraci\u00f3n federal y a las diversas instituciones las condiciones \u00f3ptimas de seguridad y operatividad, inform\u00f3 el subsecretario de Gobierno del Distrito Federal, Juan Jos\u00e9 Garc\u00eda Ochoa.<\/p>\n<p>Al t\u00e9rmino de la inauguraci\u00f3n de la Quinta Feria de la Transparencia, que organiza el InfoDF, el funcionario indic\u00f3 que es hist\u00f3rico que por primera vez se reconozca en el presupuesto a la capital, lo que marca una nueva relaci\u00f3n entre el gobierno capitalino y la federaci\u00f3n.<\/p>\n<p>\u201cLa creaci\u00f3n del Fondo de Capitalidad permitir\u00e1 que la ciudad tenga mejores condiciones para ser la capital de la Rep\u00fablica, de ser el centro econ\u00f3mico y social del pa\u00eds\u201d.<\/p>\n<p>El funcionario anunci\u00f3 asimismo que el secretario de Finanzas local, Edgar Amado, est\u00e1 realizando la labor de cabildeo al respecto con la Secretar\u00eda de Hacienda y la Comisi\u00f3n de Presupuesto de la C\u00e1mara de Diputados.<\/p>\n<p>Garc\u00eda Ochoa explic\u00f3 que ya existe un acuerdo con la dirigencia de la Coordinadora Nacional de Trabajadores de la Educaci\u00f3n (CNTE) para que ordenen el plant\u00f3n que tienen desde hace m\u00e1s de un mes en el monumento a la Revoluci\u00f3n y con ello afecten en lo menos posible a los comerciantes de la zona.<\/p>\n<p>\u201cHubo un planteamiento muy concreto que adem\u00e1s ten\u00eda que ver con la demanda de los negocios de la zona, los cuales no se oponen a una manifestaci\u00f3n cerca de sus locales, pero s\u00ed demandan el libre acceso de sus clientes, nos sentamos con la dirigencia de la CNTE y les planteamos esa preocupaci\u00f3n\u201d.<\/p>\n<p>\u201cEllos mostraron apertura, estuvieron de acuerdo a ordenar el desorden ya que ello estaba generando condiciones de insalubridad y de inseguridad\u201d, a\u00f1adi\u00f3 luego de su participaci\u00f3n en el acto organizado por el Instituto de Acceso a la Informaci\u00f3n P\u00fablica y Protecci\u00f3n de Datos Personales del Distrito Federal (InfoDF).<\/p>\n<p>Garc\u00eda Ochoa descart\u00f3 que exista preocupaci\u00f3n por los hechos que se presentaron la semana pasada en una manifestaci\u00f3n de los maestros de la CNTE en donde fueron agredidos por comerciantes de Tepito.<\/p>\n<p>En su opini\u00f3n, se trata de un hecho aislado y lo que har\u00e1n es reforzar las medidas adecuadas para garantizar que haya libre ejercicio del derecho de manifestaci\u00f3n y a la vez libre tr\u00e1nsito por la ciudad.<\/p>\n<p>&nbsp;<\/p>\n","protected":false},"excerpt":{"rendered":"<p>La ciudad de M\u00e9xico tiene un rezago de unos 13 mil millones de pesos para brindar a la administraci\u00f3n federal y a las diversas instituciones las condiciones \u00f3ptimas de seguridad y operatividad, inform\u00f3 el subsecretario de Gobierno del Distrito Federal, Juan Jos\u00e9 Garc\u00eda Ochoa.<\/p>\n","protected":false},"author":3,"featured_media":151138,"comment_status":"open","ping_status":"open","sticky":false,"template":"","format":"standard","meta":{"_monsterinsights_skip_tracking":false,"_monsterinsights_sitenote_active":false,"_monsterinsights_sitenote_note":"","_monsterinsights_sitenote_category":0,"footnotes":""},"categories":[6],"tags":[204,7473,5598],"class_list":["post-151102","post","type-post","status-publish","format-standard","has-post-thumbnail","hentry","category-cd-de-mexico","tag-ciudad-de-mexico","tag-cnte","tag-tepito"],"_links":{"self":[{"href":"https:\/\/www.diarioimagen.net\/index.php?rest_route=\/wp\/v2\/posts\/151102","targetHints":{"allow":["GET"]}}],"collection":[{"href":"https:\/\/www.diarioimagen.net\/index.php?rest_route=\/wp\/v2\/posts"}],"about":[{"href":"https:\/\/www.diarioimagen.net\/index.php?rest_route=\/wp\/v2\/types\/post"}],"author":[{"embeddable":true,"href":"https:\/\/www.diarioimagen.net\/index.php?rest_route=\/wp\/v2\/users\/3"}],"replies":[{"embeddable":true,"href":"https:\/\/www.diarioimagen.net\/index.php?rest_route=%2Fwp%2Fv2%2Fcomments&post=151102"}],"version-history":[{"count":0,"href":"https:\/\/www.diarioimagen.net\/index.php?rest_route=\/wp\/v2\/posts\/151102\/revisions"}],"wp:featuredmedia":[{"embeddable":true,"href":"https:\/\/www.diarioimagen.net\/index.php?rest_route=\/wp\/v2\/media\/151138"}],"wp:attachment":[{"href":"https:\/\/www.diarioimagen.net\/index.php?rest_route=%2Fwp%2Fv2%2Fmedia&parent=151102"}],"wp:term":[{"taxonomy":"category","embeddable":true,"href":"https:\/\/www.diarioimagen.net\/index.php?rest_route=%2Fwp%2Fv2%2Fcategories&post=151102"},{"taxonomy":"post_tag","embeddable":true,"href":"https:\/\/www.diarioimagen.net\/index.php?rest_route=%2Fwp%2Fv2%2Ftags&post=151102"}],"curies":[{"name":"wp","href":"https:\/\/api.w.org\/{rel}","templated":true}]}}