{"id":151207,"date":"2013-10-22T00:04:41","date_gmt":"2013-10-22T05:04:41","guid":{"rendered":"http:\/\/www.diarioimagen.net\/?p=151207"},"modified":"2013-10-23T06:11:37","modified_gmt":"2013-10-23T11:11:37","slug":"van-910-funcionarios-del-inm-destituidos","status":"publish","type":"post","link":"https:\/\/www.diarioimagen.net\/?p=151207","title":{"rendered":"Van 910 funcionarios del INM destituidos"},"content":{"rendered":"<ul>\n<li><strong><em>Incurrieron en corrupci\u00f3n<\/em><\/strong><\/li>\n<\/ul>\n<p><a href=\"http:\/\/www.diarioimagen.net\/wp-content\/uploads\/2013\/10\/inm-2212.jpg\"><img loading=\"lazy\" decoding=\"async\" class=\"alignleft size-medium wp-image-151273\" style=\"margin-right: 9px; margin-bottom: 9px;\" alt=\"inm-2212\" src=\"http:\/\/www.diarioimagen.net\/wp-content\/uploads\/2013\/10\/inm-2212-240x135.jpg\" width=\"240\" height=\"135\" srcset=\"https:\/\/www.diarioimagen.net\/wp-content\/uploads\/2013\/10\/inm-2212-240x135.jpg 240w, https:\/\/www.diarioimagen.net\/wp-content\/uploads\/2013\/10\/inm-2212-420x236.jpg 420w, https:\/\/www.diarioimagen.net\/wp-content\/uploads\/2013\/10\/inm-2212-235x132.jpg 235w, https:\/\/www.diarioimagen.net\/wp-content\/uploads\/2013\/10\/inm-2212-202x114.jpg 202w, https:\/\/www.diarioimagen.net\/wp-content\/uploads\/2013\/10\/inm-2212-350x196.jpg 350w, https:\/\/www.diarioimagen.net\/wp-content\/uploads\/2013\/10\/inm-2212-220x123.jpg 220w, https:\/\/www.diarioimagen.net\/wp-content\/uploads\/2013\/10\/inm-2212-237x132.jpg 237w, https:\/\/www.diarioimagen.net\/wp-content\/uploads\/2013\/10\/inm-2212.jpg 480w\" sizes=\"auto, (max-width: 240px) 100vw, 240px\" \/><\/a>A 20 a\u00f1os de su creaci\u00f3n, el Instituto Nacional de Migraci\u00f3n (INM) est\u00e1 inmerso en un proceso de transformaci\u00f3n y combate a la corrupci\u00f3n, que ha derivado en la destituci\u00f3n de 910 funcionarios que incurrieron en faltas administrativas o actos de corrupci\u00f3n, de enero a la fecha.<\/p>\n<p>En un comunicado, el organismo de la Secretar\u00eda de Gobernaci\u00f3n (Segob) abund\u00f3 que \u201cquienes han faltado a las leyes que norman y regulan las actividades del Servicio P\u00fablico Federal han sido separados de sus cargos\u201d.<\/p>\n<p>Precis\u00f3 que en lo que va de 2013 se ha evaluado a 86 por ciento de la plantilla de servidores p\u00fablicos, y de estos, 60 por ciento -equivalente a 2 mil 89- fueron aprobados, mientras que 936 funcionarios est\u00e1n en proceso de ser certificados.<\/p>\n<p>En este sentido, el INM recalc\u00f3 que seguir\u00e1 con su proceso de transformaci\u00f3n, \u201creconstruyendo la instituci\u00f3n para hacerla eficiente, honesta y segura, dando prioridad a los derechos humanos de migrantes y paisanos, as\u00ed como al desarrollo de la seguridad nacional\u201d.<\/p>\n<p>En un balance, el instituto inform\u00f3 que durante este a\u00f1o, el Programa Paisano asesor\u00f3 a 39 mil 745 personas que vinieron a reunirse con sus familias, en tanto que en el Operativo Verano se cont\u00f3 con 902 observadores, quienes brindaron ayuda e informaci\u00f3n a connacionales, adem\u00e1s de que se atendieron cerca de 6 mil llamadas telef\u00f3nicas.<\/p>\n<p>De igual manera, indic\u00f3 que en lo que va del a\u00f1o 11 mil 710 mexicanos menores de edad acompa\u00f1ados fueron repatriados por Estados Unidos, y 9 mil 665 no acompa\u00f1ados.<\/p>\n<p>En lo que se refiere a menores de edad extranjeros, fueron devueltos por M\u00e9xico, 6 mil 111 acompa\u00f1ados, y cuatro mil 205 no acompa\u00f1ados, la mayor\u00eda de ellos de origen centroamericano.<\/p>\n<p>Expuso que la atenci\u00f3n y protecci\u00f3n a ni\u00f1os, ni\u00f1as y adolescentes migrantes est\u00e1 a cargo de 493 Oficiales de Protecci\u00f3n a la Infancia (OPIS), quienes tienen la tarea de salvaguardar la integridad f\u00edsica y psicol\u00f3gica de los ni\u00f1os, as\u00ed como facilitar el contacto con sus familiares hasta el regreso a sus lugares de origen.<\/p>\n<p>El INM resalt\u00f3 que entre las principales acciones que lleva a cabo, es a trav\u00e9s de los Grupos Beta, que orient\u00f3 a 201 mil 515 migrantes, 183 mil 318 de los cuales recibieron asistencia social, en tanto que 108 mil 591 connacionales fueron atendidos en lo que va del a\u00f1o.<\/p>\n<p>Los 21 grupos Beta recorren m\u00e1s de 4 mil kil\u00f3metros para rescatar, asesorar, dar primeros auxilios, localizar personas extraviadas y patrullar las zonas de alto riesgo, destac\u00f3 el organismo dependiente de la Segob.<\/p>\n<p>Por lo que hace al Programa de Repatriaci\u00f3n Humana, el INM detall\u00f3 que se ha apoyado a 237 mil 626 connacionales para regresarlos a sus lugares de origen, sobre todo de Michoac\u00e1n, Oaxaca, Guerrero, Guanajuato y Puebla.<\/p>\n","protected":false},"excerpt":{"rendered":"<p>A 20 a\u00f1os de su creaci\u00f3n, el Instituto Nacional de Migraci\u00f3n (INM) est\u00e1 inmerso en un proceso de transformaci\u00f3n y combate a la corrupci\u00f3n, que ha derivado en la destituci\u00f3n de 910 funcionarios que incurrieron en faltas administrativas o actos de corrupci\u00f3n, de enero a la fecha.<\/p>\n","protected":false},"author":3,"featured_media":151273,"comment_status":"open","ping_status":"open","sticky":false,"template":"","format":"standard","meta":{"_monsterinsights_skip_tracking":false,"_monsterinsights_sitenote_active":false,"_monsterinsights_sitenote_note":"","_monsterinsights_sitenote_category":0,"footnotes":""},"categories":[17,3],"tags":[177,8959,442],"class_list":["post-151207","post","type-post","status-publish","format-standard","has-post-thumbnail","hentry","category-especiales","category-nacional","tag-estados-unidos","tag-instituto-nacional-de-migracion","tag-secretaria-de-gobernacion"],"_links":{"self":[{"href":"https:\/\/www.diarioimagen.net\/index.php?rest_route=\/wp\/v2\/posts\/151207","targetHints":{"allow":["GET"]}}],"collection":[{"href":"https:\/\/www.diarioimagen.net\/index.php?rest_route=\/wp\/v2\/posts"}],"about":[{"href":"https:\/\/www.diarioimagen.net\/index.php?rest_route=\/wp\/v2\/types\/post"}],"author":[{"embeddable":true,"href":"https:\/\/www.diarioimagen.net\/index.php?rest_route=\/wp\/v2\/users\/3"}],"replies":[{"embeddable":true,"href":"https:\/\/www.diarioimagen.net\/index.php?rest_route=%2Fwp%2Fv2%2Fcomments&post=151207"}],"version-history":[{"count":0,"href":"https:\/\/www.diarioimagen.net\/index.php?rest_route=\/wp\/v2\/posts\/151207\/revisions"}],"wp:featuredmedia":[{"embeddable":true,"href":"https:\/\/www.diarioimagen.net\/index.php?rest_route=\/wp\/v2\/media\/151273"}],"wp:attachment":[{"href":"https:\/\/www.diarioimagen.net\/index.php?rest_route=%2Fwp%2Fv2%2Fmedia&parent=151207"}],"wp:term":[{"taxonomy":"category","embeddable":true,"href":"https:\/\/www.diarioimagen.net\/index.php?rest_route=%2Fwp%2Fv2%2Fcategories&post=151207"},{"taxonomy":"post_tag","embeddable":true,"href":"https:\/\/www.diarioimagen.net\/index.php?rest_route=%2Fwp%2Fv2%2Ftags&post=151207"}],"curies":[{"name":"wp","href":"https:\/\/api.w.org\/{rel}","templated":true}]}}