{"id":151227,"date":"2013-10-22T00:02:34","date_gmt":"2013-10-22T05:02:34","guid":{"rendered":"http:\/\/www.diarioimagen.net\/?p=151227"},"modified":"2013-10-28T04:51:53","modified_gmt":"2013-10-28T10:51:53","slug":"las-palmas-de-los-panamericanos-y-de-la-contraloria","status":"publish","type":"post","link":"https:\/\/www.diarioimagen.net\/?p=151227","title":{"rendered":"Las palmas de los Panamericanos y de la Contralor\u00eda"},"content":{"rendered":"<h2>Acta P\u00fablica<\/h2>\n<h5>Claudia Rodr\u00edguez<\/h5>\n<p><span><br \/>\nC\u00f3mo olvidar al pol\u00e9mico ex gobernador de Jalisco, el panista Emilio Gonz\u00e1lez M\u00e1rquez, desde su \u00e9pico: \u201cme vale madres\u201d pronunciado en estado et\u00edlico, hasta su haza\u00f1a de presumir la organizaci\u00f3n de los \u00a0Juegos Panamericanos Guadalajara 2011.<\/span><\/p>\n<p>Como si no se hubiera contratado a una empresa especialista en dichas lides a la que por cierto no se le pagaron millones no de pesos, sino de d\u00f3lares y que m\u00e1s que ganancias a la entidad, dej\u00f3 p\u00e9rdidas y explotaci\u00f3n entre j\u00f3venes que se prestaron para apoyar a los atletas participantes, sin cobrar un solo peso.<\/p>\n<p>Emilio Gonz\u00e1lez M\u00e1rquez se sirvi\u00f3 con la cuchara grande al frente del gobierno de Jalisco y a diestra y siniestra, utiliz\u00f3 los recursos que la Federaci\u00f3n le envi\u00f3 para cumplir con los programas sociales y de infraestructura para la entidad.<\/p>\n<p>De verdad que a Gonz\u00e1lez M\u00e1rquez le val\u00eda madres e incluso cuando el ahora secretario de Hacienda, Luis Videgaray Caso advirti\u00f3 que no se les ayudar\u00eda a las entidades con problemas de deuda hacendaria.<\/p>\n<p>As\u00ed, la gesti\u00f3n de Gonz\u00e1lez M\u00e1rquez entr\u00f3 a revisi\u00f3n tanto por la actual Contralor\u00eda de la entidad como por la Auditor\u00eda Superior de la Federaci\u00f3n (ASF).<\/p>\n<p>Ya la semana anterior, el contralor estatal, Juan Jos\u00e9 Ba\u00f1uelos Guardado, se\u00f1al\u00f3 en conferencia de prensa que las auditor\u00edas que se realizaron a dependencias estatales como a organismos p\u00fablicos descentralizados y municipios correspondientes al gasto estatal 2012, han derivado en la presunci\u00f3n de un da\u00f1o patrimonial a la entidad jalisciense por 7,573 millones de pesos.<\/p>\n<p>La gesti\u00f3n de Emilio Gonz\u00e1lez M\u00e1rquez como gobernador tiene hasta ahora apuntadas 222 observaciones de car\u00e1cter administrativo y 78 por riesgo de da\u00f1o patrimonial.<\/p>\n<p>La verdad, lo anterior no es ninguna novedad.\u00a0 Pareciera m\u00e1s bien, el recuento de los da\u00f1os.<\/p>\n<p>Muchos contribuyentes, ciudadanos o a\u00fan sin alcanzar esos estatutos, esperamos que las cuentas de nuestros impuestos en t\u00e9rminos de defraudaci\u00f3n a la Federaci\u00f3n, tambi\u00e9n sean reales y expeditas.<\/p>\n<p>De no ser as\u00ed, sucede como en otros casos.\u00a0 Usted no paga impuestos, no hay servicios de infraestructura, desarrollo y obras.\u00a0 Usted roba dinero del erario p\u00fablico.\u00a0 No se preocupe.\u00a0 No pasa nada.<\/p>\n<p>Que se cobren impuestos y que paguemos quienes lo tenemos que hacer.\u00a0 Pero por favor.\u00a0 Que se apliquen en lo que debe ser y no para enriquecimiento, lucimiento o aspiraciones personales de los pol\u00edticos que las m\u00e1s de las veces terminan en tremendas frustraciones de egos.<\/p>\n<p><em><b>Acta Divina<\/b><\/em>\u2026 \u00a0El pasado 14 de octubre el Comit\u00e9 Ejecutivo Nacional (CEN) del PAN, que encabeza Gustavo Madero,\u00a0design\u00f3 a Emilio Gonz\u00e1lez como miembro de la direcci\u00f3n y le asignaron la tarea de asesorar a los gobiernos municipales que reci\u00e9n gan\u00f3 Acci\u00f3n Nacional en las elecciones pasadas.<\/p>\n<p><strong><em>Para advertir\u2026<\/em><\/strong> El espionaje de Estados Unidos hacia M\u00e9xico no es invento, ni cosa menor.<\/p>\n<p><em><a href=\"mailto:actapublica@gmail.com\" target=\"_blank\">actapublica@gmail.com<\/a><\/em><\/p>\n","protected":false},"excerpt":{"rendered":"<p><span style=\"color: #005497;\"><strong>Claudia Rodr\u00edguez<\/strong><\/span><\/p>\n","protected":false},"author":3,"featured_media":0,"comment_status":"open","ping_status":"open","sticky":false,"template":"","format":"standard","meta":{"_monsterinsights_skip_tracking":false,"_monsterinsights_sitenote_active":false,"_monsterinsights_sitenote_note":"","_monsterinsights_sitenote_category":0,"footnotes":""},"categories":[1281],"tags":[8986,5433,14365,43,43674],"class_list":["post-151227","post","type-post","status-publish","format-standard","hentry","category-claudia-rodriguez","tag-asf","tag-auditoria-superior-de-la-federacion","tag-emilio-gonzalez-marquez","tag-jalisco","tag-opinion"],"_links":{"self":[{"href":"https:\/\/www.diarioimagen.net\/index.php?rest_route=\/wp\/v2\/posts\/151227","targetHints":{"allow":["GET"]}}],"collection":[{"href":"https:\/\/www.diarioimagen.net\/index.php?rest_route=\/wp\/v2\/posts"}],"about":[{"href":"https:\/\/www.diarioimagen.net\/index.php?rest_route=\/wp\/v2\/types\/post"}],"author":[{"embeddable":true,"href":"https:\/\/www.diarioimagen.net\/index.php?rest_route=\/wp\/v2\/users\/3"}],"replies":[{"embeddable":true,"href":"https:\/\/www.diarioimagen.net\/index.php?rest_route=%2Fwp%2Fv2%2Fcomments&post=151227"}],"version-history":[{"count":0,"href":"https:\/\/www.diarioimagen.net\/index.php?rest_route=\/wp\/v2\/posts\/151227\/revisions"}],"wp:attachment":[{"href":"https:\/\/www.diarioimagen.net\/index.php?rest_route=%2Fwp%2Fv2%2Fmedia&parent=151227"}],"wp:term":[{"taxonomy":"category","embeddable":true,"href":"https:\/\/www.diarioimagen.net\/index.php?rest_route=%2Fwp%2Fv2%2Fcategories&post=151227"},{"taxonomy":"post_tag","embeddable":true,"href":"https:\/\/www.diarioimagen.net\/index.php?rest_route=%2Fwp%2Fv2%2Ftags&post=151227"}],"curies":[{"name":"wp","href":"https:\/\/api.w.org\/{rel}","templated":true}]}}