{"id":151247,"date":"2013-10-22T00:05:31","date_gmt":"2013-10-22T05:05:31","guid":{"rendered":"http:\/\/www.diarioimagen.net\/?p=151247"},"modified":"2013-10-23T06:11:41","modified_gmt":"2013-10-23T11:11:41","slug":"mexico-e-irlanda-refuerzan-el-intercambio-educativo","status":"publish","type":"post","link":"https:\/\/www.diarioimagen.net\/?p=151247","title":{"rendered":"M\u00e9xico e Irlanda refuerzan el intercambio educativo"},"content":{"rendered":"<ul>\n<li><strong><em>El presidente Enrique Pe\u00f1a Nieto recibi\u00f3 ayer a su hom\u00f3logo de esa naci\u00f3n, Michael D. Higgins<\/em><\/strong><\/li>\n<\/ul>\n<div id=\"attachment_151270\" style=\"width: 250px\" class=\"wp-caption alignleft\"><a href=\"http:\/\/www.diarioimagen.net\/wp-content\/uploads\/2013\/10\/epn-2212.jpg\"><img loading=\"lazy\" decoding=\"async\" aria-describedby=\"caption-attachment-151270\" class=\"size-medium wp-image-151270\" alt=\"El presidente Enrique Pe\u00f1a Nieto recibi\u00f3 en Palacio Nacional al primer mandatario de Irlanda, Michael D. Higgins, con quien sostuvo conversaciones y firm\u00f3 acuerdos.\" src=\"http:\/\/www.diarioimagen.net\/wp-content\/uploads\/2013\/10\/epn-2212-240x135.jpg\" width=\"240\" height=\"135\" srcset=\"https:\/\/www.diarioimagen.net\/wp-content\/uploads\/2013\/10\/epn-2212-240x135.jpg 240w, https:\/\/www.diarioimagen.net\/wp-content\/uploads\/2013\/10\/epn-2212-420x236.jpg 420w, https:\/\/www.diarioimagen.net\/wp-content\/uploads\/2013\/10\/epn-2212-235x132.jpg 235w, https:\/\/www.diarioimagen.net\/wp-content\/uploads\/2013\/10\/epn-2212-202x114.jpg 202w, https:\/\/www.diarioimagen.net\/wp-content\/uploads\/2013\/10\/epn-2212-350x196.jpg 350w, https:\/\/www.diarioimagen.net\/wp-content\/uploads\/2013\/10\/epn-2212-220x123.jpg 220w, https:\/\/www.diarioimagen.net\/wp-content\/uploads\/2013\/10\/epn-2212-237x132.jpg 237w, https:\/\/www.diarioimagen.net\/wp-content\/uploads\/2013\/10\/epn-2212.jpg 480w\" sizes=\"auto, (max-width: 240px) 100vw, 240px\" \/><\/a><p id=\"caption-attachment-151270\" class=\"wp-caption-text\">El presidente Enrique Pe\u00f1a Nieto recibi\u00f3 en Palacio Nacional al primer mandatario de Irlanda, Michael D. Higgins, con quien sostuvo conversaciones y firm\u00f3 acuerdos.<\/p><\/div>\n<p>El presidente Enrique Pe\u00f1a Nieto recibi\u00f3 ayer en el Palacio Nacional al mandatario de Irlanda, Michael D. Higgins, en el marco de la visita oficial que realiza a nuestro pa\u00eds. Ambos personajes dialogaron sobre la importancia de fortalecer la relaci\u00f3n en los \u00e1mbitos pol\u00edtico, econ\u00f3mico y multilateral, as\u00ed como de cooperaci\u00f3n en temas de ciencia, educaci\u00f3n, tecnolog\u00eda y cultura.<\/p>\n<p>Para ello, M\u00e9xico e Irlanda firmaron distintos acuerdos en materia aeroespacial, farmac\u00e9utica y educativa, entre otras, que tienen como objetivo impulsar los v\u00ednculos comerciales, acad\u00e9micos, cient\u00edficos y de inversi\u00f3n, as\u00ed como identificar oportunidades de cooperaci\u00f3n entre los sectores empresariales de ambos pa\u00edses.<\/p>\n<p>Pe\u00f1a Nieto afirm\u00f3 que un primer bloque de los acuerdos consiste en la Declaraci\u00f3n Conjunta firmada entre los gobiernos de Irlanda y de M\u00e9xico, \u201cpara que intensifiquemos la relaci\u00f3n, el comercio y la cooperaci\u00f3n que pueda haber entre los dos gobiernos\u201d, en el marco de los 40 a\u00f1os de relaci\u00f3n diplom\u00e1tica que se cumplir\u00e1n en el a\u00f1o 2015.<\/p>\n<p>La Declaraci\u00f3n Conjunta fue firmada por el secretario de Relaciones Exteriores de M\u00e9xico, Jos\u00e9 Antonio Meade, y por el ministro de Estado para Comercio y Desarrollo de Irlanda, Joe Costello.<\/p>\n<p>El segundo bloque de acuerdos signados, expres\u00f3 el mandatario de M\u00e9xico, \u201ces entre distintas empresas mexicanas e irlandesas, que tendr\u00e1n un mayor intercambio, mayor negocio, y que representan para empresas del pa\u00eds y de Irlanda la oportunidad de crecimiento, de expansi\u00f3n y sobre todo de contribuci\u00f3n a la generaci\u00f3n de empleo y de riqueza en nuestros pa\u00edses\u201d.<\/p>\n<p>Y un tercer bloque, continu\u00f3, es entre distintas instituciones de educaci\u00f3n de ambas naciones que permitir\u00e1, entre las instituciones firmantes, intensificar el intercambio acad\u00e9mico de Irlanda y de M\u00e9xico, adem\u00e1s de una mayor cooperaci\u00f3n para la ense\u00f1anza, y para compartir experiencias en varios \u00e1mbitos \u201cque nos permitan, como nos lo hemos propuesto, elevar la calidad de la educaci\u00f3n\u201d.<\/p>\n<p>El Ejecutivo federal destac\u00f3 que el modelo econ\u00f3mico del gobierno de M\u00e9xico es, al igual que el de Irlanda, \u201cuno en favor del libre mercado, con amplio sentido social\u201d.<\/p>\n<p>En un mensaje a los medios de comunicaci\u00f3n, Pe\u00f1a Nieto y Michael D. Higgins destacaron que M\u00e9xico se ha consolidado como el primer socio comercial de Irlanda en Am\u00e9rica Latina, y resaltaron el inter\u00e9s de las empresas irlandesas en nuestro pa\u00eds, raz\u00f3n por la que el presidente de ese pa\u00eds est\u00e1 acompa\u00f1ado de un importante grupo de inversionistas.<\/p>\n<p>El mandatario de Irlanda invit\u00f3 al Enrique Pe\u00f1a Nieto a visitar ese pa\u00eds en 2015, al conmemorarse 40 a\u00f1os del establecimiento de relaciones diplom\u00e1ticas.<\/p>\n<p>Posteriormente, durante la comida que en honor del presidente irland\u00e9s y su esposa, Sabina Higgins, ofrecieron a Pe\u00f1a Nieto y su esposa, Ang\u00e9lica Rivera, Michael D. Higgins expres\u00f3 que el Pacto por M\u00e9xico representa un mosaico de oportunidades para incrementar la colaboraci\u00f3n entre nuestros pa\u00edses.<\/p>\n<p>\u201cMe siento tan impresionado por la energ\u00eda y el dinamismo que uno puede sentir aqu\u00ed, en M\u00e9xico, y admiro al presidente Pe\u00f1a Nieto por sus planes ambiciosos para el desarrollo sustentable y la determinaci\u00f3n de entregar crecimiento positivo y econ\u00f3mico, a la vez que se prioriza tambi\u00e9n la inclusi\u00f3n social\u201d, a\u00f1adi\u00f3 el mandatario irland\u00e9s.<\/p>\n<p>Asimismo, Pe\u00f1a Nieto dio a conocer que le comparti\u00f3 al presidente irland\u00e9s \u201clos alcances que pretende tener una de las pol\u00edticas p\u00fablicas que desde el inicio de esta administraci\u00f3n llevamos a cabo: la lucha contra el hambre\u201d, mediante la Cruzada Nacional Contra el Hambre, que compromete los esfuerzos de todos los \u00f3rdenes de gobierno para reducir pobreza y combatir el hambre en un sector de los mexicanos que lamentablemente vive bajo esta condici\u00f3n.<\/p>\n<p>Adem\u00e1s, expres\u00f3 que los lazos hist\u00f3ricos y de amistad que unen a M\u00e9xico e Irlanda, son indisolubles.<\/p>\n<p>\u201cEstuvimos juntos en el pasado, y ahora en el presente tenemos la oportunidad de construir un futuro de mayor prosperidad compartida. Con su autoridad moral, usted, se\u00f1or Presidente, impulsa y promueve una econom\u00eda \u00e9tica basada en la solidaridad y la justicia, y ese tambi\u00e9n es nuestro objetivo y nuestro ideal\u201d.<\/p>\n<p align=\"center\"><b>LOS LAZOS ENTRE M\u00c9XICO E IRLANDA SE PROFUNDIZAN: MICHAEL D. HIGGINS<\/b><\/p>\n<p>Michael D. Higgins, consider\u00f3 que entre M\u00e9xico e Irlanda los lazos se est\u00e1n profundizando, y dijo que \u201cvan a contribuir a la creaci\u00f3n de empleos, colaboraci\u00f3n t\u00e9cnica y cient\u00edfica y prosperidad econ\u00f3mica\u201d.<\/p>\n<p>Destac\u00f3 que \u201cM\u00e9xico es crucial para nosotros como socio\u201d, y confi\u00f3 en que las instituciones de ambas naciones expandan y profundicen sus relaciones de intercambio y cooperaci\u00f3n.<\/p>\n<p>Tambi\u00e9n record\u00f3 que Irlanda ha tenido que enfrentarse a la recesi\u00f3n, pero precis\u00f3 que \u201cestamos trabajando arduamente para reactivar la econom\u00eda, y estamos volviendo a una fase de crecimiento inclusivo y sustentable\u201d.<\/p>\n<p>&nbsp;<\/p>\n","protected":false},"excerpt":{"rendered":"<p>El presidente Enrique Pe\u00f1a Nieto recibi\u00f3 ayer en el Palacio Nacional al mandatario de Irlanda, Michael D. Higgins, en el marco de la visita oficial que realiza a nuestro pa\u00eds. Ambos personajes dialogaron sobre la importancia de fortalecer la relaci\u00f3n en los \u00e1mbitos pol\u00edtico, econ\u00f3mico y multilateral, as\u00ed como de cooperaci\u00f3n en temas de ciencia, educaci\u00f3n, tecnolog\u00eda y cultura.<\/p>\n","protected":false},"author":3,"featured_media":151270,"comment_status":"open","ping_status":"open","sticky":false,"template":"","format":"standard","meta":{"_monsterinsights_skip_tracking":false,"_monsterinsights_sitenote_active":false,"_monsterinsights_sitenote_note":"","_monsterinsights_sitenote_category":0,"footnotes":""},"categories":[17,3],"tags":[18,5583,44,43673,373,15501],"class_list":["post-151247","post","type-post","status-publish","format-standard","has-post-thumbnail","hentry","category-especiales","category-nacional","tag-enrique-pena-nieto","tag-irlanda","tag-mexico","tag-nacional","tag-palacio-nacional","tag-visita"],"_links":{"self":[{"href":"https:\/\/www.diarioimagen.net\/index.php?rest_route=\/wp\/v2\/posts\/151247","targetHints":{"allow":["GET"]}}],"collection":[{"href":"https:\/\/www.diarioimagen.net\/index.php?rest_route=\/wp\/v2\/posts"}],"about":[{"href":"https:\/\/www.diarioimagen.net\/index.php?rest_route=\/wp\/v2\/types\/post"}],"author":[{"embeddable":true,"href":"https:\/\/www.diarioimagen.net\/index.php?rest_route=\/wp\/v2\/users\/3"}],"replies":[{"embeddable":true,"href":"https:\/\/www.diarioimagen.net\/index.php?rest_route=%2Fwp%2Fv2%2Fcomments&post=151247"}],"version-history":[{"count":0,"href":"https:\/\/www.diarioimagen.net\/index.php?rest_route=\/wp\/v2\/posts\/151247\/revisions"}],"wp:featuredmedia":[{"embeddable":true,"href":"https:\/\/www.diarioimagen.net\/index.php?rest_route=\/wp\/v2\/media\/151270"}],"wp:attachment":[{"href":"https:\/\/www.diarioimagen.net\/index.php?rest_route=%2Fwp%2Fv2%2Fmedia&parent=151247"}],"wp:term":[{"taxonomy":"category","embeddable":true,"href":"https:\/\/www.diarioimagen.net\/index.php?rest_route=%2Fwp%2Fv2%2Fcategories&post=151247"},{"taxonomy":"post_tag","embeddable":true,"href":"https:\/\/www.diarioimagen.net\/index.php?rest_route=%2Fwp%2Fv2%2Ftags&post=151247"}],"curies":[{"name":"wp","href":"https:\/\/api.w.org\/{rel}","templated":true}]}}