{"id":151335,"date":"2013-10-22T12:18:47","date_gmt":"2013-10-22T17:18:47","guid":{"rendered":"http:\/\/www.diarioimagen.net\/?p=151335"},"modified":"2013-10-23T06:12:15","modified_gmt":"2013-10-23T11:12:15","slug":"cnte-cambia-ruta-de-protesta-frente-a-edificio-del-inegi","status":"publish","type":"post","link":"https:\/\/www.diarioimagen.net\/?p=151335","title":{"rendered":"CNTE cambia ruta de protesta frente a edificio del Inegi"},"content":{"rendered":"<ul>\n<li><em><strong>Elementos de la SSPDF mantienen el resguardo sobre avenida Chapultepec y\u00a0 Balderas a la espera de los manifestantes<\/strong><\/em><\/li>\n<\/ul>\n<div id=\"attachment_151336\" style=\"width: 250px\" class=\"wp-caption alignleft\"><a href=\"http:\/\/www.diarioimagen.net\/wp-content\/uploads\/2013\/10\/CNTE-PORTAL2.jpg\"><img loading=\"lazy\" decoding=\"async\" aria-describedby=\"caption-attachment-151336\" class=\"size-medium wp-image-151336\" alt=\"Como alternativas viales, se recomienda la avenida Bucareli que llega hasta Chapultepec; asimismo, Ju\u00e1rez y Revillagigedo. Los automovilistas tambi\u00e9n pueden tomar la calle L\u00f3pez o Victoria para comunicarse con Izazaga. \" src=\"http:\/\/www.diarioimagen.net\/wp-content\/uploads\/2013\/10\/CNTE-PORTAL2-240x135.jpg\" width=\"240\" height=\"135\" srcset=\"https:\/\/www.diarioimagen.net\/wp-content\/uploads\/2013\/10\/CNTE-PORTAL2-240x135.jpg 240w, https:\/\/www.diarioimagen.net\/wp-content\/uploads\/2013\/10\/CNTE-PORTAL2-420x236.jpg 420w, https:\/\/www.diarioimagen.net\/wp-content\/uploads\/2013\/10\/CNTE-PORTAL2-235x132.jpg 235w, https:\/\/www.diarioimagen.net\/wp-content\/uploads\/2013\/10\/CNTE-PORTAL2-202x114.jpg 202w, https:\/\/www.diarioimagen.net\/wp-content\/uploads\/2013\/10\/CNTE-PORTAL2-350x196.jpg 350w, https:\/\/www.diarioimagen.net\/wp-content\/uploads\/2013\/10\/CNTE-PORTAL2-220x123.jpg 220w, https:\/\/www.diarioimagen.net\/wp-content\/uploads\/2013\/10\/CNTE-PORTAL2-237x132.jpg 237w, https:\/\/www.diarioimagen.net\/wp-content\/uploads\/2013\/10\/CNTE-PORTAL2.jpg 480w\" sizes=\"auto, (max-width: 240px) 100vw, 240px\" \/><\/a><p id=\"caption-attachment-151336\" class=\"wp-caption-text\">Como alternativas viales, se recomienda la avenida Bucareli que llega hasta Chapultepec; asimismo, Ju\u00e1rez y Revillagigedo. Los automovilistas tambi\u00e9n pueden tomar la calle L\u00f3pez o Victoria para comunicarse con Izazaga.<\/p><\/div>\n<p>Integrantes de la Coordinadora Nacional de Trabajadores de la Educaci\u00f3n (CNTE) se movilizar\u00e1n hacia el edificio del Instituto Nacional de Estad\u00edstica y Geograf\u00eda (Inegi), ubicado en la avenida Balderas.<\/p>\n<p>De acuerdo con la Secretar\u00eda de Seguridad P\u00fablica del Distrito Federal (SSPDF) los maestros que ten\u00edan previsto manifestarse frente a las televisoras, de \u00faltimo minuto cambiaron la ruta.<\/p>\n<p>El subsecretario de Tr\u00e1nsito, Gabriel Carre\u00f3n Garrido, inform\u00f3 que se tienen contabilizados tres mil 600 maestros, quienes prev\u00e9n iniciar su movilizaci\u00f3n a las 10:00 horas y concluir su protesta por la tarde.<\/p>\n<p>Ser\u00e1n 300 elementos de Tr\u00e1nsito y mil 500 de la Polic\u00eda de Proximidad, mantienen un cerco de seguridad sobre la avenida Chapultepec y el edificio del Inegi, ubicado en Balderas casi esquina con Victoria, en la colonia Centro.<\/p>\n<p>Asimismo, pueden ingresar tambi\u00e9n al Eje Central que estar\u00e1 libre, ya que s\u00f3lo se har\u00e1 un corte moment\u00e1neo en la avenida Paseo de la Reforma al poniente y al oriente para que pase el contingente que parte del Monumento a la Revoluci\u00f3n. Se incorporan a Ju\u00e1rez y toman Balderas hasta la calle Victoria.<\/p>\n","protected":false},"excerpt":{"rendered":"<p>Integrantes de la Coordinadora Nacional de Trabajadores de la Educaci\u00f3n (CNTE) se movilizar\u00e1n hacia el edificio del Instituto Nacional de Estad\u00edstica y Geograf\u00eda (Inegi), ubicado en la avenida Balderas.<\/p>\n","protected":false},"author":5,"featured_media":151336,"comment_status":"open","ping_status":"open","sticky":false,"template":"","format":"standard","meta":{"_monsterinsights_skip_tracking":false,"_monsterinsights_sitenote_active":false,"_monsterinsights_sitenote_note":"","_monsterinsights_sitenote_category":0,"footnotes":""},"categories":[6],"tags":[7473,193,1425],"class_list":["post-151335","post","type-post","status-publish","format-standard","has-post-thumbnail","hentry","category-cd-de-mexico","tag-cnte","tag-inegi","tag-sspdf"],"_links":{"self":[{"href":"https:\/\/www.diarioimagen.net\/index.php?rest_route=\/wp\/v2\/posts\/151335","targetHints":{"allow":["GET"]}}],"collection":[{"href":"https:\/\/www.diarioimagen.net\/index.php?rest_route=\/wp\/v2\/posts"}],"about":[{"href":"https:\/\/www.diarioimagen.net\/index.php?rest_route=\/wp\/v2\/types\/post"}],"author":[{"embeddable":true,"href":"https:\/\/www.diarioimagen.net\/index.php?rest_route=\/wp\/v2\/users\/5"}],"replies":[{"embeddable":true,"href":"https:\/\/www.diarioimagen.net\/index.php?rest_route=%2Fwp%2Fv2%2Fcomments&post=151335"}],"version-history":[{"count":0,"href":"https:\/\/www.diarioimagen.net\/index.php?rest_route=\/wp\/v2\/posts\/151335\/revisions"}],"wp:featuredmedia":[{"embeddable":true,"href":"https:\/\/www.diarioimagen.net\/index.php?rest_route=\/wp\/v2\/media\/151336"}],"wp:attachment":[{"href":"https:\/\/www.diarioimagen.net\/index.php?rest_route=%2Fwp%2Fv2%2Fmedia&parent=151335"}],"wp:term":[{"taxonomy":"category","embeddable":true,"href":"https:\/\/www.diarioimagen.net\/index.php?rest_route=%2Fwp%2Fv2%2Fcategories&post=151335"},{"taxonomy":"post_tag","embeddable":true,"href":"https:\/\/www.diarioimagen.net\/index.php?rest_route=%2Fwp%2Fv2%2Ftags&post=151335"}],"curies":[{"name":"wp","href":"https:\/\/api.w.org\/{rel}","templated":true}]}}