{"id":151344,"date":"2013-10-22T15:50:27","date_gmt":"2013-10-22T20:50:27","guid":{"rendered":"http:\/\/www.diarioimagen.net\/?p=151344"},"modified":"2013-10-23T06:12:25","modified_gmt":"2013-10-23T11:12:25","slug":"pareja-mexicana-viajaba-con-3-2-kilos-de-cocaina-a-madrid","status":"publish","type":"post","link":"https:\/\/www.diarioimagen.net\/?p=151344","title":{"rendered":"Pareja mexicana viajaba con 3.2 kilos de coca\u00edna a Madrid"},"content":{"rendered":"<div id=\"attachment_151345\" style=\"width: 250px\" class=\"wp-caption alignleft\"><a href=\"http:\/\/www.diarioimagen.net\/wp-content\/uploads\/2013\/10\/MADRID-PORTAL.jpg\"><img loading=\"lazy\" decoding=\"async\" aria-describedby=\"caption-attachment-151345\" class=\"size-medium wp-image-151345\" alt=\"Los agentes del Grupo de Estupefacientes detectaron que los arrestados llevaban &quot;tres ladrillos de coca\u00edna, de 3.235 gramos de peso en conjunto, envueltos en varios paquetes de s\u00e1banas sin estrenar&quot; en las dos maletas que hab\u00edan documentado desde el punto de origen del viaje.\" src=\"http:\/\/www.diarioimagen.net\/wp-content\/uploads\/2013\/10\/MADRID-PORTAL-240x135.jpg\" width=\"240\" height=\"135\" srcset=\"https:\/\/www.diarioimagen.net\/wp-content\/uploads\/2013\/10\/MADRID-PORTAL-240x135.jpg 240w, https:\/\/www.diarioimagen.net\/wp-content\/uploads\/2013\/10\/MADRID-PORTAL-420x236.jpg 420w, https:\/\/www.diarioimagen.net\/wp-content\/uploads\/2013\/10\/MADRID-PORTAL-235x132.jpg 235w, https:\/\/www.diarioimagen.net\/wp-content\/uploads\/2013\/10\/MADRID-PORTAL-202x114.jpg 202w, https:\/\/www.diarioimagen.net\/wp-content\/uploads\/2013\/10\/MADRID-PORTAL-350x196.jpg 350w, https:\/\/www.diarioimagen.net\/wp-content\/uploads\/2013\/10\/MADRID-PORTAL-220x123.jpg 220w, https:\/\/www.diarioimagen.net\/wp-content\/uploads\/2013\/10\/MADRID-PORTAL-237x132.jpg 237w, https:\/\/www.diarioimagen.net\/wp-content\/uploads\/2013\/10\/MADRID-PORTAL.jpg 480w\" sizes=\"auto, (max-width: 240px) 100vw, 240px\" \/><\/a><p id=\"caption-attachment-151345\" class=\"wp-caption-text\">Los agentes del Grupo de Estupefacientes detectaron que los arrestados llevaban \u00abtres ladrillos de coca\u00edna, de 3.235 gramos de peso en conjunto, envueltos en varios paquetes de s\u00e1banas sin estrenar\u00bb en las dos maletas que hab\u00edan documentado desde el punto de origen del viaje.<\/p><\/div>\n<p>Una pareja de mexicanos que pretend\u00eda introducir en Espa\u00f1a 3.2 kilos de coca\u00edna en varios paquetes escondidos entre las s\u00e1banas que llevaban en sus maletas, fueron detenidos en el aeropuerto de Barajas, en Madrid, Espa\u00f1a.<\/p>\n<p>La Polic\u00eda espa\u00f1ola identific\u00f3 a los detenidos como Diana Isela L.C., y Eduardo P.L., de 20 a\u00f1os, quienes llegaron a Madrid el lunes en un vuelo procedente de la Ciudad de M\u00e9xico.<\/p>\n<p>Los agentes del Grupo de Estupefacientes detectaron que los arrestados llevaban \u00abtres ladrillos de coca\u00edna, de 3.235 gramos de peso en conjunto, envueltos en varios paquetes de s\u00e1banas sin estrenar\u00bb en las dos maletas que hab\u00edan documentado desde el punto de origen del viaje.<\/p>\n","protected":false},"excerpt":{"rendered":"<p>Una pareja de mexicanos que pretend\u00eda introducir en Espa\u00f1a 3.2 kilos de coca\u00edna en varios paquetes escondidos entre las s\u00e1banas que llevaban en sus maletas, fueron detenidos en el aeropuerto de Barajas, en Madrid, Espa\u00f1a.<\/p>\n","protected":false},"author":5,"featured_media":151345,"comment_status":"open","ping_status":"open","sticky":false,"template":"","format":"standard","meta":{"_monsterinsights_skip_tracking":false,"_monsterinsights_sitenote_active":false,"_monsterinsights_sitenote_note":"","_monsterinsights_sitenote_category":0,"footnotes":""},"categories":[7],"tags":[1130,2659,6190],"class_list":["post-151344","post","type-post","status-publish","format-standard","has-post-thumbnail","hentry","category-seguridad","tag-cocaina","tag-madrid","tag-mexicana"],"_links":{"self":[{"href":"https:\/\/www.diarioimagen.net\/index.php?rest_route=\/wp\/v2\/posts\/151344","targetHints":{"allow":["GET"]}}],"collection":[{"href":"https:\/\/www.diarioimagen.net\/index.php?rest_route=\/wp\/v2\/posts"}],"about":[{"href":"https:\/\/www.diarioimagen.net\/index.php?rest_route=\/wp\/v2\/types\/post"}],"author":[{"embeddable":true,"href":"https:\/\/www.diarioimagen.net\/index.php?rest_route=\/wp\/v2\/users\/5"}],"replies":[{"embeddable":true,"href":"https:\/\/www.diarioimagen.net\/index.php?rest_route=%2Fwp%2Fv2%2Fcomments&post=151344"}],"version-history":[{"count":0,"href":"https:\/\/www.diarioimagen.net\/index.php?rest_route=\/wp\/v2\/posts\/151344\/revisions"}],"wp:featuredmedia":[{"embeddable":true,"href":"https:\/\/www.diarioimagen.net\/index.php?rest_route=\/wp\/v2\/media\/151345"}],"wp:attachment":[{"href":"https:\/\/www.diarioimagen.net\/index.php?rest_route=%2Fwp%2Fv2%2Fmedia&parent=151344"}],"wp:term":[{"taxonomy":"category","embeddable":true,"href":"https:\/\/www.diarioimagen.net\/index.php?rest_route=%2Fwp%2Fv2%2Fcategories&post=151344"},{"taxonomy":"post_tag","embeddable":true,"href":"https:\/\/www.diarioimagen.net\/index.php?rest_route=%2Fwp%2Fv2%2Ftags&post=151344"}],"curies":[{"name":"wp","href":"https:\/\/api.w.org\/{rel}","templated":true}]}}