{"id":151351,"date":"2013-10-23T00:03:09","date_gmt":"2013-10-23T05:03:09","guid":{"rendered":"http:\/\/www.diarioimagen.net\/?p=151351"},"modified":"2013-10-25T05:23:28","modified_gmt":"2013-10-25T10:23:28","slug":"preven-que-raymond-se-degrade-a-tormenta-tropical","status":"publish","type":"post","link":"https:\/\/www.diarioimagen.net\/?p=151351","title":{"rendered":"Prev\u00e9n que <i>Raymond<\/i> se degrade a tormenta tropical"},"content":{"rendered":"<ul>\n<li><em><strong>De todos modos producir\u00e1 lluvias torrenciales; hubiese sido \u201cdevastador\u201d de haber tocado tierra<\/strong><\/em><\/li>\n<\/ul>\n<div id=\"attachment_151427\" style=\"width: 250px\" class=\"wp-caption alignleft\"><a href=\"http:\/\/www.diarioimagen.net\/wp-content\/uploads\/2013\/10\/raymond-2213.jpg\"><img loading=\"lazy\" decoding=\"async\" aria-describedby=\"caption-attachment-151427\" class=\"size-medium wp-image-151427\" alt=\"Pese a la degradaci\u00f3n de la tormenta tropical Raymond, llovi\u00f3 durante todo el d\u00eda en Acapulco y la mayor parte de Guerrero y Oaxaca; se contin\u00faa ayudando a personas que desean llegar a los albergues.\" src=\"http:\/\/www.diarioimagen.net\/wp-content\/uploads\/2013\/10\/raymond-2213-240x135.jpg\" width=\"240\" height=\"135\" srcset=\"https:\/\/www.diarioimagen.net\/wp-content\/uploads\/2013\/10\/raymond-2213-240x135.jpg 240w, https:\/\/www.diarioimagen.net\/wp-content\/uploads\/2013\/10\/raymond-2213-420x236.jpg 420w, https:\/\/www.diarioimagen.net\/wp-content\/uploads\/2013\/10\/raymond-2213-235x132.jpg 235w, https:\/\/www.diarioimagen.net\/wp-content\/uploads\/2013\/10\/raymond-2213-202x114.jpg 202w, https:\/\/www.diarioimagen.net\/wp-content\/uploads\/2013\/10\/raymond-2213-350x196.jpg 350w, https:\/\/www.diarioimagen.net\/wp-content\/uploads\/2013\/10\/raymond-2213-220x123.jpg 220w, https:\/\/www.diarioimagen.net\/wp-content\/uploads\/2013\/10\/raymond-2213-237x132.jpg 237w, https:\/\/www.diarioimagen.net\/wp-content\/uploads\/2013\/10\/raymond-2213.jpg 480w\" sizes=\"auto, (max-width: 240px) 100vw, 240px\" \/><\/a><p id=\"caption-attachment-151427\" class=\"wp-caption-text\">Pese a la degradaci\u00f3n de la tormenta tropical Raymond, llovi\u00f3 durante todo el d\u00eda en Acapulco y la mayor parte de Guerrero y Oaxaca; se contin\u00faa ayudando a personas que desean llegar a los albergues.<\/p><\/div>\n<p>El Sistema Nacional de Protecci\u00f3n Civil inform\u00f3 que el hurac\u00e1n <i>Raymond<\/i>, categor\u00eda 1, no ha dejado de debilitarse y previ\u00f3 que durante la madrugada de este mi\u00e9rcoles podr\u00eda degradarse a tormenta tropical. Sin embargo, advirti\u00f3 que el fen\u00f3meno producir\u00e1 a\u00fan lluvias de intensas a torrenciales en Guerrero y Michoac\u00e1n.<\/p>\n<p>\u201cSe prev\u00e9 que este sistema mantenga un lento desplazamiento movi\u00e9ndose err\u00e1ticamente y se mantenga peligrosamente cercano a las zonas costeras de Guerrero y Michoac\u00e1n\u201d, dijo el organismo al mantener la alerta roja en fase de acercamiento para los municipios guerrerenses de La Uni\u00f3n, Zihuatanejo de Azueta, Petatl\u00e1n y Tecpan de Galeana, as\u00ed como para las alcald\u00edas michoacanas de L\u00e1zaro C\u00e1rdenas y Arteaga.<\/p>\n<p>Adem\u00e1s de que el hurac\u00e1n ocasionar\u00e1 oleaje de 3 a 5 metros de altura en costas y zonas mar\u00edtimas de Guerrero y Michoac\u00e1n, por lo que recomend\u00f3 mantener suspendidas todas las actividades de costa y playa.<\/p>\n<p>El Sinaproc inform\u00f3 que el centro y sur de Guerrero y Michoac\u00e1n se encuentran en alerta naranja, mientras que el resto de ambos estados, as\u00ed como el centro y sur de Jalisco y todo Colima tienen alerta amarilla. La alerta verde permanece en el resto de Jalisco y todo Nayarit, y la azul en las Islas Mar\u00edas.<\/p>\n<p>Tambi\u00e9n el Servicio Meteorol\u00f3gico Nacional (SMN) emiti\u00f3 un bolet\u00edn vespertino en el que ubic\u00f3 a <i>Raymond<\/i> en forma estacionaria a 160 kil\u00f3metros al sur de Zihuatanejo, Guerrero, y a 185 kil\u00f3metros al sur-sureste de L\u00e1zaro C\u00e1rdenas, Michoc\u00e1n.<\/p>\n<p>\u201cLas densas bandas nubosas de este sistema contin\u00faan cubriendo los estados de Guerrero, Michoac\u00e1n, Colima y gran parte de Jalisco, manteniendo efectos de tiempo severo, adem\u00e1s de oleaje y vientos sobre costas e interior de los estados del pac\u00edfico central y sur mexicano\u201d, explic\u00f3.<\/p>\n<p>Ayer al mediod\u00eda el hurac\u00e1n <i>Raymond<\/i> hab\u00eda bajado a categor\u00eda 1 ubic\u00e1ndose a 155 kil\u00f3metros al sur de Zihuatanejo, Guerrero. A trav\u00e9s de su cuenta de Twitter, @conagua_clima, la dependencia federal inform\u00f3 que alrededor de las 13:00 se present\u00f3 el cambio en el fen\u00f3meno meteorol\u00f3gico.<\/p>\n<p>Se esperaba que durante las siguientes horas mantuviera movimiento lento y err\u00e1tico, pudi\u00e9ndose acercar m\u00e1s a la costa de Guerrero, por lo que se pide a la poblaci\u00f3n continuar alerta.<\/p>\n<p>Lo que hubo fue lluvia en gran parte del pa\u00eds, sobre todo en Guerrero y Michoac\u00e1n, y luego en Chiapas, Veracruz, Hidalgo, San Luis Potos\u00ed, Oaxaca, Tabasco y Puebla, Guanajuato, Estado de M\u00e9xico, Morelos, Campeche, Quintana Roo, Yucat\u00e1n, Distrito Federal, Quer\u00e9taro, Nayarit, Aguascalientes, Zacatecas, Nuevo Le\u00f3n y Tamaulipas.<\/p>\n<p>Por la ma\u00f1ana, el director de la Comisi\u00f3n Nacional del Agua, David Korenfeld, hab\u00eda advertido que los efectos del hurac\u00e1n <i>Raymond<\/i> ser\u00edan devastadores si es que llegaba a tierras mexicanas. Dijo que el hurac\u00e1n no ten\u00eda comparaci\u00f3n con otros fen\u00f3menos como <i>Manuel<\/i>, aunque confi\u00f3 en que continuar\u00eda semiestacionario y que desviar\u00eda su ruta antes de ma\u00f1ana. Advirti\u00f3: \u201cEste hurac\u00e1n tiene dos vertientes, si se logra abrir y no logra ingresar las bandas nubosas como lo hizo <i>Manuel<\/i>, tendr\u00e1 efectos muy menores, pero en el caso de que se acerque a territorio nacional y tenga efectos de viento, marea y agua, estar\u00edamos en presencia de una cosa que no tiene comparaci\u00f3n\u201d.<b><\/b><\/p>\n<p>&nbsp;<\/p>\n","protected":false},"excerpt":{"rendered":"<p>El Sistema Nacional de Protecci\u00f3n Civil inform\u00f3 que el hurac\u00e1n Raymond, categor\u00eda 1, no ha dejado de debilitarse y previ\u00f3 que durante la madrugada de este mi\u00e9rcoles podr\u00eda degradarse a tormenta tropical. Sin embargo, advirti\u00f3 que el fen\u00f3meno producir\u00e1 a\u00fan lluvias de intensas a torrenciales en Guerrero y Michoac\u00e1n.<\/p>\n","protected":false},"author":5,"featured_media":151427,"comment_status":"open","ping_status":"open","sticky":false,"template":"","format":"standard","meta":{"_monsterinsights_skip_tracking":false,"_monsterinsights_sitenote_active":false,"_monsterinsights_sitenote_note":"","_monsterinsights_sitenote_category":0,"footnotes":""},"categories":[17,3],"tags":[43673,57,28712],"class_list":["post-151351","post","type-post","status-publish","format-standard","has-post-thumbnail","hentry","category-especiales","category-nacional","tag-nacional","tag-proteccion-civil","tag-tormenta-tropical"],"_links":{"self":[{"href":"https:\/\/www.diarioimagen.net\/index.php?rest_route=\/wp\/v2\/posts\/151351","targetHints":{"allow":["GET"]}}],"collection":[{"href":"https:\/\/www.diarioimagen.net\/index.php?rest_route=\/wp\/v2\/posts"}],"about":[{"href":"https:\/\/www.diarioimagen.net\/index.php?rest_route=\/wp\/v2\/types\/post"}],"author":[{"embeddable":true,"href":"https:\/\/www.diarioimagen.net\/index.php?rest_route=\/wp\/v2\/users\/5"}],"replies":[{"embeddable":true,"href":"https:\/\/www.diarioimagen.net\/index.php?rest_route=%2Fwp%2Fv2%2Fcomments&post=151351"}],"version-history":[{"count":0,"href":"https:\/\/www.diarioimagen.net\/index.php?rest_route=\/wp\/v2\/posts\/151351\/revisions"}],"wp:featuredmedia":[{"embeddable":true,"href":"https:\/\/www.diarioimagen.net\/index.php?rest_route=\/wp\/v2\/media\/151427"}],"wp:attachment":[{"href":"https:\/\/www.diarioimagen.net\/index.php?rest_route=%2Fwp%2Fv2%2Fmedia&parent=151351"}],"wp:term":[{"taxonomy":"category","embeddable":true,"href":"https:\/\/www.diarioimagen.net\/index.php?rest_route=%2Fwp%2Fv2%2Fcategories&post=151351"},{"taxonomy":"post_tag","embeddable":true,"href":"https:\/\/www.diarioimagen.net\/index.php?rest_route=%2Fwp%2Fv2%2Ftags&post=151351"}],"curies":[{"name":"wp","href":"https:\/\/api.w.org\/{rel}","templated":true}]}}