{"id":151354,"date":"2013-10-22T20:24:36","date_gmt":"2013-10-23T01:24:36","guid":{"rendered":"http:\/\/www.diarioimagen.net\/?p=151354"},"modified":"2013-10-23T06:12:34","modified_gmt":"2013-10-23T11:12:34","slug":"habra-fuerte-debate-en-senado-por-el-paquete-hacendario","status":"publish","type":"post","link":"https:\/\/www.diarioimagen.net\/?p=151354","title":{"rendered":"Habr\u00e1 fuerte debate en Senado por el paquete hacendario"},"content":{"rendered":"<ul>\n<li><em><strong>Ebrard pide que se rechace; PAN trabaja para descartar algunos grav\u00e1menes<\/strong><\/em><\/li>\n<\/ul>\n<div id=\"attachment_151355\" style=\"width: 250px\" class=\"wp-caption alignleft\"><a href=\"http:\/\/www.diarioimagen.net\/wp-content\/uploads\/2013\/10\/senado-portal.jpg\"><img loading=\"lazy\" decoding=\"async\" aria-describedby=\"caption-attachment-151355\" class=\"size-medium wp-image-151355\" alt=\"Gamboa Patr\u00f3n indic\u00f3 que \u201cal final somos 128 senadores, y en democracia ganan las mayor\u00edas&quot;, por lo que hace asegur\u00f3 que habr\u00e1 reforma hacendaria en tiempo y forma.\" src=\"http:\/\/www.diarioimagen.net\/wp-content\/uploads\/2013\/10\/senado-portal-240x135.jpg\" width=\"240\" height=\"135\" srcset=\"https:\/\/www.diarioimagen.net\/wp-content\/uploads\/2013\/10\/senado-portal-240x135.jpg 240w, https:\/\/www.diarioimagen.net\/wp-content\/uploads\/2013\/10\/senado-portal-420x236.jpg 420w, https:\/\/www.diarioimagen.net\/wp-content\/uploads\/2013\/10\/senado-portal-235x132.jpg 235w, https:\/\/www.diarioimagen.net\/wp-content\/uploads\/2013\/10\/senado-portal-202x114.jpg 202w, https:\/\/www.diarioimagen.net\/wp-content\/uploads\/2013\/10\/senado-portal-350x196.jpg 350w, https:\/\/www.diarioimagen.net\/wp-content\/uploads\/2013\/10\/senado-portal-220x123.jpg 220w, https:\/\/www.diarioimagen.net\/wp-content\/uploads\/2013\/10\/senado-portal-237x132.jpg 237w, https:\/\/www.diarioimagen.net\/wp-content\/uploads\/2013\/10\/senado-portal.jpg 480w\" sizes=\"auto, (max-width: 240px) 100vw, 240px\" \/><\/a><p id=\"caption-attachment-151355\" class=\"wp-caption-text\">Gamboa Patr\u00f3n indic\u00f3 que \u201cal final somos 128 senadores, y en democracia ganan las mayor\u00edas\u00bb, por lo que hace asegur\u00f3 que habr\u00e1 reforma hacendaria en tiempo y forma.<\/p><\/div>\n<p>Emilio Gamboa anticip\u00f3 que los senadores del PRI van a sacar adelante todo lo ya aprobado por los diputados en materia de reforma hacendaria y la Ley de Ingresos 2014. En cambio, Jorge Luis Preciado, coordinador de la bancada panista, se\u00f1al\u00f3 que se trabaja con los otros partidos -\u00abincluyendo a algunos priistas\u00bb- para evitar que algunos grav\u00e1menes lesionen el empleo, la planta productiva y el futuro econ\u00f3mico nacional.<\/p>\n<p>Esos fueron los posicionamientos previos a la discusi\u00f3n de estos temas en el seno de la Comisi\u00f3n de Hacienda en el Senado. Gamboa Patr\u00f3n indic\u00f3 que \u201cal final somos 128 senadores, y en democracia ganan las mayor\u00edas\u00bb, por lo que hace asegur\u00f3 que habr\u00e1 reforma hacendaria en tiempo y forma.<\/p>\n<p>Al panista Preciado se le pregunt\u00f3 si le preocupaba un posible mayoriteo, a lo que contest\u00f3: \u00abpues si eso hacen, ni modo, pero el pueblo sabr\u00e1\u00a0 qui\u00e9nes son los responsables de que haya un mayor da\u00f1o a la econom\u00eda de sus bolsillos\u00bb.<\/p>\n","protected":false},"excerpt":{"rendered":"<p>Emilio Gamboa anticip\u00f3 que los senadores del PRI van a sacar adelante todo lo ya aprobado por los diputados en materia de reforma hacendaria y la Ley de Ingresos 2014. En cambio, Jorge Luis Preciado, coordinador de la bancada panista, se\u00f1al\u00f3 que se trabaja con los otros partidos -\u00abincluyendo a algunos priistas\u00bb- para evitar que algunos grav\u00e1menes lesionen el empleo, la planta productiva y el futuro econ\u00f3mico nacional.<\/p>\n","protected":false},"author":5,"featured_media":151355,"comment_status":"open","ping_status":"open","sticky":false,"template":"","format":"standard","meta":{"_monsterinsights_skip_tracking":false,"_monsterinsights_sitenote_active":false,"_monsterinsights_sitenote_note":"","_monsterinsights_sitenote_category":0,"footnotes":""},"categories":[17,3],"tags":[1409],"class_list":["post-151354","post","type-post","status-publish","format-standard","has-post-thumbnail","hentry","category-especiales","category-nacional","tag-senado"],"_links":{"self":[{"href":"https:\/\/www.diarioimagen.net\/index.php?rest_route=\/wp\/v2\/posts\/151354","targetHints":{"allow":["GET"]}}],"collection":[{"href":"https:\/\/www.diarioimagen.net\/index.php?rest_route=\/wp\/v2\/posts"}],"about":[{"href":"https:\/\/www.diarioimagen.net\/index.php?rest_route=\/wp\/v2\/types\/post"}],"author":[{"embeddable":true,"href":"https:\/\/www.diarioimagen.net\/index.php?rest_route=\/wp\/v2\/users\/5"}],"replies":[{"embeddable":true,"href":"https:\/\/www.diarioimagen.net\/index.php?rest_route=%2Fwp%2Fv2%2Fcomments&post=151354"}],"version-history":[{"count":0,"href":"https:\/\/www.diarioimagen.net\/index.php?rest_route=\/wp\/v2\/posts\/151354\/revisions"}],"wp:featuredmedia":[{"embeddable":true,"href":"https:\/\/www.diarioimagen.net\/index.php?rest_route=\/wp\/v2\/media\/151355"}],"wp:attachment":[{"href":"https:\/\/www.diarioimagen.net\/index.php?rest_route=%2Fwp%2Fv2%2Fmedia&parent=151354"}],"wp:term":[{"taxonomy":"category","embeddable":true,"href":"https:\/\/www.diarioimagen.net\/index.php?rest_route=%2Fwp%2Fv2%2Fcategories&post=151354"},{"taxonomy":"post_tag","embeddable":true,"href":"https:\/\/www.diarioimagen.net\/index.php?rest_route=%2Fwp%2Fv2%2Ftags&post=151354"}],"curies":[{"name":"wp","href":"https:\/\/api.w.org\/{rel}","templated":true}]}}