{"id":151361,"date":"2013-10-23T00:06:30","date_gmt":"2013-10-23T05:06:30","guid":{"rendered":"http:\/\/www.diarioimagen.net\/?p=151361"},"modified":"2013-10-25T05:23:44","modified_gmt":"2013-10-25T10:23:44","slug":"el-edomex-preparado-para-lluvias-y-temporada-invernal","status":"publish","type":"post","link":"https:\/\/www.diarioimagen.net\/?p=151361","title":{"rendered":"El Edomex, preparado para lluvias y temporada invernal"},"content":{"rendered":"<ul>\n<li><strong><em>El gobernador destaca el trabajo realizado por Protecci\u00f3n Civil en la limpieza de las redes hidr\u00e1ulicas, cauces y\u00a0 barrancas<\/em><\/strong><\/li>\n<\/ul>\n<div id=\"attachment_151405\" style=\"width: 250px\" class=\"wp-caption alignleft\"><a href=\"http:\/\/www.diarioimagen.net\/wp-content\/uploads\/2013\/10\/eruviel-2213.jpg\"><img loading=\"lazy\" decoding=\"async\" aria-describedby=\"caption-attachment-151405\" class=\"size-medium wp-image-151405\" alt=\"El gobernador Eruviel \u00c1vila Villegas asegur\u00f3 que el gobierno del Estado de M\u00e9xico se encuentra preparado para enfrentar cualquier contingencia ocasionada por las lluvias generadas por el hurac\u00e1n Raymond,\" src=\"http:\/\/www.diarioimagen.net\/wp-content\/uploads\/2013\/10\/eruviel-2213-240x135.jpg\" width=\"240\" height=\"135\" srcset=\"https:\/\/www.diarioimagen.net\/wp-content\/uploads\/2013\/10\/eruviel-2213-240x135.jpg 240w, https:\/\/www.diarioimagen.net\/wp-content\/uploads\/2013\/10\/eruviel-2213-420x236.jpg 420w, https:\/\/www.diarioimagen.net\/wp-content\/uploads\/2013\/10\/eruviel-2213-235x132.jpg 235w, https:\/\/www.diarioimagen.net\/wp-content\/uploads\/2013\/10\/eruviel-2213-202x114.jpg 202w, https:\/\/www.diarioimagen.net\/wp-content\/uploads\/2013\/10\/eruviel-2213-350x196.jpg 350w, https:\/\/www.diarioimagen.net\/wp-content\/uploads\/2013\/10\/eruviel-2213-220x123.jpg 220w, https:\/\/www.diarioimagen.net\/wp-content\/uploads\/2013\/10\/eruviel-2213-237x132.jpg 237w, https:\/\/www.diarioimagen.net\/wp-content\/uploads\/2013\/10\/eruviel-2213.jpg 480w\" sizes=\"auto, (max-width: 240px) 100vw, 240px\" \/><\/a><p id=\"caption-attachment-151405\" class=\"wp-caption-text\">El gobernador Eruviel \u00c1vila Villegas asegur\u00f3 que el gobierno del Estado de M\u00e9xico se encuentra preparado para enfrentar cualquier contingencia ocasionada por las lluvias generadas por el hurac\u00e1n <em>Raymond<\/em>,<\/p><\/div>\n<p><strong>Almoloya de Alquisiras, Estado de M\u00e9xico<\/strong>.- El gobernador Eruviel \u00c1vila Villegas\u00a0 asegur\u00f3 que el gobierno del Estado de M\u00e9xico se encuentra preparado para enfrentar cualquier contingencia ocasionada por las lluvias generadas ante la presencia del hurac\u00e1n<i> Raymond<\/i>, adem\u00e1s de que la pr\u00f3xima semana quedar\u00e1 integrado el gabinete especializado para afrontar la temporada invernal 2013-2014, con el objetivo de fortalecer las acciones preventivas, as\u00ed como las estrategias para atender las regiones m\u00e1s propensas a registrar bajas temperaturas.<\/p>\n<p>En el marco de la entrega de apoyos sociales incluidos en las Acciones para la Mujer, el gobernador destac\u00f3 el trabajo que se realiz\u00f3 de manera preventiva ante la temporada de lluvias, tanto en la labor del \u00e1rea de Protecci\u00f3n Civil estatal, como con la limpieza de 3 mil 200 kil\u00f3metros de redes h\u00eddricas en todo el estado, as\u00ed como 65 kil\u00f3metros de cauces y barrancas.<\/p>\n<p>Adem\u00e1s, debido a la presencia del hurac\u00e1n<i> Raymond<\/i>, los integrantes del Grupo Tl\u00e1loc monitorean peri\u00f3dicamente los puntos proclives a sufrir inundaciones, e inform\u00f3 que se puso en marcha el protocolo de operaci\u00f3n conjunta para la temporada de lluvias, en coordinaci\u00f3n con la federaci\u00f3n, el gobierno del Distrito Federal y los municipios mexiquenses.<\/p>\n<p>Esto, indic\u00f3 Eruviel \u00c1vila, ha permitido que hasta el momento este fen\u00f3meno natural no ha causado problemas en la entidad, y que incluso el Estado de M\u00e9xico podr\u00eda apoyar a entidades vecinas como Guerrero y Michoac\u00e1n, en la atenci\u00f3n de\u00a0 posibles contingencias.<\/p>\n<p>Por otro lado, al referirse a la pr\u00f3xima temporada invernal explic\u00f3 que se integrar\u00e1 un gabinete especializado para centrar su atenci\u00f3n en las regiones donde se presentan las temperaturas m\u00e1s bajas de la entidad, como los municipios de Zinacantepec, Tenango del Valle, Toluca, Ocoyoacac, Almoloya de Ju\u00e1rez, Amecameca, Ecatzingo, Ixtapaluca y Tlalmanalco.<\/p>\n<p>Precis\u00f3 que una de las funciones\u00a0 de este gabinete ser\u00e1 definir con anticipaci\u00f3n las estrategias\u00a0 mediante las que ser\u00e1n atendidas las situaciones que se presenten en este periodo, adem\u00e1s de recomendar a la poblaci\u00f3n tomar las medidas necesarias para evitar enfermedades respiratorias.<\/p>\n<p>Acompa\u00f1ado por el alcalde\u00a0 de este municipio, Artemio G\u00f3mez Cruz, el gobernador anunci\u00f3 que para evitar enfermedades respiratorias entre los mexiquenses, la Secretar\u00eda de Salud aplicar\u00e1 4.3 millones de\u00a0 vacunas contra la influenza a menores de cinco a\u00f1os, adultos mayores de 60 a\u00f1os, mujeres embarazadas y personas con VIH, y tambi\u00e9n se aplicar\u00e1n 250 mil dosis de vacunas de neumococo.<\/p>\n","protected":false},"excerpt":{"rendered":"<p>El gobernador Eruviel \u00c1vila Villegas  asegur\u00f3 que el gobierno del Estado de M\u00e9xico se encuentra preparado para enfrentar cualquier contingencia ocasionada por las lluvias generadas ante la presencia del hurac\u00e1n Raymond, adem\u00e1s de que la pr\u00f3xima semana quedar\u00e1 integrado el gabinete especializado para afrontar la temporada invernal 2013-2014, con el objetivo de fortalecer las acciones preventivas, as\u00ed como las estrategias para atender las regiones m\u00e1s propensas a registrar bajas temperaturas.<\/p>\n","protected":false},"author":3,"featured_media":151405,"comment_status":"open","ping_status":"open","sticky":false,"template":"","format":"standard","meta":{"_monsterinsights_skip_tracking":false,"_monsterinsights_sitenote_active":false,"_monsterinsights_sitenote_note":"","_monsterinsights_sitenote_category":0,"footnotes":""},"categories":[17,5],"tags":[5828,43675,25836],"class_list":["post-151361","post","type-post","status-publish","format-standard","has-post-thumbnail","hentry","category-especiales","category-estado-de-mexico","tag-eruviel-avila-villegas","tag-estado-de-mexico","tag-temporada-invernal"],"_links":{"self":[{"href":"https:\/\/www.diarioimagen.net\/index.php?rest_route=\/wp\/v2\/posts\/151361","targetHints":{"allow":["GET"]}}],"collection":[{"href":"https:\/\/www.diarioimagen.net\/index.php?rest_route=\/wp\/v2\/posts"}],"about":[{"href":"https:\/\/www.diarioimagen.net\/index.php?rest_route=\/wp\/v2\/types\/post"}],"author":[{"embeddable":true,"href":"https:\/\/www.diarioimagen.net\/index.php?rest_route=\/wp\/v2\/users\/3"}],"replies":[{"embeddable":true,"href":"https:\/\/www.diarioimagen.net\/index.php?rest_route=%2Fwp%2Fv2%2Fcomments&post=151361"}],"version-history":[{"count":0,"href":"https:\/\/www.diarioimagen.net\/index.php?rest_route=\/wp\/v2\/posts\/151361\/revisions"}],"wp:featuredmedia":[{"embeddable":true,"href":"https:\/\/www.diarioimagen.net\/index.php?rest_route=\/wp\/v2\/media\/151405"}],"wp:attachment":[{"href":"https:\/\/www.diarioimagen.net\/index.php?rest_route=%2Fwp%2Fv2%2Fmedia&parent=151361"}],"wp:term":[{"taxonomy":"category","embeddable":true,"href":"https:\/\/www.diarioimagen.net\/index.php?rest_route=%2Fwp%2Fv2%2Fcategories&post=151361"},{"taxonomy":"post_tag","embeddable":true,"href":"https:\/\/www.diarioimagen.net\/index.php?rest_route=%2Fwp%2Fv2%2Ftags&post=151361"}],"curies":[{"name":"wp","href":"https:\/\/api.w.org\/{rel}","templated":true}]}}