{"id":151376,"date":"2013-10-23T00:09:18","date_gmt":"2013-10-23T05:09:18","guid":{"rendered":"http:\/\/www.diarioimagen.net\/?p=151376"},"modified":"2013-10-23T04:36:54","modified_gmt":"2013-10-23T09:36:54","slug":"df-con-cualidades-para-ser-ciudad-del-aprendizaje","status":"publish","type":"post","link":"https:\/\/www.diarioimagen.net\/?p=151376","title":{"rendered":"DF, con cualidades para ser Ciudad del Aprendizaje"},"content":{"rendered":"<ul>\n<li><strong><em>La titular de Educaci\u00f3n capitalina, Mara Robles Villase\u00f1or, present\u00f3 en Beijing, China, resultados de un estudio que lo acredita<\/em><\/strong><\/li>\n<\/ul>\n<div id=\"attachment_151424\" style=\"width: 250px\" class=\"wp-caption alignleft\"><a href=\"http:\/\/www.diarioimagen.net\/wp-content\/uploads\/2013\/10\/Mara-2213.jpg\"><img loading=\"lazy\" decoding=\"async\" aria-describedby=\"caption-attachment-151424\" class=\"size-medium wp-image-151424\" alt=\"Mara Robles Villase\u00f1or, secretaria de Educaci\u00f3n del gobierno del Distrito Federal.\" src=\"http:\/\/www.diarioimagen.net\/wp-content\/uploads\/2013\/10\/Mara-2213-240x135.jpg\" width=\"240\" height=\"135\" srcset=\"https:\/\/www.diarioimagen.net\/wp-content\/uploads\/2013\/10\/Mara-2213-240x135.jpg 240w, https:\/\/www.diarioimagen.net\/wp-content\/uploads\/2013\/10\/Mara-2213-420x236.jpg 420w, https:\/\/www.diarioimagen.net\/wp-content\/uploads\/2013\/10\/Mara-2213-235x132.jpg 235w, https:\/\/www.diarioimagen.net\/wp-content\/uploads\/2013\/10\/Mara-2213-202x114.jpg 202w, https:\/\/www.diarioimagen.net\/wp-content\/uploads\/2013\/10\/Mara-2213-350x196.jpg 350w, https:\/\/www.diarioimagen.net\/wp-content\/uploads\/2013\/10\/Mara-2213-220x123.jpg 220w, https:\/\/www.diarioimagen.net\/wp-content\/uploads\/2013\/10\/Mara-2213-237x132.jpg 237w, https:\/\/www.diarioimagen.net\/wp-content\/uploads\/2013\/10\/Mara-2213.jpg 480w\" sizes=\"auto, (max-width: 240px) 100vw, 240px\" \/><\/a><p id=\"caption-attachment-151424\" class=\"wp-caption-text\">Mara Robles Villase\u00f1or, secretaria de Educaci\u00f3n del gobierno del Distrito Federal.<\/p><\/div>\n<p>La secretaria de Educaci\u00f3n del Distrito Federal, Mara Robles Villase\u00f1or, consider\u00f3 que la ciudad de M\u00e9xico tiene enormes oportunidades para avanzar en su consolidaci\u00f3n como Ciudad del Aprendizaje.<\/p>\n<p>Durante la Conferencia Internacional sobre Ciudades del Aprendizaje que se desarrolla en Beijing, China, la funcionaria, quien fue nombrada vicepresidenta de ese mecanismo, present\u00f3 los resultados del estudio realizado en el Distrito Federal en los \u00faltimos seis meses.<\/p>\n<p>Robles Villase\u00f1or explic\u00f3 que la Ciudad del Aprendizaje es aquella que ofrece educaci\u00f3n a sus ciudadanos m\u00e1s all\u00e1 de las aulas y a lo largo de toda su vida, de acuerdo con la Organizaci\u00f3n de las Naciones Unidas para la Educaci\u00f3n, la Ciencia y la Cultura (UNESCO).<\/p>\n<p>Al presentar los resultados de una investigaci\u00f3n con la UNESCO para determinar las caracter\u00edsticas que deben reunir las metr\u00f3polis que quieran ser consideradas en ese rango, indic\u00f3 que la capital del pa\u00eds se ha posicionado como una urbe de vanguardia en diversos \u00e1mbitos.<\/p>\n<p>\u201cLa ciudad de M\u00e9xico tiene hoy enormes oportunidades de avanzar en su consolidaci\u00f3n como Ciudad del Aprendizaje debido a la combinaci\u00f3n de diferentes factores: nivel educativo, experiencia de gobierno, transformaci\u00f3n del espacio p\u00fablico, dinamismo social y pol\u00edtico, emergencia de nuevos actores y grandes acervos y confluencias culturales tangibles e intangibles\u201d, manifest\u00f3.<\/p>\n<p>Abund\u00f3 que se ha avanzado en materia de conectividad a internet y en el equipamiento de herramientas digitales en las escuelas del nivel b\u00e1sico y en el Sistema de Transporte Colectivo (STC) Metro, pues 61 por ciento de ciudadanos cuentan con acceso a Internet en casa o espacios p\u00fablicos compartidos.<\/p>\n<p>De igual manera, en el impulso de programas para el uso masivo de bicicletas como medio de transporte, la expansi\u00f3n del transporte p\u00fablico no contaminante y la clasificaci\u00f3n de basura org\u00e1nica e inorg\u00e1nica a gran escala.<\/p>\n<p>En su participaci\u00f3n, la funcionaria destac\u00f3 que para ser una Ciudad del Aprendizaje tambi\u00e9n es necesario impulsar instalaciones educativas que formen p\u00fablicos, fomentar visitas a bibliotecas y museos, as\u00ed como realizar intercambios estudiantiles internacionales.<\/p>\n<p>&nbsp;<\/p>\n","protected":false},"excerpt":{"rendered":"<p>La secretaria de Educaci\u00f3n del Distrito Federal, Mara Robles Villase\u00f1or, consider\u00f3 que la ciudad de M\u00e9xico tiene enormes oportunidades para avanzar en su consolidaci\u00f3n como Ciudad del Aprendizaje.<\/p>\n","protected":false},"author":3,"featured_media":151424,"comment_status":"open","ping_status":"open","sticky":false,"template":"","format":"standard","meta":{"_monsterinsights_skip_tracking":false,"_monsterinsights_sitenote_active":false,"_monsterinsights_sitenote_note":"","_monsterinsights_sitenote_category":0,"footnotes":""},"categories":[6],"tags":[204,384,39],"class_list":["post-151376","post","type-post","status-publish","format-standard","has-post-thumbnail","hentry","category-cd-de-mexico","tag-ciudad-de-mexico","tag-df","tag-distrito-federal"],"_links":{"self":[{"href":"https:\/\/www.diarioimagen.net\/index.php?rest_route=\/wp\/v2\/posts\/151376","targetHints":{"allow":["GET"]}}],"collection":[{"href":"https:\/\/www.diarioimagen.net\/index.php?rest_route=\/wp\/v2\/posts"}],"about":[{"href":"https:\/\/www.diarioimagen.net\/index.php?rest_route=\/wp\/v2\/types\/post"}],"author":[{"embeddable":true,"href":"https:\/\/www.diarioimagen.net\/index.php?rest_route=\/wp\/v2\/users\/3"}],"replies":[{"embeddable":true,"href":"https:\/\/www.diarioimagen.net\/index.php?rest_route=%2Fwp%2Fv2%2Fcomments&post=151376"}],"version-history":[{"count":0,"href":"https:\/\/www.diarioimagen.net\/index.php?rest_route=\/wp\/v2\/posts\/151376\/revisions"}],"wp:featuredmedia":[{"embeddable":true,"href":"https:\/\/www.diarioimagen.net\/index.php?rest_route=\/wp\/v2\/media\/151424"}],"wp:attachment":[{"href":"https:\/\/www.diarioimagen.net\/index.php?rest_route=%2Fwp%2Fv2%2Fmedia&parent=151376"}],"wp:term":[{"taxonomy":"category","embeddable":true,"href":"https:\/\/www.diarioimagen.net\/index.php?rest_route=%2Fwp%2Fv2%2Fcategories&post=151376"},{"taxonomy":"post_tag","embeddable":true,"href":"https:\/\/www.diarioimagen.net\/index.php?rest_route=%2Fwp%2Fv2%2Ftags&post=151376"}],"curies":[{"name":"wp","href":"https:\/\/api.w.org\/{rel}","templated":true}]}}