{"id":151398,"date":"2013-10-23T00:05:43","date_gmt":"2013-10-23T05:05:43","guid":{"rendered":"http:\/\/www.diarioimagen.net\/?p=151398"},"modified":"2013-10-25T05:23:40","modified_gmt":"2013-10-25T10:23:40","slug":"crecimiento-frenado-por-el-entorno-mundial-pena-nieto","status":"publish","type":"post","link":"https:\/\/www.diarioimagen.net\/?p=151398","title":{"rendered":"Crecimiento, frenado por el entorno mundial: Pe\u00f1a Nieto"},"content":{"rendered":"<ul>\n<li><strong><em>El Presidente asegura que su gobierno no se ha apartado de la ruta trazada al inicio de su administraci\u00f3n<\/em><\/strong><\/li>\n<\/ul>\n<div id=\"attachment_151411\" style=\"width: 250px\" class=\"wp-caption alignleft\"><a href=\"http:\/\/www.diarioimagen.net\/wp-content\/uploads\/2013\/10\/epn-2213.jpg\"><img loading=\"lazy\" decoding=\"async\" aria-describedby=\"caption-attachment-151411\" class=\"size-medium wp-image-151411\" alt=\"El presidente Enrique Pe\u00f1a Nieto hizo una recapitulaci\u00f3n ante empresarios y l\u00edderes pol\u00edticos, de los avances en cuanto a reformas estructurales, en la Cumbre de Negocios Business Summit, que se celebra en Guadalajara.\" src=\"http:\/\/www.diarioimagen.net\/wp-content\/uploads\/2013\/10\/epn-2213-240x135.jpg\" width=\"240\" height=\"135\" srcset=\"https:\/\/www.diarioimagen.net\/wp-content\/uploads\/2013\/10\/epn-2213-240x135.jpg 240w, https:\/\/www.diarioimagen.net\/wp-content\/uploads\/2013\/10\/epn-2213-420x236.jpg 420w, https:\/\/www.diarioimagen.net\/wp-content\/uploads\/2013\/10\/epn-2213-235x132.jpg 235w, https:\/\/www.diarioimagen.net\/wp-content\/uploads\/2013\/10\/epn-2213-202x114.jpg 202w, https:\/\/www.diarioimagen.net\/wp-content\/uploads\/2013\/10\/epn-2213-350x196.jpg 350w, https:\/\/www.diarioimagen.net\/wp-content\/uploads\/2013\/10\/epn-2213-220x123.jpg 220w, https:\/\/www.diarioimagen.net\/wp-content\/uploads\/2013\/10\/epn-2213-237x132.jpg 237w, https:\/\/www.diarioimagen.net\/wp-content\/uploads\/2013\/10\/epn-2213.jpg 480w\" sizes=\"auto, (max-width: 240px) 100vw, 240px\" \/><\/a><p id=\"caption-attachment-151411\" class=\"wp-caption-text\">El presidente Enrique Pe\u00f1a Nieto hizo una recapitulaci\u00f3n ante empresarios y l\u00edderes pol\u00edticos, de los avances en cuanto a reformas estructurales, en la Cumbre de Negocios Business Summit, que se celebra en Guadalajara.<\/p><\/div>\n<p><strong>Guadalajara, Jalisco<\/strong>.- Al participar en la 11\u00aa Edici\u00f3n de M\u00e9xico Cumbre de Negocios Business Summit, el presidente Enrique Pe\u00f1a Nieto, afirm\u00f3 que \u201c\u00e9ste ha sido el a\u00f1o de colocar los cimientos para impulsar el desa\u00adrrollo del pa\u00eds\u201d.<\/p>\n<p>Ante empresarios y l\u00edderes pol\u00edticos nacionales y extranjeros, el mandatario hizo un recuento de lo que su gobierno ha venido realizando en este primer a\u00f1o de gesti\u00f3n, y subray\u00f3 que de materializarse todas las reformas que se han propuesto \u201cestoy seguro que los cimientos que estaremos logrando ser\u00e1n muy firmes y s\u00f3lidos, y permitir\u00e1n que M\u00e9xico tenga mayor crecimiento econ\u00f3mico y mayor desarrollo social\u201d.<\/p>\n<p>Enfatiz\u00f3: \u201ceste gobierno no se ha apartado un \u00e1pice de la ruta que nos trazamos al inicio de la administraci\u00f3n\u201d, e insisti\u00f3 en que \u201cllegamos para hacer transformaci\u00f3n y hacer un ajuste y un cambio, no a administrar la inercia\u201d.<\/p>\n<p>El primer mandatario record\u00f3 que el compromiso que hizo frente a los mexicanos \u201cfue impulsar un cambio y una transformaci\u00f3n para M\u00e9xico por la v\u00eda del orden, de la institucionalidad, del respeto al estado de Derecho que ha costado muchos a\u00f1os ir construyendo en nuestro pa\u00eds\u201d.<\/p>\n<p>Adem\u00e1s, se manifest\u00f3 convencido de que todas las fuerzas pol\u00edticas del pa\u00eds, m\u00e1s all\u00e1 de sus naturales diferencias, desean que a M\u00e9xico le vaya bien.<\/p>\n<p>Resalt\u00f3 que bajo \u00f3pticas distintas \u201cestamos llegando a acuerdos, a lo mejor no a un consenso un\u00e1nime, pero s\u00ed a uno mayoritario, por el alcance que est\u00e1n teniendo las reformas y por lo que queremos que tengan las que a\u00fan est\u00e1n por ser debatidas, y eventualmente aprobadas\u201d.<\/p>\n<p>Mencion\u00f3 que \u201ctodo cambio, todo ajuste, toda transformaci\u00f3n enfrenta resistencias, y soy el primero en reconocer y en asumir que M\u00e9xico necesitaba hacer estos ajustes, estas transformaciones y modificar su andamiaje jur\u00eddico\u201d.<\/p>\n<p>\u201cNo hemos venido trabajando para estar bien en las encuestas, ni bien medidos en la popularidad\u201d, precis\u00f3.<\/p>\n<p>Tambi\u00e9n dijo que M\u00e9xico ten\u00eda que transformarse \u201cy ten\u00eda que cambiar los modelos que hab\u00edan impulsado el desarrollo en el pasado, pero que ya estaban agotados\u201d. Una f\u00f3rmula que ha funcionado en el mundo entero, continu\u00f3, es la de crecer econ\u00f3micamente, porque ello \u201csignifica generar desarrollo, progreso, equidad para la poblaci\u00f3n, y darle sustentabilidad y oportunidad de desarrollo promisorio a la ciudadan\u00eda\u201d.<\/p>\n<p>El Ejecutivo federal apunt\u00f3 que el 1 de diciembre de 2012, al asumir la Presidencia de la Rep\u00fablica, se\u00f1al\u00f3 claramente que su prop\u00f3sito era impulsar una agenda de transformaci\u00f3n para el pa\u00eds. \u201cAfortunadamente encontramos tambi\u00e9n un espacio \u00f3ptimo e id\u00f3neo para hacerlo: signamos al d\u00eda siguiente, porque lo ven\u00edamos trabajando en d\u00edas previos, el Pacto por M\u00e9xico, que fue este espacio de di\u00e1logo, de concertaci\u00f3n, de acuerdo entre las principales y distintas fuerzas pol\u00edticas del pa\u00eds y el gobierno de la Rep\u00fablica\u201d.<\/p>\n<p>En ese marco, a\u00f1adi\u00f3, era importante acreditar que en la democracia que M\u00e9xico ha construido, \u201cen este ambiente de pluralidad y diversidad ideol\u00f3gica y pol\u00edtica, s\u00ed era posible alcanzar los acuerdos necesarios para impulsar cambio y desarrollo para el pa\u00eds, y eso fue justamente lo que hicimos en el Pacto por M\u00e9xico\u201d.<\/p>\n<p>Agreg\u00f3 que este a\u00f1o se han logrado consensos que tambi\u00e9n han facilitado el acuerdo en el Congreso. Precis\u00f3 que el Pacto por M\u00e9xico nunca ha pretendido ser sustitutivo de las facultades y atribuciones que tiene el Congreso, pues \u201ces ah\u00ed donde se da el mayor debate, y es ah\u00ed donde se vota favorable o desfavorablemente cualquier iniciativa; s\u00f3lo ah\u00ed puede ocurrir\u201d.<\/p>\n<p>El Presidente de la Rep\u00fablica dijo que este a\u00f1o se impuls\u00f3 la reforma educativa, que adem\u00e1s de ampliar la cobertura pretende incrementar la calidad de la educaci\u00f3n en el pa\u00eds.<\/p>\n<p>Tambi\u00e9n se alcanz\u00f3 el consenso para las reformas en materia de Telecomunicaciones y de Competencia Econ\u00f3mica, que buscan, la primera, \u201campliar la competencia en este sector, evitar los monopolios, abrirnos a una mayor competencia para ofrecer a la poblaci\u00f3n m\u00e1s y mejores servicios en este \u00e1mbito\u201d; y la segunda, \u201cpermitir\u00e1 combatir pr\u00e1cticas monop\u00f3licas y ser m\u00e1s competitivos\u201d.<\/p>\n<p>Mencion\u00f3 adem\u00e1s la reforma financiera, \u201cun gran esfuerzo de modificar 30 ordenamientos legales para posibilitar algo muy importante, una palanca fundamental para el desarrollo: el cr\u00e9dito\u201d.<\/p>\n<p>Por otra parte, la reforma hacendaria, que m\u00e1s que imponer nuevos impuestos, busca \u201ccerrar los huecos, los subterfugios legales que permit\u00edan que algunos contribuyentes evitaran el pago correspondiente de sus contribuciones; cerramos huecos, cerramos privilegios\u201d.<\/p>\n<p>Se refiri\u00f3 tambi\u00e9n a la reforma energ\u00e9tica, que \u201ctoca, sin duda, un tema sensible dentro de la cultura pol\u00edtica y social de los mexicanos, porque pr\u00e1cticamente se gener\u00f3 un mito en torno al recurso que es de todos los mexicanos: el petr\u00f3leo y la riqueza energ\u00e9tica del pa\u00eds\u201d.<\/p>\n<p>Reiter\u00f3 que el Estado mexicano seguir\u00e1 siendo propietario del petr\u00f3leo, de los hidrocarburos y de la riqueza energ\u00e9tica.<\/p>\n<p>\u201cPero esto no ri\u00f1e y no le impide al Estado encontrar modalidades, hoy probadas en el mundo entero. S\u00f3lo M\u00e9xico se ha rezagado en su legislaci\u00f3n en esta materia para explotar ampliamente, y de manera m\u00e1s eficaz, sus recursos energ\u00e9ticos en beneficio de los mexicanos\u201d, concluy\u00f3.<\/p>\n<p>&nbsp;<\/p>\n","protected":false},"excerpt":{"rendered":"<p>Al participar en la 11\u00aa Edici\u00f3n de M\u00e9xico Cumbre de Negocios Business Summit, el presidente Enrique Pe\u00f1a Nieto, afirm\u00f3 que \u201c\u00e9ste ha sido el a\u00f1o de colocar los cimientos para impulsar el desa\u00adrrollo del pa\u00eds\u201d.<\/p>\n","protected":false},"author":3,"featured_media":151411,"comment_status":"open","ping_status":"open","sticky":false,"template":"","format":"standard","meta":{"_monsterinsights_skip_tracking":false,"_monsterinsights_sitenote_active":false,"_monsterinsights_sitenote_note":"","_monsterinsights_sitenote_category":0,"footnotes":""},"categories":[17,3],"tags":[18,2821,43],"class_list":["post-151398","post","type-post","status-publish","format-standard","has-post-thumbnail","hentry","category-especiales","category-nacional","tag-enrique-pena-nieto","tag-guadalajara","tag-jalisco"],"_links":{"self":[{"href":"https:\/\/www.diarioimagen.net\/index.php?rest_route=\/wp\/v2\/posts\/151398","targetHints":{"allow":["GET"]}}],"collection":[{"href":"https:\/\/www.diarioimagen.net\/index.php?rest_route=\/wp\/v2\/posts"}],"about":[{"href":"https:\/\/www.diarioimagen.net\/index.php?rest_route=\/wp\/v2\/types\/post"}],"author":[{"embeddable":true,"href":"https:\/\/www.diarioimagen.net\/index.php?rest_route=\/wp\/v2\/users\/3"}],"replies":[{"embeddable":true,"href":"https:\/\/www.diarioimagen.net\/index.php?rest_route=%2Fwp%2Fv2%2Fcomments&post=151398"}],"version-history":[{"count":0,"href":"https:\/\/www.diarioimagen.net\/index.php?rest_route=\/wp\/v2\/posts\/151398\/revisions"}],"wp:featuredmedia":[{"embeddable":true,"href":"https:\/\/www.diarioimagen.net\/index.php?rest_route=\/wp\/v2\/media\/151411"}],"wp:attachment":[{"href":"https:\/\/www.diarioimagen.net\/index.php?rest_route=%2Fwp%2Fv2%2Fmedia&parent=151398"}],"wp:term":[{"taxonomy":"category","embeddable":true,"href":"https:\/\/www.diarioimagen.net\/index.php?rest_route=%2Fwp%2Fv2%2Fcategories&post=151398"},{"taxonomy":"post_tag","embeddable":true,"href":"https:\/\/www.diarioimagen.net\/index.php?rest_route=%2Fwp%2Fv2%2Ftags&post=151398"}],"curies":[{"name":"wp","href":"https:\/\/api.w.org\/{rel}","templated":true}]}}