{"id":151486,"date":"2013-10-24T00:03:35","date_gmt":"2013-10-24T05:03:35","guid":{"rendered":"http:\/\/www.diarioimagen.net\/?p=151486"},"modified":"2013-10-25T05:26:19","modified_gmt":"2013-10-25T10:26:19","slug":"raymundo-se-alejo-de-costas-mexicanas","status":"publish","type":"post","link":"https:\/\/www.diarioimagen.net\/?p=151486","title":{"rendered":"<i>Raymond<\/i> se aleja de costas mexicanas"},"content":{"rendered":"<ul>\n<li><em><strong>Nuevo sistema de baja presi\u00f3n en la Sonda de Campeche tiene 10% de probabilidad de ser cicl\u00f3n<\/strong><\/em><\/li>\n<\/ul>\n<div id=\"attachment_151487\" style=\"width: 250px\" class=\"wp-caption alignleft\"><a href=\"http:\/\/www.diarioimagen.net\/wp-content\/uploads\/2013\/10\/LLUVIAS-PORTAL1.jpg\"><img loading=\"lazy\" decoding=\"async\" aria-describedby=\"caption-attachment-151487\" class=\"size-medium wp-image-151487 \" alt=\"Indic\u00f3 que permanec\u00edan mil 500 personas refugiadas en albergues temporales, y que en el transcurso de las horas siguientes podr\u00edan regresar a sus hogares. \" src=\"http:\/\/www.diarioimagen.net\/wp-content\/uploads\/2013\/10\/LLUVIAS-PORTAL1-240x135.jpg\" width=\"240\" height=\"135\" srcset=\"https:\/\/www.diarioimagen.net\/wp-content\/uploads\/2013\/10\/LLUVIAS-PORTAL1-240x135.jpg 240w, https:\/\/www.diarioimagen.net\/wp-content\/uploads\/2013\/10\/LLUVIAS-PORTAL1-420x236.jpg 420w, https:\/\/www.diarioimagen.net\/wp-content\/uploads\/2013\/10\/LLUVIAS-PORTAL1-235x132.jpg 235w, https:\/\/www.diarioimagen.net\/wp-content\/uploads\/2013\/10\/LLUVIAS-PORTAL1-202x114.jpg 202w, https:\/\/www.diarioimagen.net\/wp-content\/uploads\/2013\/10\/LLUVIAS-PORTAL1-350x196.jpg 350w, https:\/\/www.diarioimagen.net\/wp-content\/uploads\/2013\/10\/LLUVIAS-PORTAL1-220x123.jpg 220w, https:\/\/www.diarioimagen.net\/wp-content\/uploads\/2013\/10\/LLUVIAS-PORTAL1-237x132.jpg 237w, https:\/\/www.diarioimagen.net\/wp-content\/uploads\/2013\/10\/LLUVIAS-PORTAL1.jpg 480w\" sizes=\"auto, (max-width: 240px) 100vw, 240px\" \/><\/a><p id=\"caption-attachment-151487\" class=\"wp-caption-text\">Finalmente, la gran amenaza de las costas del Pac\u00edfico se difumin\u00f3, pero dej\u00f3 una estela de lluvias en todo el litoral.<\/p><\/div>\n<p><i>Raymond<\/i> se alej\u00f3 de costas mexicanas, con una trayectoria hacia el oeste-suroeste y una velocidad de 13 kil\u00f3metros por hora. Al mediod\u00eda de ayer se ubicaba ya a 320 kil\u00f3metros de L\u00e1zaro C\u00e1rdenas, Michoac\u00e1n, y a 325 kil\u00f3metros de Zihuatanejo, Guerrero.<\/p>\n<p>Una vez que el hurac\u00e1n <i>Raymond<\/i> se alej\u00f3 de la Costa Grande y se degrad\u00f3 a tormenta tropical, Protecci\u00f3n Civil determin\u00f3 levantar la alerta para toda la entidad y normaliz\u00f3 las actividades en el estado de Guerrero. No obstante, se manten\u00eda una zona de vigilancia por efectos de lluvias intensas a muy fuertes en Guerrero, Michoac\u00e1n, Colima y Jalisco.<\/p>\n<p>El gobernador \u00c1ngel Aguirre Rivero, inform\u00f3 que se presentaron desalojos en la comunidad de San Vicente, del municipio de Chilpancingo, y la comunidad serrana de Pie de la Cuesta, en Atoyac de \u00c1lvarez, donde elementos del Ej\u00e9rcito mexicano, Marina y Protecci\u00f3n Civil realizaron la acci\u00f3n para evitar poner en riesgo la integridad de los habitantes.<\/p>\n<p>Indic\u00f3 que permanec\u00edan mil 500 personas refugiadas en albergues temporales, y que en el transcurso de las horas siguientes podr\u00edan regresar a sus hogares. \u201cQuiero confirmar -dijo- que las actividades en el estado est\u00e1n normalizadas, y se est\u00e1n desarrollando de manera tranquila en cada uno de los \u00e1mbitos como el educativo y laboral\u201d.<\/p>\n<p>Subray\u00f3: \u201cEn tanto, que Acapulco, Ixtapa y todos los destinos (tur\u00edsticos) est\u00e1n listos para seguir recibiendo a los visitantes\u201d.<\/p>\n<p>Mientras, en la Sonda de Campeche se form\u00f3 un sistema de baja presi\u00f3n que presenta 10% de probabilidades de evolucionar a cicl\u00f3n tropical.<\/p>\n<p>El frente fr\u00edo n\u00famero 8 se ubicaba en la costa norte de Veracruz, y su masa de aire fr\u00edo cubr\u00eda el noreste del pa\u00eds, lo que originaba descensos de temperatura en el norte, el noreste y centro de M\u00e9xico, incluyendo Tamaulipas y Veracruz, adem\u00e1s de vientos fuertes en la zona costera y mar\u00edtima de ambas entidades, extendi\u00e9ndose al Istmo y Golfo de Tehuantepec en el Pac\u00edfico.<\/p>\n<p>Por la interacci\u00f3n de estos fen\u00f3menos, se pronosticaban lluvias intensas en Veracruz, Oaxaca, Chiapas y Tabasco. Muy fuertes en Campeche, Yucat\u00e1n, San Luis Potos\u00ed, Colima, Jalisco, Morelos, Puebla e Hidalgo; fuertes en el Estado de M\u00e9xico, Distrito Federal, Guanajuato, Tamaulipas, Nuevo Le\u00f3n, Tlaxcala y Quintana Roo; y lluvias moderadas en Nayarit, Zacatecas y Aguascalientes.<\/p>\n<p>La Comisi\u00f3n Nacional del Agua exhort\u00f3 a la poblaci\u00f3n a mantenerse informada de las condiciones clim\u00e1ticas en la p\u00e1gina de Internet www.conagua.gob.mx, en la cuenta de Twitter @conagua_clima y en caso de emergencia llamar a la Coordinaci\u00f3n General de Protecci\u00f3n Civil al 088.<\/p>\n","protected":false},"excerpt":{"rendered":"<p><i>Raymond<\/i> se alej\u00f3 de costas mexicanas, con una trayectoria hacia el oeste-suroeste y una velocidad de 13 kil\u00f3metros por hora. Al mediod\u00eda de ayer se ubicaba ya a 320 kil\u00f3metros de L\u00e1zaro C\u00e1rdenas, Michoac\u00e1n, y a 325 kil\u00f3metros de Zihuatanejo, Guerrero.<\/p>\n","protected":false},"author":5,"featured_media":151487,"comment_status":"open","ping_status":"open","sticky":false,"template":"","format":"standard","meta":{"_monsterinsights_skip_tracking":false,"_monsterinsights_sitenote_active":false,"_monsterinsights_sitenote_note":"","_monsterinsights_sitenote_category":0,"footnotes":""},"categories":[17,3],"tags":[7419,3244,2880,803],"class_list":["post-151486","post","type-post","status-publish","format-standard","has-post-thumbnail","hentry","category-especiales","category-nacional","tag-campeche","tag-guerrero","tag-lazaro-cardenas","tag-michoacan"],"_links":{"self":[{"href":"https:\/\/www.diarioimagen.net\/index.php?rest_route=\/wp\/v2\/posts\/151486","targetHints":{"allow":["GET"]}}],"collection":[{"href":"https:\/\/www.diarioimagen.net\/index.php?rest_route=\/wp\/v2\/posts"}],"about":[{"href":"https:\/\/www.diarioimagen.net\/index.php?rest_route=\/wp\/v2\/types\/post"}],"author":[{"embeddable":true,"href":"https:\/\/www.diarioimagen.net\/index.php?rest_route=\/wp\/v2\/users\/5"}],"replies":[{"embeddable":true,"href":"https:\/\/www.diarioimagen.net\/index.php?rest_route=%2Fwp%2Fv2%2Fcomments&post=151486"}],"version-history":[{"count":0,"href":"https:\/\/www.diarioimagen.net\/index.php?rest_route=\/wp\/v2\/posts\/151486\/revisions"}],"wp:featuredmedia":[{"embeddable":true,"href":"https:\/\/www.diarioimagen.net\/index.php?rest_route=\/wp\/v2\/media\/151487"}],"wp:attachment":[{"href":"https:\/\/www.diarioimagen.net\/index.php?rest_route=%2Fwp%2Fv2%2Fmedia&parent=151486"}],"wp:term":[{"taxonomy":"category","embeddable":true,"href":"https:\/\/www.diarioimagen.net\/index.php?rest_route=%2Fwp%2Fv2%2Fcategories&post=151486"},{"taxonomy":"post_tag","embeddable":true,"href":"https:\/\/www.diarioimagen.net\/index.php?rest_route=%2Fwp%2Fv2%2Ftags&post=151486"}],"curies":[{"name":"wp","href":"https:\/\/api.w.org\/{rel}","templated":true}]}}