{"id":151500,"date":"2013-10-24T00:05:09","date_gmt":"2013-10-24T05:05:09","guid":{"rendered":"http:\/\/www.diarioimagen.net\/?p=151500"},"modified":"2013-10-25T03:45:03","modified_gmt":"2013-10-25T08:45:03","slug":"encrucijada-michoacana","status":"publish","type":"post","link":"https:\/\/www.diarioimagen.net\/?p=151500","title":{"rendered":"Encrucijada michoacana"},"content":{"rendered":"<h2>De frente y de perfil<\/h2>\n<h5>Ram\u00f3n Zurita Sahag\u00fan<\/h5>\n<p><span><br \/>\nSon muchos los que se cuestionan sobre la salud de Fausto Vallejo Figueroa y si efectivamente se encuentra apto para gobernar Michoac\u00e1n.<\/span><\/p>\n<p>El cuatro veces alcalde de Morelia anhel\u00f3 siempre gobernar el estado y cuando se le present\u00f3 la oportunidad de ser candidato y ganar los comicios en forma impecable, se le dispararon todos los males que le aquejaban. Solamente fue que tomara posesi\u00f3n como gobernador, para que las enfermedades hicieran crisis.<\/p>\n<p>Primero se someti\u00f3 a estudios y an\u00e1lisis, sin solicitar licencia, despu\u00e9s tuvo que hacerlo ante la magnitud de sus males, regres\u00f3 unos d\u00edas y nuevamente solicit\u00f3 una licencia m\u00e1s amplia ante el Congreso del estado.<\/p>\n<p>Durante el tiempo en que estuvo al frente de la administraci\u00f3n, antes de ausentarse de ella, Fausto no pudo consolidar un buen gobierno. La situaci\u00f3n de la violencia se dispar\u00f3, los grupos pri\u00edstas disputaban los cargos p\u00fablicos, luego de dos sexenios ausentes de los mismos.<\/p>\n<p>Incluso dentro de su equipo se generaron conflictos y grillas internas. Jes\u00fas Reyna Garc\u00eda, designado secretario de Gobierno, hab\u00eda pretendido competir por segunda ocasi\u00f3n por el gobierno estatal, donde ya hab\u00eda sido derrotado.<\/p>\n<p>Finalmente, Reyna Garc\u00eda se abstuvo de contender y estableci\u00f3 alianza con Fausto, lo que deriv\u00f3 en la cesi\u00f3n de la Secretar\u00eda de Gobierno y otros cargos menores para sus seguidores. Sin embargo, en la mente del Secretario de Gobierno se mantuvo latente la idea de ser el hombre del poder, conociendo los males que aquejaban y aquejan a Vallejo Figueroa.<\/p>\n<p>Las licencias de Fausto permitieron a Reyna Garc\u00eda operar desde un gobierno interino y consigui\u00f3 buenos resultados, ya que logr\u00f3 la intervenci\u00f3n del gobierno federal, para bajar los \u00edndices de violencia.<\/p>\n<p>Reyna buscaba de esa forma mostrar sus dotes de gobernante y frenar un eventual regreso de Vallejo Figueroa. Fausto anunci\u00f3 su retorno al gobierno del estado y mencion\u00f3 que entre sus planes se encontraban que Reyna Garc\u00eda continuara operando como secretario de Gobierno, aunque el rompimiento entre ambos era sumamente\u00a0\u00a0\u00a0 conocido.<\/p>\n<p>Con lo que no contaba Fausto es que su retorno fuese postergado y no resuelto de inmediato, con todo y que constitucionalmente \u00e9l se encontraba en tiempo y forma para pedirlo. Ahora con el retorno de Vallejo Figueroa como gobernante, los diputados piden que no procedan m\u00e1s interinatos y le pidieron a Fausto dar certidumbre de su salud.<\/p>\n<p>Sin embargo, el pleno del Congreso decidi\u00f3 aceptar la petici\u00f3n del gobernador electo en las urnas en noviembre del 2011.<\/p>\n<p>Ahora corresponde a Fausto realizar un gobierno adecuado y encabezar una administraci\u00f3n estatal exitosa, despu\u00e9s de tantos jaloneos, para mostrar que su vuelta al gobierno del estado fue con el prop\u00f3sito de atender los compromisos hechos a la ciudadan\u00eda durante la etapa electoral y mostrar que no hubo equivocaci\u00f3n de los ciudadanos al expresar el voto en las urnas en su favor.<\/p>\n<p>Michoac\u00e1n es una entidad en la que cost\u00f3 bastante trabajo al PRI regresar a gobernar el estado, ya que la entidad se convulsion\u00f3 por el mal trato por parte de la federaci\u00f3n, los cambios constantes de gobernantes y el nacimiento de la nueva corriente cardenista, encabezada por Cuauht\u00e9moc C\u00e1rdenas Sol\u00f3rzano.<\/p>\n<p>De esa forma el PRD consigui\u00f3 derrotar al PRI en dos elecciones consecutivas en que L\u00e1zaro C\u00e1rdenas Batel y Leonel Godoy Rangel lograron gobiernos consecutivos.<\/p>\n<p>El pobre papel desarrollado por el segundo de ellos, el incremento de la violencia y la presencia de los grupos delincuenciales propiciaron la derrota de su candidato Silvano Aureoles, el que fue enviado hasta el tercer lugar en la contienda de noviembre pasado, donde se intent\u00f3 cargar los dados a favor de la hoy senadora panista y entonces candidata de ese partido al gobierno estatal, Luisa Mar\u00eda Calder\u00f3n. Michoac\u00e1n es uno de los estados que ajust\u00f3 el tiempo de su gobernante, para hacerlo concurrente en la elecci\u00f3n federal, por lo que Fausto fue electo para poco menos de cinco a\u00f1os.<\/p>\n<p>De ese tiempo, ya se pas\u00f3 m\u00e1s de seis meses con licencia, por lo que se espera que su retorno signifique que le imprimir\u00e1 dinamismo a su gobierno.<\/p>\n<p align=\"center\"><b>DERECHOS HUMANOS<\/b><\/p>\n<p>Un total de 180 recomendaciones por parte de los miembros del Consejo de Derechos Humanos de la Organizaci\u00f3n de Naciones Unidas, recibi\u00f3 el gobierno mexicano, durante el segundo examen universal presentando en Suiza. El funcionamiento de las fuerzas de seguridad en las tareas asignadas en la materia de seguridad p\u00fablica, el aumento en casos de tortura, la violencia contra las mujeres y la presencia de las fuerzas armadas en las calles, son algunos de los puntos neur\u00e1lgicos observados.<\/p>\n<p>La acuciosa investigaci\u00f3n sobre el tema en M\u00e9xico destac\u00f3 que debe mejorar el control sobre sus fuerzas de seguridad para evitar que cometan graves cr\u00edmenes contra civiles e investigar a fondo todas las desapariciones de personas, consideraron los miembros del Consejo de Derechos Humanos de las Naciones Unidas.<\/p>\n<p>En el marco del Examen Peri\u00f3dico Universal (EPU) del Consejo de Derechos Humanos, el secretario de Relaciones Exteriores, Jos\u00e9 Antonio Meade, asegur\u00f3 que en M\u00e9xico la defensa y protecci\u00f3n de los derechos humanos es una tarea indeclinable.<\/p>\n<p>Meade mencion\u00f3 los logros alcanzados por M\u00e9xico en ese terreno y destac\u00f3 la disminuci\u00f3n de la violencia y las quejas contra las fuerzas armadas presentadas ante la Comisi\u00f3n Nacional de Derechos Humanos y el nuevo enfoque en la atenci\u00f3n a las v\u00edctimas de la delincuencia y de violaciones a los derechos humanos.<\/p>\n<p>Pero los pa\u00edses europeos y latinoamericanos hicieron cr\u00edticas y pidieron investigar las desapariciones, principalmente de mujeres y migrantes, as\u00ed como los ataques a activistas y periodistas.<\/p>\n<p><em><a href=\"mailto:ramonzurita44@hotmail.com\" target=\"_blank\">ramonzurita44@hotmail.com<br \/>\n<\/a><a href=\"mailto:zurita_sahagun@hotmail.com\" target=\"_blank\">zurita_sahagun@hotmail.com<\/a><\/em><\/p>\n","protected":false},"excerpt":{"rendered":"<p><span style=\"color: #005497;\"><strong>Ram\u00f3n Zurita Sahag\u00fan<\/strong><\/span><\/p>\n","protected":false},"author":3,"featured_media":0,"comment_status":"open","ping_status":"open","sticky":false,"template":"","format":"standard","meta":{"_monsterinsights_skip_tracking":false,"_monsterinsights_sitenote_active":false,"_monsterinsights_sitenote_note":"","_monsterinsights_sitenote_category":0,"footnotes":""},"categories":[234],"tags":[304,18971,2017,43674,43687],"class_list":["post-151500","post","type-post","status-publish","format-standard","hentry","category-ramon-zurita-sahagun","tag-de-frente-y-de-perfil","tag-fausto-vallejo-figueroa","tag-morelia","tag-opinion","tag-ramon-zurita-sahagun"],"_links":{"self":[{"href":"https:\/\/www.diarioimagen.net\/index.php?rest_route=\/wp\/v2\/posts\/151500","targetHints":{"allow":["GET"]}}],"collection":[{"href":"https:\/\/www.diarioimagen.net\/index.php?rest_route=\/wp\/v2\/posts"}],"about":[{"href":"https:\/\/www.diarioimagen.net\/index.php?rest_route=\/wp\/v2\/types\/post"}],"author":[{"embeddable":true,"href":"https:\/\/www.diarioimagen.net\/index.php?rest_route=\/wp\/v2\/users\/3"}],"replies":[{"embeddable":true,"href":"https:\/\/www.diarioimagen.net\/index.php?rest_route=%2Fwp%2Fv2%2Fcomments&post=151500"}],"version-history":[{"count":0,"href":"https:\/\/www.diarioimagen.net\/index.php?rest_route=\/wp\/v2\/posts\/151500\/revisions"}],"wp:attachment":[{"href":"https:\/\/www.diarioimagen.net\/index.php?rest_route=%2Fwp%2Fv2%2Fmedia&parent=151500"}],"wp:term":[{"taxonomy":"category","embeddable":true,"href":"https:\/\/www.diarioimagen.net\/index.php?rest_route=%2Fwp%2Fv2%2Fcategories&post=151500"},{"taxonomy":"post_tag","embeddable":true,"href":"https:\/\/www.diarioimagen.net\/index.php?rest_route=%2Fwp%2Fv2%2Ftags&post=151500"}],"curies":[{"name":"wp","href":"https:\/\/api.w.org\/{rel}","templated":true}]}}