{"id":151506,"date":"2013-10-24T00:04:31","date_gmt":"2013-10-24T05:04:31","guid":{"rendered":"http:\/\/www.diarioimagen.net\/?p=151506"},"modified":"2013-10-25T03:52:11","modified_gmt":"2013-10-25T08:52:11","slug":"mas-vale-tarde","status":"publish","type":"post","link":"https:\/\/www.diarioimagen.net\/?p=151506","title":{"rendered":"M\u00e1s vale tarde\u2026"},"content":{"rendered":"<h2>Punto por punto<\/h2>\n<h5>Augusto Corro<\/h5>\n<p><span><br \/>\nLos senadores decidieron poner fin a la venta de inhalantes a ni\u00f1os y adolescentes.<\/span><\/p>\n<p>Aprobaron los legisladores reformas a la Ley General de Salud para castigar ese delito con una pena de siete a 15 a\u00f1os de prisi\u00f3n.<\/p>\n<p>Ahora, solo se espera la pr\u00e1ctica de esa nueva ley que frenar\u00e1 las acciones autodestructivas de los menores de edad.<\/p>\n<p>Cada vez son m\u00e1s los ni\u00f1os, entre ellos los que viven sin hogar, que se inclinan por el uso del tinher, por ejemplo, en bolas de estopa para inhalar: las \u201cmonas\u201d.<\/p>\n<p>La senadora Cristina D\u00edaz, quien present\u00f3 la iniciativa de reformas a la citada ley, reconoci\u00f3 que el consumo de inhalantes es un grave problema sanitario, porque sus consumidores son ni\u00f1os y adolescentes.\u00a0 Explic\u00f3 que los ni\u00f1os desde los nueve a\u00f1os se involucran en la adicci\u00f3n de esas sustancias vol\u00e1tiles debido a que son f\u00e1ciles de adquirir.\u00a0 As\u00ed pues, la venta de inhalantes a ni\u00f1os ser\u00e1 equiparable al delito de corrupci\u00f3n de personas menores de 18 a\u00f1os de edad.<\/p>\n<p align=\"center\"><b>TODO MUNDO ESP\u00cdA<\/b><\/p>\n<p>El ex presidente Fox no pod\u00eda faltar en declarar sus puntos de vista sobre el tema del espionaje.<\/p>\n<p>Con la desfachatez propia de su forma de ser, el guanajuatense declar\u00f3 que todo mundo esp\u00eda, incluido M\u00e9xico. Es decir, descubri\u00f3 el hilo negro del espionaje y contraespionaje:\u00a0 \u201c\u00a1Claro que s\u00ed! Todos los gobiernos esp\u00edan y tienen aparatos de inteligencia. \u00a1Yo no s\u00e9 cual es el descubrimiento!<\/p>\n<p>\u201cAntes se dec\u00eda que nos espiaban desde Marte, o desde Venus\u2026 nos esp\u00edan todos los d\u00edas, a ti, a m\u00ed o a cualquier ciudadano\u201d.<\/p>\n<p>Reconoci\u00f3 que M\u00e9xico ha fallado en el rengl\u00f3n del contraespionaje. Del reclamo de Felipe Calder\u00f3n por el espionaje a su correo electr\u00f3nico en 2010, Fox manifest\u00f3 que el michoacano s\u00f3lo quiere llamar la atenci\u00f3n de los medios de comunicaci\u00f3n.<\/p>\n<p align=\"center\"><b>M\u00c1S DE LO MISMO<\/b><\/p>\n<p>Quienes ven un futuro incierto son los michoacanos que padecen un sinn\u00famero de problemas entre otros la inseguridad y los magisteriales.\u00a0 Hace varios a\u00f1os que la sociedad de Michoac\u00e1n no sabe lo que significa la palabra paz.<\/p>\n<p>En el rengl\u00f3n pol\u00edtico tampoco ha existido la estabilidad deseada. La salud del gobernador con licencia Fausto Vallejo complic\u00f3 la administraci\u00f3n p\u00fablica.<\/p>\n<p>Vallejo se vio obligado a dejar el cargo para que le practicaran un trasplante de h\u00edgado. Super\u00f3 el padecimiento y ahora est\u00e1 a punto de regresar al poder.<\/p>\n<p>S\u00f3lo que a su retorno a la silla estatal, encontrar\u00e1 que el gobernador interino, Jes\u00fas Reyna Garc\u00eda, ech\u00f3 del gabinete de gobierno a los incondicionales de Vallejo.<\/p>\n<p>Ya repuesto f\u00edsicamente y sobrado de salud, como el mismo lo dijo, el mandatario con licencia regresar\u00e1 por la revancha. En un gesto pol\u00edtico le ofreci\u00f3 a Reyna<br \/>\nGarc\u00eda un cargo en el gobierno.<\/p>\n<p>Sin embargo, el interino declin\u00f3 la invitaci\u00f3n.\u00a0 En t\u00e9rminos generales, el gobierno del suplente no se distingui\u00f3 por realizar hechos extraordinarios.\u00a0 Michoac\u00e1n sigue sumido en la zozobra.\u00a0 Con el regreso de Vallejo se espera que siga m\u00e1s de lo mismo en el sufrido Michoac\u00e1n.<\/p>\n<p align=\"center\"><b>\u00bfMAL AUGURIO?<\/b><\/p>\n<p>Con el desastre que vive la Selecci\u00f3n Mexicana de Futbol se tomaron medidas urgentes para evitar la ausencia en el mundial de futbol que se realizar\u00e1 en Brasil, el pr\u00f3ximo a\u00f1o.<\/p>\n<p>El monopolio de Televisa se apropi\u00f3 del futbol nacional y tom\u00f3 medidas pr\u00e1cticas aunque no las mejores, para sacar del pozo a la selecci\u00f3n.\u00a0 Como medida importante fue designar a Miguel Herrera como director t\u00e9cnico del equipo nacional.\u00a0 Luego, la selecci\u00f3n tendr\u00e1 como base del equipo a por lo menos siete jugadores del club Am\u00e9rica. No faltaba m\u00e1s.<\/p>\n<p>Bueno, pues las flamantes \u00e1guilas tuvieron que jugar, el martes pasado, con el equipo Alajuelense, de Costa Rica, en un partido programado por Concachampions. Pues los americanistas perdieron 1-0. Claro, el entrenador Herrera se enfureci\u00f3 y reconoci\u00f3 la derrota.<\/p>\n<p>Lo anterior mueve a la siguiente reflexi\u00f3n: \u00bfPodr\u00e1 la base de jugadores \u00e1guilas conformar una Selecci\u00f3n Nacional de Futbol lejos de la mediocridad tradicional? Esa gran duda creci\u00f3 luego del partido del club americanista contra los costarricenses.<\/p>\n<p><em><a href=\"mailto:aco2742@hotmail.com\" target=\"_blank\">aco2742@hotmail.com<\/a><\/em><\/p>\n","protected":false},"excerpt":{"rendered":"<p><span style=\"color: #005497;\"><strong>Augusto Corro<\/strong><\/span><\/p>\n","protected":false},"author":3,"featured_media":0,"comment_status":"open","ping_status":"open","sticky":false,"template":"","format":"standard","meta":{"_monsterinsights_skip_tracking":false,"_monsterinsights_sitenote_active":false,"_monsterinsights_sitenote_note":"","_monsterinsights_sitenote_category":0,"footnotes":""},"categories":[157],"tags":[43686,4656,43674,11515],"class_list":["post-151506","post","type-post","status-publish","format-standard","hentry","category-augusto-corro","tag-augusto-corro","tag-ley-general-de-salud","tag-opinion","tag-punto-por-punto"],"_links":{"self":[{"href":"https:\/\/www.diarioimagen.net\/index.php?rest_route=\/wp\/v2\/posts\/151506","targetHints":{"allow":["GET"]}}],"collection":[{"href":"https:\/\/www.diarioimagen.net\/index.php?rest_route=\/wp\/v2\/posts"}],"about":[{"href":"https:\/\/www.diarioimagen.net\/index.php?rest_route=\/wp\/v2\/types\/post"}],"author":[{"embeddable":true,"href":"https:\/\/www.diarioimagen.net\/index.php?rest_route=\/wp\/v2\/users\/3"}],"replies":[{"embeddable":true,"href":"https:\/\/www.diarioimagen.net\/index.php?rest_route=%2Fwp%2Fv2%2Fcomments&post=151506"}],"version-history":[{"count":0,"href":"https:\/\/www.diarioimagen.net\/index.php?rest_route=\/wp\/v2\/posts\/151506\/revisions"}],"wp:attachment":[{"href":"https:\/\/www.diarioimagen.net\/index.php?rest_route=%2Fwp%2Fv2%2Fmedia&parent=151506"}],"wp:term":[{"taxonomy":"category","embeddable":true,"href":"https:\/\/www.diarioimagen.net\/index.php?rest_route=%2Fwp%2Fv2%2Fcategories&post=151506"},{"taxonomy":"post_tag","embeddable":true,"href":"https:\/\/www.diarioimagen.net\/index.php?rest_route=%2Fwp%2Fv2%2Ftags&post=151506"}],"curies":[{"name":"wp","href":"https:\/\/api.w.org\/{rel}","templated":true}]}}