{"id":151508,"date":"2013-10-24T00:04:03","date_gmt":"2013-10-24T05:04:03","guid":{"rendered":"http:\/\/www.diarioimagen.net\/?p=151508"},"modified":"2013-10-25T05:26:24","modified_gmt":"2013-10-25T10:26:24","slug":"la-reforma-judicial-no-admite-improvisaciones-afirma-edgar-elias-azar","status":"publish","type":"post","link":"https:\/\/www.diarioimagen.net\/?p=151508","title":{"rendered":"La reforma judicial no admite improvisaciones, afirma Edgar El\u00edas Azar"},"content":{"rendered":"<ul>\n<li><strong>El magistrado presidente del TSJDF detalla los requerimientos presupuestales de la instituci\u00f3n<\/strong><\/li>\n<\/ul>\n<div id=\"attachment_151563\" style=\"width: 250px\" class=\"wp-caption alignleft\"><a href=\"http:\/\/www.diarioimagen.net\/wp-content\/uploads\/2013\/10\/Edgar-2214.jpg\"><img loading=\"lazy\" decoding=\"async\" aria-describedby=\"caption-attachment-151563\" class=\"size-medium wp-image-151563\" alt=\"El presidente del Tribunal Superior de Justicia del DF, Edgar El\u00edas Azar.\" src=\"http:\/\/www.diarioimagen.net\/wp-content\/uploads\/2013\/10\/Edgar-2214-240x135.jpg\" width=\"240\" height=\"135\" srcset=\"https:\/\/www.diarioimagen.net\/wp-content\/uploads\/2013\/10\/Edgar-2214-240x135.jpg 240w, https:\/\/www.diarioimagen.net\/wp-content\/uploads\/2013\/10\/Edgar-2214-420x236.jpg 420w, https:\/\/www.diarioimagen.net\/wp-content\/uploads\/2013\/10\/Edgar-2214-235x132.jpg 235w, https:\/\/www.diarioimagen.net\/wp-content\/uploads\/2013\/10\/Edgar-2214-202x114.jpg 202w, https:\/\/www.diarioimagen.net\/wp-content\/uploads\/2013\/10\/Edgar-2214-350x196.jpg 350w, https:\/\/www.diarioimagen.net\/wp-content\/uploads\/2013\/10\/Edgar-2214-220x123.jpg 220w, https:\/\/www.diarioimagen.net\/wp-content\/uploads\/2013\/10\/Edgar-2214-237x132.jpg 237w, https:\/\/www.diarioimagen.net\/wp-content\/uploads\/2013\/10\/Edgar-2214.jpg 480w\" sizes=\"auto, (max-width: 240px) 100vw, 240px\" \/><\/a><p id=\"caption-attachment-151563\" class=\"wp-caption-text\">El presidente del Tribunal Superior de Justicia del DF, Edgar El\u00edas Azar.<\/p><\/div>\n<p>Al advertir que la aplicaci\u00f3n de la reforma al sistema de justicia penal no admite improvisaciones, juegos ni dilaciones, el presidente del Tribunal Superior de Justicia del Distrito Federal (TSJDF), magistrado Edgar El\u00edas Azar, alert\u00f3 que, de no encontrar los apoyos necesarios para avanzar en este tema, se corre el riesgo de que la implementaci\u00f3n no tenga \u00e9xito, con repercusiones serias en el resto del pa\u00eds, y la inminente posibilidad de que el \u00f3rgano jurisdiccional quede incompetente para juzgar, por efectos de la reforma constitucional que mandata la aplicaci\u00f3n del nuevo modelo.<\/p>\n<p>Detall\u00f3 que para esta tarea se debe dotar al \u00f3rgano jurisdiccional de un total de 4 mil 500 millones de pesos divididos en los ejercicios presupuestales de 2014 y 2015, bajo la previsi\u00f3n de que se requerir\u00e1 un total de 340 juzgados en los que se opere el nuevo modelo.<\/p>\n<p>\u201cDe ser incompetentes nosotros, no tendremos capacidad para juzgar a nadie. Es decir, por un momento, por un tiempo, qu\u00e9 se yo, espero que esto no vaya a suceder en el Distrito Federal, no habr\u00e1 tribunales para juzgar a nadie\u2026\u201d, manifest\u00f3 el magistrado.<\/p>\n<p>En el foro Reforma Penal en la Ciudad de M\u00e9xico Capital. Implicaciones econ\u00f3mico-financieras, precis\u00f3 que para el presupuesto de 2014, el TSJDF requiere que se le canalicen 2 mil 430 millones de pesos, mientras que para 2015 ser\u00edan 2 mil 111 millones de pesos.<\/p>\n<p>Seg\u00fan previsiones del \u00f3rgano jurisdiccional, indic\u00f3 que para hacer frente a la primera etapa de la reforma penal, relativa a delitos culposos y que se siguen por querella -que deber\u00e1 entrar en vigor en enero de 2015-, as\u00ed como a la segunda -prevista para julio de ese mismo a\u00f1o-, se requerir\u00e1 de 160 juzgados; y 150 m\u00e1s, una vez que inicie la tercera etapa con los delitos graves. Y otros 30, en los que se efectuar\u00e1n los\u00a0 procesos en materia de justicia para adolescentes.<\/p>\n<p>Ante la secretaria t\u00e9cnica del Consejo de Coordinaci\u00f3n para la Implementaci\u00f3n del Sistema de Justicia Penal, Mar\u00eda de los \u00c1ngeles Fromow, El\u00edas Azar precis\u00f3 que los c\u00e1lculos pueden variar, y que estas previsiones se hicieron con base en el n\u00famero de consignaciones que anualmente hace la Procuradur\u00eda General de Justicia del Distrito Federal ante los juzgados del TSJDF, que es de 35 mil 500.<\/p>\n<p>Confi\u00f3 en la consolidaci\u00f3n del proyecto Ciudad Judicial, a partir del apoyo de la administraci\u00f3n del jefe de gobierno del Distrito Federal, Miguel \u00c1ngel Mancera Espinosa, pues esa administraci\u00f3n cuenta con los terrenos en la colonia Doctores para construir la infraestructura que se necesita para los juzgados de delitos no graves y de querella.<\/p>\n<p>Pidi\u00f3 a los actores involucrados hacer lo que les corresponde desde sus \u00e1mbitos de actuaci\u00f3n, y agreg\u00f3 que en este tema no se admiten improvisaciones, porque se corre el riesgo de que la reforma sorprenda a todos.<\/p>\n<p>&nbsp;<\/p>\n","protected":false},"excerpt":{"rendered":"<p>Al advertir que la aplicaci\u00f3n de la reforma al sistema de justicia penal no admite improvisaciones, juegos ni dilaciones, el presidente del Tribunal Superior de Justicia del Distrito Federal (TSJDF), magistrado Edgar El\u00edas Azar, alert\u00f3 que, de no encontrar los apoyos necesarios para avanzar en este tema, se corre el riesgo de que la implementaci\u00f3n no tenga \u00e9xito, con repercusiones serias en el resto del pa\u00eds, y la inminente posibilidad de que el \u00f3rgano jurisdiccional quede incompetente para juzgar, por efectos de la reforma constitucional que mandata la aplicaci\u00f3n del nuevo modelo.<\/p>\n","protected":false},"author":3,"featured_media":151563,"comment_status":"open","ping_status":"open","sticky":false,"template":"","format":"standard","meta":{"_monsterinsights_skip_tracking":false,"_monsterinsights_sitenote_active":false,"_monsterinsights_sitenote_note":"","_monsterinsights_sitenote_category":0,"footnotes":""},"categories":[17,7],"tags":[204,1925,43677,862],"class_list":["post-151508","post","type-post","status-publish","format-standard","has-post-thumbnail","hentry","category-especiales","category-seguridad","tag-ciudad-de-mexico","tag-edgar-elias-azar","tag-seguridad","tag-tsjdf"],"_links":{"self":[{"href":"https:\/\/www.diarioimagen.net\/index.php?rest_route=\/wp\/v2\/posts\/151508","targetHints":{"allow":["GET"]}}],"collection":[{"href":"https:\/\/www.diarioimagen.net\/index.php?rest_route=\/wp\/v2\/posts"}],"about":[{"href":"https:\/\/www.diarioimagen.net\/index.php?rest_route=\/wp\/v2\/types\/post"}],"author":[{"embeddable":true,"href":"https:\/\/www.diarioimagen.net\/index.php?rest_route=\/wp\/v2\/users\/3"}],"replies":[{"embeddable":true,"href":"https:\/\/www.diarioimagen.net\/index.php?rest_route=%2Fwp%2Fv2%2Fcomments&post=151508"}],"version-history":[{"count":0,"href":"https:\/\/www.diarioimagen.net\/index.php?rest_route=\/wp\/v2\/posts\/151508\/revisions"}],"wp:featuredmedia":[{"embeddable":true,"href":"https:\/\/www.diarioimagen.net\/index.php?rest_route=\/wp\/v2\/media\/151563"}],"wp:attachment":[{"href":"https:\/\/www.diarioimagen.net\/index.php?rest_route=%2Fwp%2Fv2%2Fmedia&parent=151508"}],"wp:term":[{"taxonomy":"category","embeddable":true,"href":"https:\/\/www.diarioimagen.net\/index.php?rest_route=%2Fwp%2Fv2%2Fcategories&post=151508"},{"taxonomy":"post_tag","embeddable":true,"href":"https:\/\/www.diarioimagen.net\/index.php?rest_route=%2Fwp%2Fv2%2Ftags&post=151508"}],"curies":[{"name":"wp","href":"https:\/\/api.w.org\/{rel}","templated":true}]}}