{"id":151512,"date":"2013-10-24T00:09:01","date_gmt":"2013-10-24T05:09:01","guid":{"rendered":"http:\/\/www.diarioimagen.net\/?p=151512"},"modified":"2013-10-24T03:09:57","modified_gmt":"2013-10-24T08:09:57","slug":"mancera-anuncia-clinica-geriatrica-en-iztacalco","status":"publish","type":"post","link":"https:\/\/www.diarioimagen.net\/?p=151512","title":{"rendered":"Mancera anuncia cl\u00ednica geri\u00e1trica en Iztacalco"},"content":{"rendered":"<ul>\n<li><strong><em>El jefe de gobierno del DF se\u00f1ala que los adultos mayores tambi\u00e9n contar\u00e1n con atenci\u00f3n dental<\/em><\/strong><\/li>\n<\/ul>\n<div id=\"attachment_151571\" style=\"width: 250px\" class=\"wp-caption alignleft\"><a href=\"http:\/\/www.diarioimagen.net\/wp-content\/uploads\/2013\/10\/MANCERA-2214.jpg\"><img loading=\"lazy\" decoding=\"async\" aria-describedby=\"caption-attachment-151571\" class=\"size-medium wp-image-151571\" alt=\"Miguel \u00c1ngel Mancera, jefe de gobierno del DF, se sum\u00f3 a las celebraciones del D\u00eda del M\u00e9dico y anunci\u00f3 la construcci\u00f3n de una cl\u00ednica geri\u00e1trica en Iztacalco.\" src=\"http:\/\/www.diarioimagen.net\/wp-content\/uploads\/2013\/10\/MANCERA-2214-240x135.jpg\" width=\"240\" height=\"135\" srcset=\"https:\/\/www.diarioimagen.net\/wp-content\/uploads\/2013\/10\/MANCERA-2214-240x135.jpg 240w, https:\/\/www.diarioimagen.net\/wp-content\/uploads\/2013\/10\/MANCERA-2214-420x236.jpg 420w, https:\/\/www.diarioimagen.net\/wp-content\/uploads\/2013\/10\/MANCERA-2214-235x132.jpg 235w, https:\/\/www.diarioimagen.net\/wp-content\/uploads\/2013\/10\/MANCERA-2214-202x114.jpg 202w, https:\/\/www.diarioimagen.net\/wp-content\/uploads\/2013\/10\/MANCERA-2214-350x196.jpg 350w, https:\/\/www.diarioimagen.net\/wp-content\/uploads\/2013\/10\/MANCERA-2214-220x123.jpg 220w, https:\/\/www.diarioimagen.net\/wp-content\/uploads\/2013\/10\/MANCERA-2214-237x132.jpg 237w, https:\/\/www.diarioimagen.net\/wp-content\/uploads\/2013\/10\/MANCERA-2214.jpg 480w\" sizes=\"auto, (max-width: 240px) 100vw, 240px\" \/><\/a><p id=\"caption-attachment-151571\" class=\"wp-caption-text\">Miguel \u00c1ngel Mancera, jefe de gobierno del DF, se sum\u00f3 a las celebraciones del D\u00eda del M\u00e9dico y anunci\u00f3 la construcci\u00f3n de una cl\u00ednica geri\u00e1trica en Iztacalco.<\/p><\/div>\n<p>El jefe de gobierno del Distrito Federal, Miguel \u00c1ngel Mancera Espinosa, anunci\u00f3 la creaci\u00f3n de una cl\u00ednica geri\u00e1trica en el per\u00edmetro de la delegaci\u00f3n Iztacalco, que brindar\u00e1 servicio como parte de las acciones en favor de los adultos mayores.<\/p>\n<p>Al encabezar la celebraci\u00f3n del D\u00eda del M\u00e9dico, el mandatario local indic\u00f3 que tambi\u00e9n se edificar\u00e1 una cl\u00ednica odontol\u00f3gica para este sector de la poblaci\u00f3n.<\/p>\n<p>Durante el acto realizado en el World Trade Center de la ciudad de M\u00e9xico, Mancera Espinosa se\u00f1al\u00f3 que ser m\u00e9dico \u201ces un verdadero apostolado\u201d, toda vez que estos profesionistas tienen la tarea fundamental del cuidado del bien mayor de las personas, que es su salud.<\/p>\n<p>A su vez, el titular de la Secretar\u00eda de Salud local, Armando Ahued Ortega, inform\u00f3 que en esa dependencia 7 mil 800 profesionales ofrecen la atenci\u00f3n a los capitalinos, en m\u00e1s de 50 especialidades m\u00e9dicas y quir\u00fargicas.<\/p>\n<p>Asimismo, reconoci\u00f3 la labor de los 190 brigadistas que con el apoyo de 28 unidades colaboraron para mitigar las afectaciones sufridas en Guerrero, por los recientes fen\u00f3menos naturales.<\/p>\n<p>Al respecto, el jefe de gobierno puntualiz\u00f3 que la labor del personal de Salud capitalina en dicha entidad fue reconocida tambi\u00e9n, tanto por la poblaci\u00f3n y el gobierno guerrerense, como por el federal.<b><\/b><\/p>\n<p>&nbsp;<\/p>\n","protected":false},"excerpt":{"rendered":"<p>El jefe de gobierno del Distrito Federal, Miguel \u00c1ngel Mancera Espinosa, anunci\u00f3 la creaci\u00f3n de una cl\u00ednica geri\u00e1trica en el per\u00edmetro de la delegaci\u00f3n Iztacalco, que brindar\u00e1 servicio como parte de las acciones en favor de los adultos mayores.<\/p>\n","protected":false},"author":3,"featured_media":151571,"comment_status":"open","ping_status":"open","sticky":false,"template":"","format":"standard","meta":{"_monsterinsights_skip_tracking":false,"_monsterinsights_sitenote_active":false,"_monsterinsights_sitenote_note":"","_monsterinsights_sitenote_category":0,"footnotes":""},"categories":[6],"tags":[204,3265,5314,2559],"class_list":["post-151512","post","type-post","status-publish","format-standard","has-post-thumbnail","hentry","category-cd-de-mexico","tag-ciudad-de-mexico","tag-iztacalco","tag-miguel-angel-mancera-espinosa","tag-world-trade-center"],"_links":{"self":[{"href":"https:\/\/www.diarioimagen.net\/index.php?rest_route=\/wp\/v2\/posts\/151512","targetHints":{"allow":["GET"]}}],"collection":[{"href":"https:\/\/www.diarioimagen.net\/index.php?rest_route=\/wp\/v2\/posts"}],"about":[{"href":"https:\/\/www.diarioimagen.net\/index.php?rest_route=\/wp\/v2\/types\/post"}],"author":[{"embeddable":true,"href":"https:\/\/www.diarioimagen.net\/index.php?rest_route=\/wp\/v2\/users\/3"}],"replies":[{"embeddable":true,"href":"https:\/\/www.diarioimagen.net\/index.php?rest_route=%2Fwp%2Fv2%2Fcomments&post=151512"}],"version-history":[{"count":0,"href":"https:\/\/www.diarioimagen.net\/index.php?rest_route=\/wp\/v2\/posts\/151512\/revisions"}],"wp:featuredmedia":[{"embeddable":true,"href":"https:\/\/www.diarioimagen.net\/index.php?rest_route=\/wp\/v2\/media\/151571"}],"wp:attachment":[{"href":"https:\/\/www.diarioimagen.net\/index.php?rest_route=%2Fwp%2Fv2%2Fmedia&parent=151512"}],"wp:term":[{"taxonomy":"category","embeddable":true,"href":"https:\/\/www.diarioimagen.net\/index.php?rest_route=%2Fwp%2Fv2%2Fcategories&post=151512"},{"taxonomy":"post_tag","embeddable":true,"href":"https:\/\/www.diarioimagen.net\/index.php?rest_route=%2Fwp%2Fv2%2Ftags&post=151512"}],"curies":[{"name":"wp","href":"https:\/\/api.w.org\/{rel}","templated":true}]}}