{"id":151627,"date":"2013-10-25T00:03:56","date_gmt":"2013-10-25T05:03:56","guid":{"rendered":"http:\/\/www.diarioimagen.net\/?p=151627"},"modified":"2013-10-28T04:14:01","modified_gmt":"2013-10-28T10:14:01","slug":"un-centenar-de-escuelas-del-df-se-suma-al-paro","status":"publish","type":"post","link":"https:\/\/www.diarioimagen.net\/?p=151627","title":{"rendered":"Un centenar de escuelas del DF se suma al paro"},"content":{"rendered":"<ul>\n<li><em><strong>Maestros disidentes cercaron ayer la Bolsa Mexicana de Valores y obstruyeron Paseo de la Reforma<\/strong><\/em><\/li>\n<\/ul>\n<div id=\"attachment_151628\" style=\"width: 250px\" class=\"wp-caption alignleft\"><a href=\"http:\/\/www.diarioimagen.net\/wp-content\/uploads\/2013\/10\/cnte-portal8.jpg\"><img loading=\"lazy\" decoding=\"async\" aria-describedby=\"caption-attachment-151628\" class=\"size-medium wp-image-151628 \" alt=\"En tanto, integrantes de la CNTE realizaron este jueves un cerco a la Bolsa Mexicana de Valores (BMV), en Paseo de la Reforma, como \u201cuna demostraci\u00f3n m\u00e1s para el gobierno federal de que nuestras movilizaciones son pac\u00edficas\u201d.\" src=\"http:\/\/www.diarioimagen.net\/wp-content\/uploads\/2013\/10\/cnte-portal8-240x135.jpg\" width=\"240\" height=\"135\" srcset=\"https:\/\/www.diarioimagen.net\/wp-content\/uploads\/2013\/10\/cnte-portal8-240x135.jpg 240w, https:\/\/www.diarioimagen.net\/wp-content\/uploads\/2013\/10\/cnte-portal8-420x236.jpg 420w, https:\/\/www.diarioimagen.net\/wp-content\/uploads\/2013\/10\/cnte-portal8-235x132.jpg 235w, https:\/\/www.diarioimagen.net\/wp-content\/uploads\/2013\/10\/cnte-portal8-202x114.jpg 202w, https:\/\/www.diarioimagen.net\/wp-content\/uploads\/2013\/10\/cnte-portal8-350x196.jpg 350w, https:\/\/www.diarioimagen.net\/wp-content\/uploads\/2013\/10\/cnte-portal8-220x123.jpg 220w, https:\/\/www.diarioimagen.net\/wp-content\/uploads\/2013\/10\/cnte-portal8-237x132.jpg 237w, https:\/\/www.diarioimagen.net\/wp-content\/uploads\/2013\/10\/cnte-portal8.jpg 480w\" sizes=\"auto, (max-width: 240px) 100vw, 240px\" \/><\/a><p id=\"caption-attachment-151628\" class=\"wp-caption-text\">Seg\u00fan los maestros que acampan en el monumento a la Revoluci\u00f3n, su movimiento tiene el apoyo de 100 planteles del Distrito Federal.<\/p><\/div>\n<p>El secretario de Organizaci\u00f3n de la secci\u00f3n 9 de la Coordinadora Nacional de Trabajadores de la Educaci\u00f3n en la capital, Pedro Hern\u00e1ndez, inform\u00f3 que unas 100 escuelas se han sumado a los paros activos o totales de la disidencia magisterial y asegur\u00f3 que el n\u00famero se incrementar\u00e1 en los pr\u00e7oximos d\u00edas.<\/p>\n<p>Por su parte, la subsecretaria de Educaci\u00f3n B\u00e1sica, Alba Mart\u00ednez Oliv\u00e9, afirm\u00f3 que el derecho de los ni\u00f1os a aprender est\u00e1 primero que cualquier otra consideraci\u00f3n.<\/p>\n<p>Ante los paros del magisterio, la funcionaria consider\u00f3 que las escuelas deben mantenerse abiertas. Luego de inaugurar la Asamblea Anual de Asociados 2013 de la Fundaci\u00f3n de Empresarios por la Educaci\u00f3n B\u00e1sica, convoc\u00f3 a los profesores \u201ca que se manifiesten, digan cu\u00e1l es su opini\u00f3n, expresen sus inconformidades, pero que recuerden que el derecho de los ni\u00f1os a aprender est\u00e1 primero que cualquier otra cosa\u201d.<\/p>\n<p>Mart\u00ednez Oliv\u00e9 mencion\u00f3 que desde 1992 la operaci\u00f3n del servicio educativo est\u00e1 descentralizada, por lo que record\u00f3 a las autoridades educativas locales que \u201ctienen que aplicar la ley\u201d; la normatividad ya opera y les corresponde a las autoridades locales \u201chacerla cumplir\u201d.<\/p>\n<p>En tanto, integrantes de la CNTE realizaron ayer un cerco a la Bolsa Mexicana de Valores (BMV), en Paseo de la Reforma, como \u201cuna demostraci\u00f3n m\u00e1s para el gobierno federal de que nuestras movilizaciones son pac\u00edficas\u201d.<\/p>\n<p>Indicaron que en el norte y el sur del pa\u00eds los docentes tomaban fronteras, as\u00ed como instalaciones estrat\u00e9gicas, pero precisaron que \u201cno somos agitadores, no somos violentos\u201d. Subrayaron que no renunciar\u00e1n a su lucha y continuar\u00e1n con sus protestas en los diferentes estados del pa\u00eds.<\/p>\n<p>A eso de las 10 de la ma\u00f1ana los maestros llegaron a la BMV, sobre el sentido vehicular que va hacia el \u00c1ngel de la Independencia. Algunos pretendieron bloquear el sentido que va hacia el centro en Paseo de la Reforma, pero funcionarios del gobierno capitalino los convencieron de que su protesta se concentrara en el \u00e1rea de la BMV.<\/p>\n<p>Hubo algo de tensi\u00f3n en el cerco que formaron los polic\u00edas de la ciudad, pero se lleg\u00f3 a un acuerdo y se reabrieron a la circulaci\u00f3n los carriles cerrados. Hacia el mediod\u00eda, los profesores se dispersaron y se dirigieron en marcha hacia su campamento en el monumento a la Revoluci\u00f3n.<b><\/b><\/p>\n","protected":false},"excerpt":{"rendered":"<p>El secretario de Organizaci\u00f3n de la secci\u00f3n 9 de la Coordinadora Nacional de Trabajadores de la Educaci\u00f3n en la capital, Pedro Hern\u00e1ndez, inform\u00f3 que unas 100 escuelas se han sumado a los paros activos o totales de la disidencia magisterial y asegur\u00f3 que el n\u00famero se incrementar\u00e1 en los pr\u00e7oximos d\u00edas.<\/p>\n","protected":false},"author":5,"featured_media":151628,"comment_status":"open","ping_status":"open","sticky":false,"template":"","format":"standard","meta":{"_monsterinsights_skip_tracking":false,"_monsterinsights_sitenote_active":false,"_monsterinsights_sitenote_note":"","_monsterinsights_sitenote_category":0,"footnotes":""},"categories":[17,6],"tags":[204,7473,384,6817,207,16291],"class_list":["post-151627","post","type-post","status-publish","format-standard","has-post-thumbnail","hentry","category-especiales","category-cd-de-mexico","tag-ciudad-de-mexico","tag-cnte","tag-df","tag-educacion-basica","tag-escuelas","tag-paro"],"_links":{"self":[{"href":"https:\/\/www.diarioimagen.net\/index.php?rest_route=\/wp\/v2\/posts\/151627","targetHints":{"allow":["GET"]}}],"collection":[{"href":"https:\/\/www.diarioimagen.net\/index.php?rest_route=\/wp\/v2\/posts"}],"about":[{"href":"https:\/\/www.diarioimagen.net\/index.php?rest_route=\/wp\/v2\/types\/post"}],"author":[{"embeddable":true,"href":"https:\/\/www.diarioimagen.net\/index.php?rest_route=\/wp\/v2\/users\/5"}],"replies":[{"embeddable":true,"href":"https:\/\/www.diarioimagen.net\/index.php?rest_route=%2Fwp%2Fv2%2Fcomments&post=151627"}],"version-history":[{"count":0,"href":"https:\/\/www.diarioimagen.net\/index.php?rest_route=\/wp\/v2\/posts\/151627\/revisions"}],"wp:featuredmedia":[{"embeddable":true,"href":"https:\/\/www.diarioimagen.net\/index.php?rest_route=\/wp\/v2\/media\/151628"}],"wp:attachment":[{"href":"https:\/\/www.diarioimagen.net\/index.php?rest_route=%2Fwp%2Fv2%2Fmedia&parent=151627"}],"wp:term":[{"taxonomy":"category","embeddable":true,"href":"https:\/\/www.diarioimagen.net\/index.php?rest_route=%2Fwp%2Fv2%2Fcategories&post=151627"},{"taxonomy":"post_tag","embeddable":true,"href":"https:\/\/www.diarioimagen.net\/index.php?rest_route=%2Fwp%2Fv2%2Ftags&post=151627"}],"curies":[{"name":"wp","href":"https:\/\/api.w.org\/{rel}","templated":true}]}}