{"id":151630,"date":"2013-10-24T17:01:20","date_gmt":"2013-10-24T22:01:20","guid":{"rendered":"http:\/\/www.diarioimagen.net\/?p=151630"},"modified":"2013-10-25T05:28:01","modified_gmt":"2013-10-25T10:28:01","slug":"aprueban-diputados-convocatoria-para-renovar-consejeros-del-ife","status":"publish","type":"post","link":"https:\/\/www.diarioimagen.net\/?p=151630","title":{"rendered":"Aprueban diputados convocatoria para renovar consejeros del IFE"},"content":{"rendered":"<ul>\n<li><em><strong>Hay una vacante desde febrero y este mes concluyen su periodo en el cargo otros cuatro<\/strong><\/em><\/li>\n<\/ul>\n<div id=\"attachment_151631\" style=\"width: 250px\" class=\"wp-caption alignleft\"><a href=\"http:\/\/www.diarioimagen.net\/wp-content\/uploads\/2013\/10\/camara-portal6.jpg\"><img loading=\"lazy\" decoding=\"async\" aria-describedby=\"caption-attachment-151631\" class=\"size-medium wp-image-151631\" alt=\"Seg\u00fan lo estipulado, la Secretar\u00eda General de la C\u00e1mara de Diputados verificar\u00e1 el cumplimiento de los requisitos legales por parte de los candidatos propuestos y entregar\u00e1 los resultados a los coordinadores parlamentarios.\" src=\"http:\/\/www.diarioimagen.net\/wp-content\/uploads\/2013\/10\/camara-portal6-240x135.jpg\" width=\"240\" height=\"135\" srcset=\"https:\/\/www.diarioimagen.net\/wp-content\/uploads\/2013\/10\/camara-portal6-240x135.jpg 240w, https:\/\/www.diarioimagen.net\/wp-content\/uploads\/2013\/10\/camara-portal6-420x236.jpg 420w, https:\/\/www.diarioimagen.net\/wp-content\/uploads\/2013\/10\/camara-portal6-235x132.jpg 235w, https:\/\/www.diarioimagen.net\/wp-content\/uploads\/2013\/10\/camara-portal6-202x114.jpg 202w, https:\/\/www.diarioimagen.net\/wp-content\/uploads\/2013\/10\/camara-portal6-350x196.jpg 350w, https:\/\/www.diarioimagen.net\/wp-content\/uploads\/2013\/10\/camara-portal6-220x123.jpg 220w, https:\/\/www.diarioimagen.net\/wp-content\/uploads\/2013\/10\/camara-portal6-237x132.jpg 237w, https:\/\/www.diarioimagen.net\/wp-content\/uploads\/2013\/10\/camara-portal6.jpg 480w\" sizes=\"auto, (max-width: 240px) 100vw, 240px\" \/><\/a><p id=\"caption-attachment-151631\" class=\"wp-caption-text\">Seg\u00fan lo estipulado, la Secretar\u00eda General de la C\u00e1mara de Diputados verificar\u00e1 el cumplimiento de los requisitos legales por parte de los candidatos propuestos y entregar\u00e1 los resultados a los coordinadores parlamentarios.<\/p><\/div>\n<p>El pleno de la C\u00e1mara de Diputados aprob\u00f3 la convocatoria para el proceso de selecci\u00f3n del pr\u00f3ximo presidente del Consejo General del IFE y cuatro integrantes de ese organismo, debido a que los consejeros electorales Leonardo Vald\u00e9s, Macarita Elizondo, Alfredo Figueroa y Francisco Guerrero concluir\u00e1n sus encargos el pr\u00f3ximo 30 de octubre. En el paquete est\u00e1 incluido el sustituto de Sergio Garc\u00eda Ram\u00edrez, quien dej\u00f3 el organismo desde hace m\u00e1s de ocho meses.<\/p>\n<p>Votaron a favor 388 diputados de las fracciones del PRI, PAN, Partido Verde, Nueva Alianza y una mayor\u00eda del PRD, mientras legisladores de Movimiento Ciudadano y PT, as\u00ed como perredistas identificados con Ren\u00e9 Bejarano, emitieron 21 votos en contra y 14 abstenciones.<\/p>\n<p>La convocatoria aprobada prev\u00e9 que cada una de las siete fracciones legislativas proponga diez candidatos a ocupar cinco\u2028 asientos en Consejo General del IFE.<\/p>\n<p>&nbsp;<\/p>\n<p>El legislador de Movimiento Ciudadano, Ricardo Mej\u00eda, denunci\u00f3 el reparto de cuotas partidistas entre priistas, panistas y perredistas, mientras su correligionario Alfonso Durazo acus\u00f3 a las tres principales fuerzas pol\u00edticas de sembrar la \u201csemilla de la discordia\u201d en los futuros procesos electorales.<\/p>\n","protected":false},"excerpt":{"rendered":"<p>El pleno de la C\u00e1mara de Diputados aprob\u00f3 la convocatoria para el proceso de selecci\u00f3n del pr\u00f3ximo presidente del Consejo General del IFE y cuatro integrantes de ese organismo, debido a que los consejeros electorales Leonardo Vald\u00e9s, Macarita Elizondo, Alfredo Figueroa y Francisco Guerrero concluir\u00e1n sus encargos el pr\u00f3ximo 30 de octubre. En el paquete est\u00e1 incluido el sustituto de Sergio Garc\u00eda Ram\u00edrez, quien dej\u00f3 el organismo desde hace m\u00e1s de ocho meses.<\/p>\n","protected":false},"author":5,"featured_media":151631,"comment_status":"open","ping_status":"open","sticky":false,"template":"","format":"standard","meta":{"_monsterinsights_skip_tracking":false,"_monsterinsights_sitenote_active":false,"_monsterinsights_sitenote_note":"","_monsterinsights_sitenote_category":0,"footnotes":""},"categories":[17,3],"tags":[1843],"class_list":["post-151630","post","type-post","status-publish","format-standard","has-post-thumbnail","hentry","category-especiales","category-nacional","tag-ife"],"_links":{"self":[{"href":"https:\/\/www.diarioimagen.net\/index.php?rest_route=\/wp\/v2\/posts\/151630","targetHints":{"allow":["GET"]}}],"collection":[{"href":"https:\/\/www.diarioimagen.net\/index.php?rest_route=\/wp\/v2\/posts"}],"about":[{"href":"https:\/\/www.diarioimagen.net\/index.php?rest_route=\/wp\/v2\/types\/post"}],"author":[{"embeddable":true,"href":"https:\/\/www.diarioimagen.net\/index.php?rest_route=\/wp\/v2\/users\/5"}],"replies":[{"embeddable":true,"href":"https:\/\/www.diarioimagen.net\/index.php?rest_route=%2Fwp%2Fv2%2Fcomments&post=151630"}],"version-history":[{"count":0,"href":"https:\/\/www.diarioimagen.net\/index.php?rest_route=\/wp\/v2\/posts\/151630\/revisions"}],"wp:featuredmedia":[{"embeddable":true,"href":"https:\/\/www.diarioimagen.net\/index.php?rest_route=\/wp\/v2\/media\/151631"}],"wp:attachment":[{"href":"https:\/\/www.diarioimagen.net\/index.php?rest_route=%2Fwp%2Fv2%2Fmedia&parent=151630"}],"wp:term":[{"taxonomy":"category","embeddable":true,"href":"https:\/\/www.diarioimagen.net\/index.php?rest_route=%2Fwp%2Fv2%2Fcategories&post=151630"},{"taxonomy":"post_tag","embeddable":true,"href":"https:\/\/www.diarioimagen.net\/index.php?rest_route=%2Fwp%2Fv2%2Ftags&post=151630"}],"curies":[{"name":"wp","href":"https:\/\/api.w.org\/{rel}","templated":true}]}}