{"id":151649,"date":"2013-10-25T00:06:02","date_gmt":"2013-10-25T05:06:02","guid":{"rendered":"http:\/\/www.diarioimagen.net\/?p=151649"},"modified":"2013-10-28T04:14:17","modified_gmt":"2013-10-28T10:14:17","slug":"eav-entrega-estimulos-a-profesores-mexiquenses","status":"publish","type":"post","link":"https:\/\/www.diarioimagen.net\/?p=151649","title":{"rendered":"EAV entrega est\u00edmulos a profesores mexiquenses"},"content":{"rendered":"<ul>\n<li><strong><em>Juan D\u00edaz de la Torre reconoci\u00f3 al gobierno estatal por escuchar opiniones y propuestas del magisterio local <\/em><\/strong><\/li>\n<\/ul>\n<div id=\"attachment_151682\" style=\"width: 250px\" class=\"wp-caption alignleft\"><a href=\"http:\/\/www.diarioimagen.net\/wp-content\/uploads\/2013\/10\/eruviel-1-2215.jpg\"><img loading=\"lazy\" decoding=\"async\" aria-describedby=\"caption-attachment-151682\" class=\"size-medium wp-image-151682\" alt=\"El gobernador Eruviel \u00c1vila Villegas entreg\u00f3 est\u00edmulos econ\u00f3micos y reconocimientos a 3 mil 666 docentes y directivos del magisterio mexiquense.\" src=\"http:\/\/www.diarioimagen.net\/wp-content\/uploads\/2013\/10\/eruviel-1-2215-240x135.jpg\" width=\"240\" height=\"135\" srcset=\"https:\/\/www.diarioimagen.net\/wp-content\/uploads\/2013\/10\/eruviel-1-2215-240x135.jpg 240w, https:\/\/www.diarioimagen.net\/wp-content\/uploads\/2013\/10\/eruviel-1-2215-420x236.jpg 420w, https:\/\/www.diarioimagen.net\/wp-content\/uploads\/2013\/10\/eruviel-1-2215-235x132.jpg 235w, https:\/\/www.diarioimagen.net\/wp-content\/uploads\/2013\/10\/eruviel-1-2215-202x114.jpg 202w, https:\/\/www.diarioimagen.net\/wp-content\/uploads\/2013\/10\/eruviel-1-2215-350x196.jpg 350w, https:\/\/www.diarioimagen.net\/wp-content\/uploads\/2013\/10\/eruviel-1-2215-220x123.jpg 220w, https:\/\/www.diarioimagen.net\/wp-content\/uploads\/2013\/10\/eruviel-1-2215-237x132.jpg 237w, https:\/\/www.diarioimagen.net\/wp-content\/uploads\/2013\/10\/eruviel-1-2215.jpg 480w\" sizes=\"auto, (max-width: 240px) 100vw, 240px\" \/><\/a><p id=\"caption-attachment-151682\" class=\"wp-caption-text\">El gobernador Eruviel \u00c1vila Villegas entreg\u00f3 est\u00edmulos econ\u00f3micos y reconocimientos a 3 mil 666 docentes y directivos del magisterio mexiquense.<\/p><\/div>\n<p><strong>Ecatepec, Estado de M\u00e9xico<\/strong>.- Durante la entrega de est\u00edmulos econ\u00f3micos y reconocimientos a docentes y directivos del magisterio mexiquense, el gobernador Eruviel \u00c1vila Villegas y el l\u00edder del Sindicato Nacional de Trabajadores de la Educaci\u00f3n (SNTE), Juan D\u00edaz de la Torre, firmaron el Acuerdo Gobierno del Estado de M\u00e9xico-SNTE, en el marco de la reforma educativa, con el objetivo de garantizar los derechos laborales de los docentes, as\u00ed como alinear los prop\u00f3sitos de esta iniciativa a las necesidades de la educaci\u00f3n en la entidad, a trav\u00e9s de la creaci\u00f3n de consensos con los profesores.<\/p>\n<p>\u201cQue quede claro, este convenio, la gesti\u00f3n que ha hecho el dirigente nacional, los l\u00edderes seccionales, ante el gobierno del estado, pretende, y as\u00ed ser\u00e1, que la reforma educativa, que va para adelante, es un hecho, es para el bien de la educaci\u00f3n, sin duda alguna, tambi\u00e9n que quede claro, que no voy a permitir que se atente con los derechos de las maestras y los maestros, al contrario, tendr\u00e1 que ser una normatividad, s\u00ed que vea por la educaci\u00f3n, s\u00ed que vea por los ni\u00f1os, pero tambi\u00e9n que vea por las maestras y maestros que son la m\u00e9dula espinal de todo el sistema educativo del Estado de M\u00e9xico\u201d.<\/p>\n<p>Ante m\u00e1s de 4 mil maestros adscritos a las secciones 17 y 36 del SNTE, Eruviel \u00c1vila entreg\u00f3 la quinta promoci\u00f3n del Programa de Est\u00edmulo Econ\u00f3mico y Reconocimiento a 3 mil 666 docentes y directivos del magisterio, donde asegur\u00f3 que el gobierno mexiquense est\u00e1 del lado de los profesores y de la educaci\u00f3n.<\/p>\n<p>Por ello, garantiz\u00f3 que no permitir\u00e1 que se atente contra los derechos de este gremio, y que en el Estado de M\u00e9xico la reforma educativa se regir\u00e1 por una normatividad que vea por el desarrollo de la educaci\u00f3n.<\/p>\n<p>Acompa\u00f1ado por los secretarios generales de las secciones 17 y 36 de este sindicato, Gustavo Michua y Michua y H\u00e9ctor \u00c1nimas Vargas, respectivamente, el gobernador exhort\u00f3 al presidente de la C\u00e1mara de Diputados estatal, Aar\u00f3n Urbina Bedolla, a consensuar con todas las fuerzas pol\u00edticas el respaldo a esta reforma, as\u00ed como a los derechos de los maestros.<\/p>\n<p>\u201cMe da mucho gusto ver al l\u00edder nacional construyendo consensos en favor de la educaci\u00f3n, en favor de los maestros de M\u00e9xico y del Estado de M\u00e9xico. Trabajando de la mano con nuestros l\u00edderes seccionales del Valle de M\u00e9xico, del Valle de Toluca, y de todos ustedes dirigentes sindicales y hoy galardonados, tambi\u00e9n, porque est\u00e1n recibiendo este reconocimiento, este apoyo econ\u00f3mico que realmente es poco a comparaci\u00f3n de lo tanto que ustedes le dan a la educaci\u00f3n, a las ni\u00f1as, a los ni\u00f1os,\u00a0 al tiempo que ustedes han dedicado para ponerse a estudiar, para quemarse las pesta\u00f1as para estar actualizados, para dar lo mejor de s\u00ed\u201d.<\/p>\n","protected":false},"excerpt":{"rendered":"<p>Durante la entrega de est\u00edmulos econ\u00f3micos y reconocimientos a docentes y directivos del magisterio mexiquense, el gobernador Eruviel \u00c1vila Villegas y el l\u00edder del Sindicato Nacional de Trabajadores de la Educaci\u00f3n (SNTE), Juan D\u00edaz de la Torre, firmaron el Acuerdo Gobierno del Estado de M\u00e9xico-SNTE, en el marco de la reforma educativa, con el objetivo de garantizar los derechos laborales de los docentes, as\u00ed como alinear los prop\u00f3sitos de esta iniciativa a las necesidades de la educaci\u00f3n en la entidad, a trav\u00e9s de la creaci\u00f3n de consensos con los profesores.<\/p>\n","protected":false},"author":3,"featured_media":151682,"comment_status":"open","ping_status":"open","sticky":false,"template":"","format":"standard","meta":{"_monsterinsights_skip_tracking":false,"_monsterinsights_sitenote_active":false,"_monsterinsights_sitenote_note":"","_monsterinsights_sitenote_category":0,"footnotes":""},"categories":[17,5],"tags":[20049,454,43675,2047],"class_list":["post-151649","post","type-post","status-publish","format-standard","has-post-thumbnail","hentry","category-especiales","category-estado-de-mexico","tag-eav","tag-ecatepec","tag-estado-de-mexico","tag-sindicato-nacional-de-trabajadores-de-la-educacion"],"_links":{"self":[{"href":"https:\/\/www.diarioimagen.net\/index.php?rest_route=\/wp\/v2\/posts\/151649","targetHints":{"allow":["GET"]}}],"collection":[{"href":"https:\/\/www.diarioimagen.net\/index.php?rest_route=\/wp\/v2\/posts"}],"about":[{"href":"https:\/\/www.diarioimagen.net\/index.php?rest_route=\/wp\/v2\/types\/post"}],"author":[{"embeddable":true,"href":"https:\/\/www.diarioimagen.net\/index.php?rest_route=\/wp\/v2\/users\/3"}],"replies":[{"embeddable":true,"href":"https:\/\/www.diarioimagen.net\/index.php?rest_route=%2Fwp%2Fv2%2Fcomments&post=151649"}],"version-history":[{"count":0,"href":"https:\/\/www.diarioimagen.net\/index.php?rest_route=\/wp\/v2\/posts\/151649\/revisions"}],"wp:featuredmedia":[{"embeddable":true,"href":"https:\/\/www.diarioimagen.net\/index.php?rest_route=\/wp\/v2\/media\/151682"}],"wp:attachment":[{"href":"https:\/\/www.diarioimagen.net\/index.php?rest_route=%2Fwp%2Fv2%2Fmedia&parent=151649"}],"wp:term":[{"taxonomy":"category","embeddable":true,"href":"https:\/\/www.diarioimagen.net\/index.php?rest_route=%2Fwp%2Fv2%2Fcategories&post=151649"},{"taxonomy":"post_tag","embeddable":true,"href":"https:\/\/www.diarioimagen.net\/index.php?rest_route=%2Fwp%2Fv2%2Ftags&post=151649"}],"curies":[{"name":"wp","href":"https:\/\/api.w.org\/{rel}","templated":true}]}}