{"id":151651,"date":"2013-10-25T00:13:40","date_gmt":"2013-10-25T05:13:40","guid":{"rendered":"http:\/\/www.diarioimagen.net\/?p=151651"},"modified":"2013-10-25T04:00:20","modified_gmt":"2013-10-25T09:00:20","slug":"edomex-y-snte-firman-acuerdo-por-la-educacion","status":"publish","type":"post","link":"https:\/\/www.diarioimagen.net\/?p=151651","title":{"rendered":"Edomex y SNTE firman acuerdo por la educaci\u00f3n"},"content":{"rendered":"<h2>Arco Norte<\/h2>\n<h5>Jos\u00e9 Luis Monta\u00f1ez Aguilar<\/h5>\n<p><span>\u00a0<\/span><\/p>\n<div id=\"attachment_151675\" style=\"width: 250px\" class=\"wp-caption alignleft\"><a href=\"http:\/\/www.diarioimagen.net\/wp-content\/uploads\/2013\/10\/eruviel-2215.jpg\"><img loading=\"lazy\" decoding=\"async\" aria-describedby=\"caption-attachment-151675\" class=\"size-medium wp-image-151675\" alt=\"El gobernador del Estado de M\u00e9xico, Eruviel \u00c1vila Villegas y el l\u00edder del SNTE, Juan D\u00edaz de la Torre.\" src=\"http:\/\/www.diarioimagen.net\/wp-content\/uploads\/2013\/10\/eruviel-2215-240x135.jpg\" width=\"240\" height=\"135\" srcset=\"https:\/\/www.diarioimagen.net\/wp-content\/uploads\/2013\/10\/eruviel-2215-240x135.jpg 240w, https:\/\/www.diarioimagen.net\/wp-content\/uploads\/2013\/10\/eruviel-2215-420x236.jpg 420w, https:\/\/www.diarioimagen.net\/wp-content\/uploads\/2013\/10\/eruviel-2215-235x132.jpg 235w, https:\/\/www.diarioimagen.net\/wp-content\/uploads\/2013\/10\/eruviel-2215-202x114.jpg 202w, https:\/\/www.diarioimagen.net\/wp-content\/uploads\/2013\/10\/eruviel-2215-350x196.jpg 350w, https:\/\/www.diarioimagen.net\/wp-content\/uploads\/2013\/10\/eruviel-2215-220x123.jpg 220w, https:\/\/www.diarioimagen.net\/wp-content\/uploads\/2013\/10\/eruviel-2215-237x132.jpg 237w, https:\/\/www.diarioimagen.net\/wp-content\/uploads\/2013\/10\/eruviel-2215.jpg 480w\" sizes=\"auto, (max-width: 240px) 100vw, 240px\" \/><\/a><p id=\"caption-attachment-151675\" class=\"wp-caption-text\">El gobernador del Estado de M\u00e9xico, Eruviel \u00c1vila Villegas y el l\u00edder del SNTE, Juan D\u00edaz de la Torre.<\/p><\/div>\n<p><span>Con el objetivo de garantizar los derechos laborales de los docentes, as\u00ed como alinear los prop\u00f3sitos de la reforma educativa a las necesidades de la educaci\u00f3n en la entidad, mediante la creaci\u00f3n de consensos con los profesores, el gobernador del Estado de M\u00e9xico, Eruviel \u00c1vila Villegas, entreg\u00f3 est\u00edmulos econ\u00f3micos y reconocimientos a profesores y directivos del magisterio mexiquense. En el marco de este acto, el mandatario y el l\u00edder del Sindicato Nacional de Trabajadores de la Educaci\u00f3n (SNTE), Juan D\u00edaz de la Torre, firm\u00f3 un acuerdo para impulsar los cambios en la educaci\u00f3n. \u201cQue quede claro, este convenio, la gesti\u00f3n que ha hecho el dirigente nacional, los l\u00edderes seccionales, ante el gobierno del estado, se pretende, y as\u00ed ser\u00e1, que la reforma educativa, que va para adelante, es un hecho, es para el bien de la educaci\u00f3n, sin duda alguna, tambi\u00e9n que quede claro, que no voy a permitir que se atente contra los derechos de las maestras y los maestros, al contrario, tendr\u00e1 que ser una normatividad, que vea por la educaci\u00f3n, que vea por los ni\u00f1os, pero tambi\u00e9n que vea por las maestras y maestros que son la m\u00e9dula espinal de todo el sistema educativo del Estado de M\u00e9xico\u201d, se\u00f1al\u00f3.\u00a0Ante m\u00e1s de 4 mil maestros adscritos a las secciones 17 y 36 del SNTE, Eruviel \u00c1vila entreg\u00f3 la quinta promoci\u00f3n del Programa de Est\u00edmulo Econ\u00f3mico y Reconocimiento a 3 mil 666 docentes y directivos del magisterio, donde asegur\u00f3 que el gobierno mexiquense est\u00e1 del lado de los profesores y de la educaci\u00f3n. Por ello, garantiz\u00f3 que no permitir\u00e1 que se atente contra los derechos de este gremio, y que en el Estado de M\u00e9xico la reforma educativa se regir\u00e1 por una normatividad que vea por el desarrollo de la educaci\u00f3n. Acompa\u00f1ado por los secretarios generales de las secciones 17 y 36 de este sindicato, Gustavo Michua y Michua y H\u00e9ctor \u00c1nimas Vargas, respectivamente, el gobernador exhort\u00f3 al presidente de la C\u00e1mara de Diputados estatal, Aar\u00f3n Urbina Bedolla, a consensuar con todas las fuerzas pol\u00edticas el respaldo a esta reforma.<\/span><\/p>\n<p><em><\/em><em><a href=\"mailto:montanezaguilar@gmail.com\" target=\"_blank\">montanezaguilar@gmail.com<\/a><\/em><\/p>\n","protected":false},"excerpt":{"rendered":"<p><span style=\"color: #005497;\"><strong>Jos\u00e9 Luis Monta\u00f1ez Aguilar<\/strong><\/span><br \/>\n<br \/>\nCon el objetivo de garantizar los derechos laborales de los docentes, as\u00ed como alinear los prop\u00f3sitos de la reforma educativa a las necesidades de la educaci\u00f3n en la entidad, mediante la creaci\u00f3n de consensos con los profesores, el gobernador del Estado de M\u00e9xico, Eruviel \u00c1vila Villegas, entreg\u00f3 est\u00edmulos econ\u00f3micos y reconocimientos a profesores y directivos del magisterio mexiquense.<\/p>\n","protected":false},"author":3,"featured_media":151675,"comment_status":"open","ping_status":"open","sticky":false,"template":"","format":"standard","meta":{"_monsterinsights_skip_tracking":false,"_monsterinsights_sitenote_active":false,"_monsterinsights_sitenote_note":"","_monsterinsights_sitenote_category":0,"footnotes":""},"categories":[5],"tags":[13284,5828,43704,43674],"class_list":["post-151651","post","type-post","status-publish","format-standard","has-post-thumbnail","hentry","category-estado-de-mexico","tag-arco-norte","tag-eruviel-avila-villegas","tag-jose-luis-montanez-aguilar","tag-opinion"],"_links":{"self":[{"href":"https:\/\/www.diarioimagen.net\/index.php?rest_route=\/wp\/v2\/posts\/151651","targetHints":{"allow":["GET"]}}],"collection":[{"href":"https:\/\/www.diarioimagen.net\/index.php?rest_route=\/wp\/v2\/posts"}],"about":[{"href":"https:\/\/www.diarioimagen.net\/index.php?rest_route=\/wp\/v2\/types\/post"}],"author":[{"embeddable":true,"href":"https:\/\/www.diarioimagen.net\/index.php?rest_route=\/wp\/v2\/users\/3"}],"replies":[{"embeddable":true,"href":"https:\/\/www.diarioimagen.net\/index.php?rest_route=%2Fwp%2Fv2%2Fcomments&post=151651"}],"version-history":[{"count":0,"href":"https:\/\/www.diarioimagen.net\/index.php?rest_route=\/wp\/v2\/posts\/151651\/revisions"}],"wp:featuredmedia":[{"embeddable":true,"href":"https:\/\/www.diarioimagen.net\/index.php?rest_route=\/wp\/v2\/media\/151675"}],"wp:attachment":[{"href":"https:\/\/www.diarioimagen.net\/index.php?rest_route=%2Fwp%2Fv2%2Fmedia&parent=151651"}],"wp:term":[{"taxonomy":"category","embeddable":true,"href":"https:\/\/www.diarioimagen.net\/index.php?rest_route=%2Fwp%2Fv2%2Fcategories&post=151651"},{"taxonomy":"post_tag","embeddable":true,"href":"https:\/\/www.diarioimagen.net\/index.php?rest_route=%2Fwp%2Fv2%2Ftags&post=151651"}],"curies":[{"name":"wp","href":"https:\/\/api.w.org\/{rel}","templated":true}]}}