{"id":151653,"date":"2013-10-25T00:07:58","date_gmt":"2013-10-25T05:07:58","guid":{"rendered":"http:\/\/www.diarioimagen.net\/?p=151653"},"modified":"2013-10-28T04:06:26","modified_gmt":"2013-10-28T10:06:26","slug":"falso-atentado-en-gobernacion","status":"publish","type":"post","link":"https:\/\/www.diarioimagen.net\/?p=151653","title":{"rendered":"Falso atentado en Gobernaci\u00f3n"},"content":{"rendered":"<h2>Tras la puerta del poder<\/h2>\n<h5>Roberto Vizca\u00edno<\/h5>\n<p>&nbsp;<\/p>\n<ul>\n<li><strong><i>Los tiempos hacen cre\u00edbles las amenazas y la prudencia advierte que deben ser atendidas con seriedad \u00a0<\/i><\/strong><\/li>\n<li><strong><i>Con 74 a\u00f1os encima, el PAN va ahora a la primera elecci\u00f3n directa de sus dirigentes nacionales<\/i><\/strong><\/li>\n<li><strong><i>El nuevo presidente blanquiazul saldr\u00e1 del voto de 400 mil militantes registrados en todo el pa\u00eds<\/i><\/strong><\/li>\n<\/ul>\n<div id=\"attachment_151685\" style=\"width: 250px\" class=\"wp-caption alignleft\"><a href=\"http:\/\/www.diarioimagen.net\/wp-content\/uploads\/2013\/10\/inseguridad-galopante-trizas-2215.jpg\" target=\"_blank\"><img loading=\"lazy\" decoding=\"async\" aria-describedby=\"caption-attachment-151685\" class=\"size-medium wp-image-151685 \" alt=\"Inseguridad galopante... | Trizas\" src=\"http:\/\/www.diarioimagen.net\/wp-content\/uploads\/2013\/10\/inseguridad-galopante-trizas-2215-240x169.jpg\" width=\"240\" height=\"169\" srcset=\"https:\/\/www.diarioimagen.net\/wp-content\/uploads\/2013\/10\/inseguridad-galopante-trizas-2215-240x169.jpg 240w, https:\/\/www.diarioimagen.net\/wp-content\/uploads\/2013\/10\/inseguridad-galopante-trizas-2215-420x297.jpg 420w, https:\/\/www.diarioimagen.net\/wp-content\/uploads\/2013\/10\/inseguridad-galopante-trizas-2215.jpg 700w\" sizes=\"auto, (max-width: 240px) 100vw, 240px\" \/><\/a><p id=\"caption-attachment-151685\" class=\"wp-caption-text\">Inseguridad galopante&#8230; | Trizas<\/p><\/div>\n<p>Lo ocurrido ayer en la Secretar\u00eda de Gobernaci\u00f3n no es ni extra\u00f1o ni extraordinario. La amenaza de bomba lleg\u00f3 como otras muchas intimidaciones en una dependencia encargada de la seguridad nacional, la vinculaci\u00f3n pol\u00edtica interna y del Poder Ejecutivo con el resto de los poderes del Estado.<\/p>\n<p>\u00bfCu\u00e1ntas amenazas de bomba se reciben en la Casa\u00a0 Blanca, la CIA o el FBI? Ufff!<\/p>\n<p>Pero lo que marc\u00f3 ayer la diferencia de esa amenaza es el contexto de conflictividad que vive hoy M\u00e9xico.<\/p>\n<p>Est\u00e1 el asunto de la violenta y muy beligerante protesta de la disidencia magisterial. Ni para qu\u00e9 recordar todo el asunto del crimen organizado &#8211;que en lo que va de este sexenio ha visto la baja y captura de capos o personajes relevantes en su mundo&#8211;, y luego est\u00e1 lo de las reacciones que ha tenido la reforma hacendaria en curso.<\/p>\n<p>S\u00f3lo por citar los casos m\u00e1s sobresalientes.<\/p>\n<p>Por ello, no sorprende que, cuando lleg\u00f3 el aviso, se movilizaran todos los equipos y mecanismos antiterroristas, perd\u00f3n, de seguridad interna y el especializado de antibombas para enfrentar la situaci\u00f3n.<\/p>\n<p>De entrada se revisaron exhaustivamente todos los edificios que integran le sede nacional de la dependencia, en lo que el argot pol\u00edtico denomina como \u201cBucareli\u201d.<\/p>\n<p>Cosa de estos nuevos tiempos, una vez concluida la revisi\u00f3n, los equipos rindieron su \u201cparte\u201d para informarle no a los funcionarios y titulares de la dependencia, sino a los mexicanos, que no se hab\u00eda \u201cencontrado\u201d nada.<\/p>\n<p>Hoy, con una sociedad cada vez m\u00e1s atenta a los acontecimientos a su alrededor dotada de equipos m\u00f3viles &#8211;celulares, tabletas, otros&#8211; que video graban \u00a0y \u201csuben\u201d a las redes sociales (Facebook, Twitter y otros)\u00a0con rapidez y facilidad los hechos im\u00e1genes y sonidos de todo lo que pasa en su entorno, hab\u00eda que aceptar que hubo amenaza de atentado y que esta se enfrent\u00f3 con los protocolos y acciones correspondientes.<\/p>\n<p>En su comunicado de apenas cuatro p\u00e1rrafos, la secretar\u00eda explic\u00f3 que una vez recibida la amenaza, \u201cse activaron los protocolos de prevenci\u00f3n por parte del personal de seguridad interna, as\u00ed como del Escuadr\u00f3n Antibombas de la Polic\u00eda Federal, apoyados por elementos caninos, para revisar todos los edificios del Conjunto Bucareli\u201d.<\/p>\n<p>Y que, \u201cuna vez concluida la revisi\u00f3n, los elementos de seguridad interna y de la Polic\u00eda Federal informaron que no encontraron ning\u00fan artefacto explosivo\u201d y que \u201cla Secretar\u00eda de Gobernaci\u00f3n mantuvo, en todo momento, su actividad cotidiana y no fue necesario evacuar a los trabajadores\u201d.<\/p>\n<p>Lo cierto es que ya estas cosas no se pueden ocultar o enfrentar como si fueran un rumor sin importancia\u2026 porque lo cierto es que existe un grado de posibilidad de que s\u00ed ocurran.<\/p>\n<p align=\"center\">\u00a0<b>LA MADRE DE TODAS LAS BATALLAS<\/b><\/p>\n<p>Hace un par de d\u00edas el coordinador formal de los senadores del PAN, el colimense Jorge Luis Preciado, rescataba la frase para se\u00f1alar que su grupo ir\u00eda a dar la gran batalla contra la reforma hacendaria.<\/p>\n<p>Pero la verdad es que la madre de todas las batallas apenas comienza entre los diferentes grupos y personajes del panismo, pero por la presidencia nacional de su partido.<\/p>\n<p>La contienda deber\u00e1 darse, de acuerdo a los tiempos marcados por los estatutos, en diciembre o en enero y en esta ocasi\u00f3n, y por primera vez en la vida de Acci\u00f3n Nacional que ya rebasa los 74 a\u00f1os, deber\u00e1 realizarse en votaci\u00f3n abierta y con la participaci\u00f3n de los militantes de base de este partido.<\/p>\n<p>Eso marcar\u00e1 la diferencia. Porque por primera vez el presidente de este partido no saldr\u00e1 de una convenci\u00f3n de consejeros.<\/p>\n<p>Y en este contexto quienes llevan ventaja son el actual dirigente Gustavo Madero que ha recorrido varias veces el pa\u00eds y quien sale todos los d\u00edas en los medios informativos como parte del Pacto por M\u00e9xico o por su accionar como l\u00edder del panismo, as\u00ed como la ex candidata presidencial blanquiazul, Josefina V\u00e1zquez Mota, quien ya recibi\u00f3 casi 10 millones de votos en la pasada elecci\u00f3n presidencial de julio de 2012.<\/p>\n<p>Los que est\u00e1n en desventaja son el senador Ernesto Cordero \u2013quien representa ya al grupo del expresidente Felipe Calder\u00f3n-, y algunos otros aspirantes que no son tan conocidos por los mexicanos.<\/p>\n<p>Estas circunstancias se potencializan con la aprobaci\u00f3n hecha anteayer por el IFE de los nuevos estatutos del PAN.<\/p>\n<p>Madero adelant\u00f3 sonriente diez puntos sobresalientes de estos nuevos estatutos, reglas que en su momento fueron impugnadas por el grupo de Cordero.<\/p>\n<p>El primer logro de estos nuevos estatutos, dijo, lo define el hecho de que ahora 270 de los 300 consejeros nacionales, saldr\u00e1n del voto en los estados lo cual federaliza este \u00f3rgano de direcci\u00f3n partidaria y reduce facultades a la centralizaci\u00f3n de decisiones.<\/p>\n<p>Otro es que los nuevos estatutos crean una Comisi\u00f3n Permanente que mejorar\u00e1 la sinergia y la coordinaci\u00f3n del partido con sus bancadas y con sus gobiernos, y modernizan y actualizan la afiliaci\u00f3n.<\/p>\n<p>Surgen adem\u00e1s los consejos consultivos en los \u00f3rganos estatales, municipales y nacionales para atender la vinculaci\u00f3n del partido con la sociedad y garantizan la equidad de g\u00e9nero en todos los puestos de elecci\u00f3n popular y de \u00f3rganos de direcci\u00f3n.<\/p>\n<p>Fortalecer\u00e1 la competitividad interna al permitir identificar desde un a\u00f1o antes a los posibles candidatos a cargos de elecci\u00f3n.<\/p>\n<p>Y permitir\u00e1 sancionar contundente y oportunamente a militantes corruptos que ocupen cargos p\u00fablicos y aclarar\u00e1n los mecanismos internos para solucionar controversias adem\u00e1s de que avanza el principio de transparencia partidaria.<\/p>\n<p align=\"center\">\u00a0<b>JOSEFINA VA<\/b><\/p>\n<p>En medio de estos an\u00e1lisis, la ex secretaria de Educaci\u00f3n y ex titular de Sedesol, ex candidata presidencial perdedora, Josefina V\u00e1zquez Mota reiter\u00f3 su intenci\u00f3n de competir por la dirigencia nacional de su partido.<\/p>\n<p>En estos d\u00edas, ante el enojo e irritaci\u00f3n del grupo de Ernesto Cordero, varios ex gobernadores blanquiazules expresaron su apoyo a Josefina.<\/p>\n<p>Y ayer el coordinador de la bancada senatorial panista, el colimense Jorge Luis Preciado consider\u00f3 positivo para su partido que participen muchos por la dirigencia nacional y brome\u00f3: \u201ca ver cu\u00e1ntos nos apuntamos de aqu\u00ed al domingo\u201d.<\/p>\n<p>Pero de inmediato rectific\u00f3: \u201cNo, c\u00f3mo cree\u2026 si yo ya no quiero queso, sino salir de la ratonera.<\/p>\n<p>\u201cMire yo veo que es valioso que participen todos los compa\u00f1eros, ya est\u00e1 ah\u00ed Ernesto (Codero) que ya dijo que va; (Gustavo) Madero que va por la reelecci\u00f3n, Josefina que se est\u00e1 apuntando, Juan Manuel Oliva (exgobernador de Guanajuato) que dice que tambi\u00e9n pudiera participar; est\u00e1 Gaby Ruiz que tambi\u00e9n por ah\u00ed anda nuestra compa\u00f1era ex senadora busc\u00e1ndola.<\/p>\n<p>\u201cYo creo que es valioso que participen todos, al final del d\u00eda va a decidir la militancia, son 400 mil militantes que van a votar y creo que lo que diga la militancia es lo que vamos a respetar todos.<\/p>\n<p>\u201cNosotros como grupo parlamentario, vamos a mantenernos al margen de, ahora s\u00ed que de la grilla interna del PAN, y nos vamos a dedicar a sacar las reformas y cada senador va a poder decidir a qui\u00e9n apoya con toda libertad y eso es lo que vamos a tratar de hacer, no mezclar nuestro trabajo legislativo con el trabajo partidista\u201d.<\/p>\n<p>&#8211; \u00bfObviamente usted apoya a Madero?<\/p>\n<p>\u201cS\u00ed, eso yo lo he dicho\u2026 Madero tienen mi voto como militante, pero mi neutralidad como Coordinador\u201d.<\/p>\n<p>Preciado consider\u00f3 que una vez aprobados los nuevos estatutos por el IFE, \u201cel piso est\u00e1 parejo, hay que ir con los 400 mil militantes, y pues el que saque m\u00e1s votos es el que nos va a dirigir y vamos a respetar esa decisi\u00f3n de la militancia. Yo no quisiera anticipar si esto ayuda o no ayuda a alguien, yo creo que el militante es el que al final del d\u00eda va a decidir y lo que decida para nosotros est\u00e1 muy bien\u201d, subray\u00f3.<\/p>\n<p><em><a href=\"mailto:rvizcaino@gmail.com\" target=\"_blank\">rvizcaino@gmail.com<\/a><\/em><\/p>\n","protected":false},"excerpt":{"rendered":"<p><span style=\"color: #005497;\"><strong>Roberto Vizca\u00edno<\/strong><\/span><br \/>\n<br \/>\nLo ocurrido ayer en la Secretar\u00eda de Gobernaci\u00f3n no es ni extra\u00f1o ni extraordinario. La amenaza de bomba lleg\u00f3 como otras muchas intimidaciones en una dependencia encargada de la seguridad nacional, la vinculaci\u00f3n pol\u00edtica interna y del Poder Ejecutivo con el resto de los poderes del Estado.<\/p>\n","protected":false},"author":3,"featured_media":151685,"comment_status":"open","ping_status":"open","sticky":false,"template":"","format":"standard","meta":{"_monsterinsights_skip_tracking":false,"_monsterinsights_sitenote_active":false,"_monsterinsights_sitenote_note":"","_monsterinsights_sitenote_category":0,"footnotes":""},"categories":[136],"tags":[909,177,43674,93,94],"class_list":["post-151653","post","type-post","status-publish","format-standard","has-post-thumbnail","hentry","category-roberto-vizcaino-opinion","tag-casa-blanca","tag-estados-unidos","tag-opinion","tag-roberto-vizcaino","tag-tras-la-puerta-del-poder"],"_links":{"self":[{"href":"https:\/\/www.diarioimagen.net\/index.php?rest_route=\/wp\/v2\/posts\/151653","targetHints":{"allow":["GET"]}}],"collection":[{"href":"https:\/\/www.diarioimagen.net\/index.php?rest_route=\/wp\/v2\/posts"}],"about":[{"href":"https:\/\/www.diarioimagen.net\/index.php?rest_route=\/wp\/v2\/types\/post"}],"author":[{"embeddable":true,"href":"https:\/\/www.diarioimagen.net\/index.php?rest_route=\/wp\/v2\/users\/3"}],"replies":[{"embeddable":true,"href":"https:\/\/www.diarioimagen.net\/index.php?rest_route=%2Fwp%2Fv2%2Fcomments&post=151653"}],"version-history":[{"count":0,"href":"https:\/\/www.diarioimagen.net\/index.php?rest_route=\/wp\/v2\/posts\/151653\/revisions"}],"wp:featuredmedia":[{"embeddable":true,"href":"https:\/\/www.diarioimagen.net\/index.php?rest_route=\/wp\/v2\/media\/151685"}],"wp:attachment":[{"href":"https:\/\/www.diarioimagen.net\/index.php?rest_route=%2Fwp%2Fv2%2Fmedia&parent=151653"}],"wp:term":[{"taxonomy":"category","embeddable":true,"href":"https:\/\/www.diarioimagen.net\/index.php?rest_route=%2Fwp%2Fv2%2Fcategories&post=151653"},{"taxonomy":"post_tag","embeddable":true,"href":"https:\/\/www.diarioimagen.net\/index.php?rest_route=%2Fwp%2Fv2%2Ftags&post=151653"}],"curies":[{"name":"wp","href":"https:\/\/api.w.org\/{rel}","templated":true}]}}