{"id":151661,"date":"2013-10-25T00:05:46","date_gmt":"2013-10-25T05:05:46","guid":{"rendered":"http:\/\/www.diarioimagen.net\/?p=151661"},"modified":"2013-10-28T04:42:11","modified_gmt":"2013-10-28T10:42:11","slug":"dudas-en-el-pan","status":"publish","type":"post","link":"https:\/\/www.diarioimagen.net\/?p=151661","title":{"rendered":"Dudas en el PAN"},"content":{"rendered":"<h2>De frente y de perfil<\/h2>\n<h5>Ram\u00f3n Zurita Sahag\u00fan<\/h5>\n<p><span><br \/>\nPor vez primera, el Partido Acci\u00f3n Nacional abre a toda su militancia la elecci\u00f3n de su dirigente nacional.<\/span><\/p>\n<p>Desde su fundaci\u00f3n en el lejano 1939, los panistas manten\u00edan cerrado el procedimiento de selecci\u00f3n de sus dirigentes, el que correspond\u00eda a un reducido grupo de consejeros. Los militantes y dirigentes panistas, especialmente los segundos, mantuvieron herm\u00e9tico los diversos mecanismos usados, tanto para la elecci\u00f3n de sus dirigentes como de los propios consejeros que realizaban dicho procedimiento.<\/p>\n<p>Incluso, la propia aceptaci\u00f3n de militantes era sumamente selectiva, hasta la aparici\u00f3n de los adherentes.<\/p>\n<p>Por eso, poco se sab\u00eda de las crisis internas que viv\u00eda este palas que se conoc\u00edan hasta el momento mismo en que algunos de estos personajes abandonaban las filas del panismo.<\/p>\n<p>Una de las peores crisis vividas al interior de Acci\u00f3n Nacional fue la que provoc\u00f3 que en 1976 este partido se abstuviera de presentar aspirante presidencial, dejando libre al PRI que fue el \u00fanico organismo pol\u00edtico que present\u00f3 candidato.<\/p>\n<p>Fueron muchos los a\u00f1os en que los panistas se mantuvieron celosos de su partido, sin aceptar a personajes provenientes de otros partidos, hasta la irrupci\u00f3n de los llamados \u201cB\u00e1rbaros del Norte\u201d ocurrida en la d\u00e9cada de los 80 y que desencaden\u00f3 la candidatura presidencial de Manuel de Jes\u00fas Clouthier. Fue hasta la elecci\u00f3n de 1988 cuando Acci\u00f3n Nacional tuvo el primer candidato competitivo, resultando ese proceso electoral uno de los m\u00e1s competitivos en la historia del pa\u00eds.<\/p>\n<p>Producto de ello fue el triunfo alcanzado 12 a\u00f1os m\u00e1s tarde, cuando otro personaje (Vicente Fox) surgido de esa misma corriente de la d\u00e9cada de los 80 se convirti\u00f3 en el primer Presidente de M\u00e9xico surgido de un partido ajeno al PRI.<\/p>\n<p>Ya para entonces el PAN contaba con miles de afiliados y se convirti\u00f3 en un partido semejante a los otros, con la aceptaci\u00f3n de ex militantes de otros partidos que buscaban solamente un veh\u00edculo para acceder a los cargos de elecci\u00f3n popular.<\/p>\n<p>Surgieron los mismos se\u00f1alamientos que se hac\u00eda a otros partidos sobre la opaca transparencia de sus m\u00e9todos democr\u00e1ticos y las denuncias y quejas que se dirim\u00edan al seno del partido, traspusieron esas fronteras.<\/p>\n<p>Los panistas se convirtieron en una opci\u00f3n como las otras, alejados de ese halo de pureza que siempre pregonaron.<\/p>\n<p>Sus m\u00e9todos democr\u00e1ticos fueron satanizados una y otra vez, las denuncias de fraude se multiplicaron y el misterio que rodeaba sus sesiones fue develado.<\/p>\n<p>Acci\u00f3n Nacional perdi\u00f3 la Presidencia de la Rep\u00fablica despu\u00e9s de 12 a\u00f1os en que la ciudadan\u00eda hab\u00eda optado por uno de sus militantes y fue relegado hasta el tercer lugar en las preferencias electorales, siendo la primera ocasi\u00f3n en que un partido en el poder sufr\u00eda esas consecuencias.<\/p>\n<p>La crisis al interior del partido no tard\u00f3 en presentarse y los personajes mejor ubicados comenzaron con el jaloneo de parcelas de poder. Ahora, el PAN se prepara la elecci\u00f3n de su dirigencia nacional, en medio de una crisis severa, donde se mantiene un enfrentamiento frontal entre los herederos del sexenio pasado y la actual dirigencia del partido.<\/p>\n<p>Las cabezas de esos dos grupos antag\u00f3nicos se presentan como la opci\u00f3n viable para disputar la presidencia del partido, aunque se buscan otras alternativas que puedan reorganizar al organismo pol\u00edtico y eviten una eventual fractura.<\/p>\n<p>Gustavo E. Madero Mu\u00f1oz, actual presidente del CEN de ese partido y Ernesto Cordero Arroyo, ex secretario de Hacienda y ex coordinador de la fracci\u00f3n senatorial del partido, son, hasta el momento, las dos figuras m\u00e1s mencionadas para disputar dicha elecci\u00f3n.<\/p>\n<p>Sin embargo, los panistas que no est\u00e1n con uno u otro, buscan una tercera v\u00eda, mediante la candidatura de un personaje que pueda aglutinar a la militancia y evitar rompimiento, divisionismo o fracturas.<\/p>\n<p>Luis Felipe Bravo Mena, ex presidente del partido, se ofreci\u00f3 como esa alternativa, pero no emocion\u00f3 a nadie y pronto fue desechada su propuesta. Ahora lo hace Josefina V\u00e1zquez Mota, ex candidata presidencial que mand\u00f3 al partido al tercer lugar en las preferencias electorales, la que levanta la mano y apoyada por varios ex gobernadores, se presenta como nueva opci\u00f3n.<\/p>\n<p>El problema es que Josefina provoc\u00f3 muchos enconos, luego de su derrota electoral y sus apoyadores no son los que m\u00e1s simpat\u00edas concentran al interior del partido.<\/p>\n<p>La situaci\u00f3n del panismo es sumamente preocupante, ya que muchos militantes consideran que el partido est\u00e1 actuando con un total entreguismo al gobierno federal, por lo que consideran que es momento de cortarle las alas a su actual presidente, evitando su reelecci\u00f3n, mientras que otros consideran que detr\u00e1s del grupo del senador Cordero Arroyo se encuentra toda la maquinaria del gobierno anterior.<\/p>\n<p>Sin embargo, no advierten al personaje que pueda contender y ganarle en la elecci\u00f3n abierta a quienes actualmente se ven con posibilidades de ocasionar un choque frontal. Hay quienes pretenden convencer a Diego Fern\u00e1ndez de Cevallos para que compita, con grandes posibilidades de \u00e9xito, pero el llamado \u201cJefe\u201d se muestra renuente a ello y prefiere abstenerse.<\/p>\n<p align=\"center\"><b>FORO MUNDIAL DE NEGOCIOS<\/b><\/p>\n<p>\u00a0M\u00e1s de 3 mil empresarios participan en el World Business Forum que se celebra en la ciudad de M\u00e9xico, donde zacatecas fue el estado invitado a ello.<\/p>\n<p>En el evento participan expertos que ofrecen conferencias en las que aportan ideas para dotar a las empresas de mayor solidez y hacerlas m\u00e1s competitivas.<\/p>\n<p>Uno de los primeros participantes fue el gobernador de Zacatecas, Miguel Alonso Reyes, quien dio a conocer los atractivos que presenta la entidad para inversionistas. El estado concentra atractivos tales como tur\u00edsticos, empresariales, agropecuarios y record\u00f3 que contin\u00faa siendo el principal productor de plata del pa\u00eds.<\/p>\n<p><em><a href=\"mailto:ramonzurita44@hotmail.com\" target=\"_blank\">ramonzurita44@hotmail.com<br \/>\n<\/a><a href=\"mailto:zurita_sahagun@hotmail.com\" target=\"_blank\">zurita_sahagun@hotmail.com<\/a><\/em><\/p>\n","protected":false},"excerpt":{"rendered":"<p><span style=\"color: #005497;\"><strong>Ram\u00f3n Zurita Sahag\u00fan<\/strong><\/span><\/p>\n","protected":false},"author":3,"featured_media":0,"comment_status":"open","ping_status":"open","sticky":false,"template":"","format":"standard","meta":{"_monsterinsights_skip_tracking":false,"_monsterinsights_sitenote_active":false,"_monsterinsights_sitenote_note":"","_monsterinsights_sitenote_category":0,"footnotes":""},"categories":[234],"tags":[304,43687],"class_list":["post-151661","post","type-post","status-publish","format-standard","hentry","category-ramon-zurita-sahagun","tag-de-frente-y-de-perfil","tag-ramon-zurita-sahagun"],"_links":{"self":[{"href":"https:\/\/www.diarioimagen.net\/index.php?rest_route=\/wp\/v2\/posts\/151661","targetHints":{"allow":["GET"]}}],"collection":[{"href":"https:\/\/www.diarioimagen.net\/index.php?rest_route=\/wp\/v2\/posts"}],"about":[{"href":"https:\/\/www.diarioimagen.net\/index.php?rest_route=\/wp\/v2\/types\/post"}],"author":[{"embeddable":true,"href":"https:\/\/www.diarioimagen.net\/index.php?rest_route=\/wp\/v2\/users\/3"}],"replies":[{"embeddable":true,"href":"https:\/\/www.diarioimagen.net\/index.php?rest_route=%2Fwp%2Fv2%2Fcomments&post=151661"}],"version-history":[{"count":0,"href":"https:\/\/www.diarioimagen.net\/index.php?rest_route=\/wp\/v2\/posts\/151661\/revisions"}],"wp:attachment":[{"href":"https:\/\/www.diarioimagen.net\/index.php?rest_route=%2Fwp%2Fv2%2Fmedia&parent=151661"}],"wp:term":[{"taxonomy":"category","embeddable":true,"href":"https:\/\/www.diarioimagen.net\/index.php?rest_route=%2Fwp%2Fv2%2Fcategories&post=151661"},{"taxonomy":"post_tag","embeddable":true,"href":"https:\/\/www.diarioimagen.net\/index.php?rest_route=%2Fwp%2Fv2%2Ftags&post=151661"}],"curies":[{"name":"wp","href":"https:\/\/api.w.org\/{rel}","templated":true}]}}