{"id":151665,"date":"2013-10-25T00:04:06","date_gmt":"2013-10-25T05:04:06","guid":{"rendered":"http:\/\/www.diarioimagen.net\/?p=151665"},"modified":"2013-10-28T04:45:36","modified_gmt":"2013-10-28T10:45:36","slug":"accion-criminal","status":"publish","type":"post","link":"https:\/\/www.diarioimagen.net\/?p=151665","title":{"rendered":"Acci\u00f3n criminal"},"content":{"rendered":"<h2>Punto por punto<\/h2>\n<h5>Augusto Corro<\/h5>\n<p><span><br \/>\nLo que les faltaba a los guerrerenses para aumentar su tragedia ya les lleg\u00f3 por medio del crimen organizado que ha impedido la entrega de ayuda a los damnificados por las lluvias que trajeron \u201cManuel\u201d e \u201cIngrid\u201d. Esas acciones criminales se realizan concretamente en las regiones de Tierra Caliente y de La Monta\u00f1a.<\/span><\/p>\n<p>A los brigadistas y voluntarios les impiden la repartici\u00f3n de despensas y son despojados de sus veh\u00edculos por grupos armados, que ni siquiera han permitido que se efect\u00fae el censo de damnificados.<\/p>\n<p>Adem\u00e1s de sufrir los embates de los huracanes, los guerrerenses enfrentan ahora las acciones criminales de la delincuencia organizada.\u00a0 En vano ser\u00e1 pedir una mayor vigilancia por parte de las autoridades estatales ineptas que se encuentran cargadas de problemas, con el gobernador \u00c1ngel Aguirre al frente, que dicho sea de paso, no ata ni desata.<\/p>\n<p>Guerrero en los \u00faltimos a\u00f1os ha estado sometido a desastres naturales provocados por los terremotos y los huracanes A esto debe agregarse la pesadilla que significa el crimen organizado, m\u00e1s los problemas propios de una sociedad que exige justicia y seguridad.<\/p>\n<p>Por lo que se ve, \u00c1ngel Aguirre lleg\u00f3 al gobierno de Guerrero con m\u00e1s plagas que aquellas que afectaron a Egipto, en tiempos b\u00edblicos.<\/p>\n<p align=\"center\"><b>JUSTICIA<\/b><\/p>\n<p>El Senado aprob\u00f3 reformas al C\u00f3digo Penal Federal, para que el presidente pueda otorgar el indulto \u201ccuando existan indicios consistentes de violaciones graves a los derechos humanos de la persona sentenciada\u201d. Con lo anterior se da un paso muy importante para la liberaci\u00f3n del profesor chiapaneco, Alberto Patisht\u00e1n, quien se encuentra en la c\u00e1rcel desde hace 13 a\u00f1os por un delito que no cometi\u00f3.<\/p>\n<p>Patisht\u00e1n fue acusado de los delitos de homicidio y lesiones calificados, da\u00f1os en propiedad ajena y portaci\u00f3n de armas de fuego prohibidas, en su presunta participaci\u00f3n en una emboscada ocurrida en el 2000, en El Bosque, en el que murieron seis polic\u00edas.<\/p>\n<p>El profesor nunca estuvo en el lugar de los hechos como se comprob\u00f3 posteriormente. Extra\u00f1amente las autoridades se empe\u00f1aron en mantenerlo en la c\u00e1rcel.\u00a0 Adem\u00e1s, se neg\u00f3 a solicitar el indulto porque aseguraba ser inocente. Todo hace suponer que la injusticia terminar\u00e1 pr\u00f3ximamente.<\/p>\n<p>Lo medular de la reforma consiste en adicionar un art\u00edculo 97 bis al C\u00f3digo Penal Federal para que \u201cde manera excepcional, por s\u00ed o a petici\u00f3n del pleno de alguna de las C\u00e1maras del Congreso, el titular del Poder Ejecutivo federal podr\u00e1 conceder el indulto, por cualquier delito del orden federal o com\u00fan en el Distrito Federal, y previo dictamen del \u00f3rgano ejecutor de la sanci\u00f3n en el que se demuestre que el sentenciado no representa un peligro para la tranquilidad y la seguridad p\u00fablicas, expresando sus razones y fundamentos, cuando existan indicios consistentes de violaciones graves a los derechos humanos del sentenciado\u201d.<\/p>\n<p>Sin lugar a duda, las reformas mencionadas traer\u00e1n beneficios a miles de personas que se encuentran en los reclusorios acusadas de delitos que no cometieron a de faltas menores.\u00a0 Esto ha llevado a incrementar la sobrepoblaci\u00f3n en los penales con un sinn\u00famero de conflictos. La nueva ley traer\u00e1 esperanzas a aquellos que se encuentran en las prisiones y que purgan condenas por delitos que muchas veces cometieron presionados por la necesidad de conseguir comida.<\/p>\n<p align=\"center\"><b>SE REINCORPORA FAUSTO VALLEJO<\/b><\/p>\n<p>El congreso local de Michoac\u00e1n aprob\u00f3 el retorno al poder del gobernador Fausto Vallejo, luego de someterse a un trasplante de h\u00edgado.\u00a0 Claro, los diputados de la oposici\u00f3n manifestaron su inconformidad por el regreso de Vallejo, porque no saben en qu\u00e9 condiciones se encuentra su salud, toda vez que una intervenci\u00f3n quir\u00fargica de tales dimensiones obliga a llevar una vida m\u00e1s tranquila.<\/p>\n<p>Los legisladores tambi\u00e9n externaron su incertidumbre por el futuro de Michoac\u00e1n, pues con la llegada de Vallejo habr\u00e1 nuevos cambios de funcionarios estatales que apoyaron al mandatario interior, Jes\u00fas Reyna Garc\u00eda.\u00a0 Total, en Michoac\u00e1n seguir\u00e1n de mal en peor.<\/p>\n<p align=\"right\"><em><b>Feliz fin de semana.<\/b><\/em><\/p>\n<p>\u00a0<em><a href=\"mailto:aco2742@hotmail.com\" target=\"_blank\">aco2742@hotmail.com<\/a><\/em><\/p>\n","protected":false},"excerpt":{"rendered":"<p><span style=\"color: #005497;\"><strong>Augusto Corro<\/strong><\/span><\/p>\n","protected":false},"author":3,"featured_media":0,"comment_status":"open","ping_status":"open","sticky":false,"template":"","format":"standard","meta":{"_monsterinsights_skip_tracking":false,"_monsterinsights_sitenote_active":false,"_monsterinsights_sitenote_note":"","_monsterinsights_sitenote_category":0,"footnotes":""},"categories":[157],"tags":[43686,28444,43674,11515,12958],"class_list":["post-151665","post","type-post","status-publish","format-standard","hentry","category-augusto-corro","tag-augusto-corro","tag-la-montana","tag-opinion","tag-punto-por-punto","tag-tierra-caliente"],"_links":{"self":[{"href":"https:\/\/www.diarioimagen.net\/index.php?rest_route=\/wp\/v2\/posts\/151665","targetHints":{"allow":["GET"]}}],"collection":[{"href":"https:\/\/www.diarioimagen.net\/index.php?rest_route=\/wp\/v2\/posts"}],"about":[{"href":"https:\/\/www.diarioimagen.net\/index.php?rest_route=\/wp\/v2\/types\/post"}],"author":[{"embeddable":true,"href":"https:\/\/www.diarioimagen.net\/index.php?rest_route=\/wp\/v2\/users\/3"}],"replies":[{"embeddable":true,"href":"https:\/\/www.diarioimagen.net\/index.php?rest_route=%2Fwp%2Fv2%2Fcomments&post=151665"}],"version-history":[{"count":0,"href":"https:\/\/www.diarioimagen.net\/index.php?rest_route=\/wp\/v2\/posts\/151665\/revisions"}],"wp:attachment":[{"href":"https:\/\/www.diarioimagen.net\/index.php?rest_route=%2Fwp%2Fv2%2Fmedia&parent=151665"}],"wp:term":[{"taxonomy":"category","embeddable":true,"href":"https:\/\/www.diarioimagen.net\/index.php?rest_route=%2Fwp%2Fv2%2Fcategories&post=151665"},{"taxonomy":"post_tag","embeddable":true,"href":"https:\/\/www.diarioimagen.net\/index.php?rest_route=%2Fwp%2Fv2%2Ftags&post=151665"}],"curies":[{"name":"wp","href":"https:\/\/api.w.org\/{rel}","templated":true}]}}