{"id":151669,"date":"2013-10-25T00:07:10","date_gmt":"2013-10-25T05:07:10","guid":{"rendered":"http:\/\/www.diarioimagen.net\/?p=151669"},"modified":"2013-10-25T04:14:59","modified_gmt":"2013-10-25T09:14:59","slug":"aldf-exige-informe-sobre-gasto-en-prepas","status":"publish","type":"post","link":"https:\/\/www.diarioimagen.net\/?p=151669","title":{"rendered":"ALDF exige informe sobre gasto en prepas"},"content":{"rendered":"<ul>\n<li><strong><em>La Comisi\u00f3n de Educaci\u00f3n exigir\u00e1 a la Secretar\u00eda de Finanzas explicar por qu\u00e9 no ha ejercido el presupuesto<\/em><\/strong><\/li>\n<\/ul>\n<div id=\"attachment_151697\" style=\"width: 250px\" class=\"wp-caption alignleft\"><a href=\"http:\/\/www.diarioimagen.net\/wp-content\/uploads\/2013\/10\/aldf-2215.jpg\"><img loading=\"lazy\" decoding=\"async\" aria-describedby=\"caption-attachment-151697\" class=\"size-medium wp-image-151697\" alt=\"Dione Anguiano, presidenta de la Comisi\u00f3n de Educaci\u00f3n de la ALDF.\" src=\"http:\/\/www.diarioimagen.net\/wp-content\/uploads\/2013\/10\/aldf-2215-240x206.jpg\" width=\"240\" height=\"206\" srcset=\"https:\/\/www.diarioimagen.net\/wp-content\/uploads\/2013\/10\/aldf-2215-240x206.jpg 240w, https:\/\/www.diarioimagen.net\/wp-content\/uploads\/2013\/10\/aldf-2215-420x362.jpg 420w, https:\/\/www.diarioimagen.net\/wp-content\/uploads\/2013\/10\/aldf-2215.jpg 500w\" sizes=\"auto, (max-width: 240px) 100vw, 240px\" \/><\/a><p id=\"caption-attachment-151697\" class=\"wp-caption-text\">Dione Anguiano, presidenta de la Comisi\u00f3n de Educaci\u00f3n de la ALDF.<\/p><\/div>\n<p>La Comisi\u00f3n de Educaci\u00f3n de la ALDF se reunir\u00e1 la pr\u00f3xima semana con la Secretar\u00eda de Finanzas y del Instituto de Educaci\u00f3n Medio Superior (IEMS), para conocer por que no ha ejercido los recursos necesarios para atender las preparatorias del gobierno local.<\/p>\n<p>As\u00ed lo inform\u00f3 la secretaria de la comisi\u00f3n, la diputada Dione Anguiano al reunirse con estudiantes y maestros de las preparatorias del gobierno capitalino, a quienes dijo que se deben destinar los recursos necesarios para que esas instituciones educativas funcionen de manera adecuada.<\/p>\n<p>La legisladora perredista asegur\u00f3 que para el jefe de gobierno, Miguel \u00c1ngel Mancera, la educaci\u00f3n es una prioridad; \u201cde ah\u00ed el compromiso de encontrar una soluci\u00f3n para que los j\u00f3venes de la ciudad que estudian en esas preparatorias lo hagan en las mejores condiciones\u201d.<\/p>\n<p>\u201cSoy diputada de Iztapalapa, pero adem\u00e1s conoc\u00ed de cerca el nacimiento de este concepto educativo de manera que mi compromiso es trabajar para que se entreguen los recursos necesarios a la brevedad y desde luego que se incluyan en el presupuesto de 2014\u201d, destac\u00f3.<\/p>\n<p>Como parte de los acuerdos que se tuvieron con estudiantes y maestros que visitaron el recinto de Donceles, destaca que el trabajo de la Comisi\u00f3n de Educaci\u00f3n tendr\u00e1 como objetivo resolver el tema de la liberaci\u00f3n de recursos financieros y no asuntos de tipo laboral o sindical.<\/p>\n<p>Anguiano tambi\u00e9n pidi\u00f3 a la comisi\u00f3n de estudiantes y maestros asistir a la reuni\u00f3n con las autoridades, para que conozcan \u201cde viva voz los t\u00e9rminos de la informaci\u00f3n que recibir\u00e1n de manos de los funcionarios\u201d.<\/p>\n<p>\u201cLa reuni\u00f3n se realizar\u00e1 el jueves de la pr\u00f3xima semana en la ALDF y en ella se convocar\u00e1 a la Secretar\u00eda de Finanzas, el IEMS y las delegaciones donde se tienen problemas especialmente debido a la falta de construcci\u00f3n de preparatorias\u201d, detall\u00f3 la diputada del PRD.<\/p>\n<p>&nbsp;<\/p>\n","protected":false},"excerpt":{"rendered":"<p>La Comisi\u00f3n de Educaci\u00f3n de la ALDF se reunir\u00e1 la pr\u00f3xima semana con la Secretar\u00eda de Finanzas y del Instituto de Educaci\u00f3n Medio Superior (IEMS), para conocer por que no ha ejercido los recursos necesarios para atender las preparatorias del gobierno local.<\/p>\n","protected":false},"author":3,"featured_media":151697,"comment_status":"open","ping_status":"open","sticky":false,"template":"","format":"standard","meta":{"_monsterinsights_skip_tracking":false,"_monsterinsights_sitenote_active":false,"_monsterinsights_sitenote_note":"","_monsterinsights_sitenote_category":0,"footnotes":""},"categories":[6],"tags":[210,204,23944,28886],"class_list":["post-151669","post","type-post","status-publish","format-standard","has-post-thumbnail","hentry","category-cd-de-mexico","tag-aldf","tag-ciudad-de-mexico","tag-gastos","tag-preparatorias"],"_links":{"self":[{"href":"https:\/\/www.diarioimagen.net\/index.php?rest_route=\/wp\/v2\/posts\/151669","targetHints":{"allow":["GET"]}}],"collection":[{"href":"https:\/\/www.diarioimagen.net\/index.php?rest_route=\/wp\/v2\/posts"}],"about":[{"href":"https:\/\/www.diarioimagen.net\/index.php?rest_route=\/wp\/v2\/types\/post"}],"author":[{"embeddable":true,"href":"https:\/\/www.diarioimagen.net\/index.php?rest_route=\/wp\/v2\/users\/3"}],"replies":[{"embeddable":true,"href":"https:\/\/www.diarioimagen.net\/index.php?rest_route=%2Fwp%2Fv2%2Fcomments&post=151669"}],"version-history":[{"count":0,"href":"https:\/\/www.diarioimagen.net\/index.php?rest_route=\/wp\/v2\/posts\/151669\/revisions"}],"wp:featuredmedia":[{"embeddable":true,"href":"https:\/\/www.diarioimagen.net\/index.php?rest_route=\/wp\/v2\/media\/151697"}],"wp:attachment":[{"href":"https:\/\/www.diarioimagen.net\/index.php?rest_route=%2Fwp%2Fv2%2Fmedia&parent=151669"}],"wp:term":[{"taxonomy":"category","embeddable":true,"href":"https:\/\/www.diarioimagen.net\/index.php?rest_route=%2Fwp%2Fv2%2Fcategories&post=151669"},{"taxonomy":"post_tag","embeddable":true,"href":"https:\/\/www.diarioimagen.net\/index.php?rest_route=%2Fwp%2Fv2%2Ftags&post=151669"}],"curies":[{"name":"wp","href":"https:\/\/api.w.org\/{rel}","templated":true}]}}