{"id":151681,"date":"2013-10-25T00:01:54","date_gmt":"2013-10-25T05:01:54","guid":{"rendered":"http:\/\/www.diarioimagen.net\/?p=151681"},"modified":"2013-10-25T04:09:06","modified_gmt":"2013-10-25T09:09:06","slug":"que-dia","status":"publish","type":"post","link":"https:\/\/www.diarioimagen.net\/?p=151681","title":{"rendered":"\u00a1Qu\u00e9 d\u00eda!"},"content":{"rendered":"<h2>Pol\u00edtica Spot<\/h2>\n<h5>Juan Manuel Maga\u00f1a<\/h5>\n<p><span><br \/>\nAyer, trabajadores de la Secretar\u00eda de Gobernaci\u00f3n recibieron varias llamadas telef\u00f3nicas con la advertencia de que estallar\u00eda una bomba en las oficinas principales, las del Palacio de Covi\u00e1n, ubicadas en Bucareli.<\/span><\/p>\n<p>La amenaza provoc\u00f3 de inmediato un operativo policial en la dependencia al filo del mediod\u00eda. Se activaron los protocolos de seguridad y se hizo el rastreo de explosivos con el auxilio de los perros adiestrados para esta tarea. Dieron las tres de la tarde y nada. Ning\u00fan objeto sospechoso ninguna otra evidencia relacionada con la amenaza.<\/p>\n<p>Se dice que las revisiones en la Secretar\u00eda de Gobernaci\u00f3n para detectar explosivos son de rutina, sobre todo en Bucareli. Son constantes los rondines de vigilancia a cargo de elementos de la Polic\u00eda Federal y de elementos de seguridad interna.<\/p>\n<p>Con todo, la amenaza activ\u00f3 los focos rojos y fren\u00f3 la actividad. \u00bfQui\u00e9n ser\u00e1 capaz de soltar semejante amenaza?<\/p>\n<p>La tarde de ayer, estall\u00f3 una caldera de la f\u00e1brica de dulces Blueberry, en Ciudad Ju\u00e1rez, hecho que lesion\u00f3 a decenas de empleados que saturaron los hospitales del IMSS urgidos de atenci\u00f3n m\u00e9dica.<\/p>\n<p>La empresa se ubica en el parque industrial Omega y tiene alrededor de 300 de sus mil 300 empleados en la secci\u00f3n ocho, donde ocurri\u00f3 el accidente que tambi\u00e9n ocasion\u00f3 que se derrumbara el segundo piso.<\/p>\n<p>Hab\u00eda versiones de que el grueso de los empleados que se encontraban en esa secci\u00f3n resultaron con lesiones, y que al menos una docena de ellos ten\u00eda quemaduras en todo el cuerpo, por lo que hab\u00eda vidas en peligro. Que hab\u00eda atrapados. Y que hab\u00eda una veintena de desaparecidos.<\/p>\n<p>Al lugar llegaron al menos 30 de ambulancias junto con las m\u00e1quinas extintoras del Cuerpo de Bomberos para auxiliar heridos y tratar de apagar el incendio que se gener\u00f3 por la explosi\u00f3n. Momentos despu\u00e9s, al lugar acudieron\u00a0 decenas de elementos de polic\u00eda y un grupo de militares con la insignia \u201cPlan DN-III\u201d. A eso de las seis de la tarde, las consecuencias se antojaban mucho m\u00e1s lamentables.<\/p>\n<p>En otro hecho funesto, ayer por la ma\u00f1ana circul\u00f3 la noticia de que en la ciudad de Lodi, al oeste de Sacramento, California, un hombre furioso, que conduc\u00eda su auto a m\u00e1s de 150 kil\u00f3metros por hora mientras hablaba por tel\u00e9fono, provoc\u00f3 un accidente en el que murieron cinco mexicanos y resultaron heridas otras ocho personas.<\/p>\n<p>La noche anterior, el conductor hab\u00eda estrellado su autom\u00f3vil ni m\u00e1s ni menos que contra otros seis veh\u00edculos, uno de ellos el auto en que viajaba una familia mexicana, originaria del estado de Guerrero, ambos padres y tres hijos de 12, seis y cinco a\u00f1os; la madre estaba embarazada. La polic\u00eda de Lodi investigaba si este conductor hab\u00eda consumido drogas o alcohol o qu\u00e9.<\/p>\n<p>Por \u00faltimo, en Nuevo Le\u00f3n se inform\u00f3 de la aprehensi\u00f3n de un sujeto de 20 a\u00f1os de edad, llamado Juan Pablo V\u00e1zquez vinculado ni m\u00e1s ni menos que con 79 homicidios. Un joven monstruo.<\/p>\n<p>Todo eso fue ayer. Pero si uno mira hacia atr\u00e1s, el paisaje mexicano es aciago. No puede uno dejar de pensar que M\u00e9xico es un lugar peligroso y que al mismo tiempo los mexicanos atraen el peligro.<\/p>\n<p><em><a href=\"mailto: maganapalace@yahoo.com.mx\" target=\"_blank\">maganapalace@yahoo.com.mx<\/a><\/em><\/p>\n","protected":false},"excerpt":{"rendered":"<p><span style=\"color: #005497;\"><strong>Juan Manuel Maga\u00f1a<\/strong><\/span><\/p>\n","protected":false},"author":3,"featured_media":0,"comment_status":"open","ping_status":"open","sticky":false,"template":"","format":"standard","meta":{"_monsterinsights_skip_tracking":false,"_monsterinsights_sitenote_active":false,"_monsterinsights_sitenote_note":"","_monsterinsights_sitenote_category":0,"footnotes":""},"categories":[22905],"tags":[43709,43674,10028,22904],"class_list":["post-151681","post","type-post","status-publish","format-standard","hentry","category-juan-manuel-magana","tag-juan-manuel-magana","tag-opinion","tag-palacio-de-covian","tag-politica-spot"],"_links":{"self":[{"href":"https:\/\/www.diarioimagen.net\/index.php?rest_route=\/wp\/v2\/posts\/151681","targetHints":{"allow":["GET"]}}],"collection":[{"href":"https:\/\/www.diarioimagen.net\/index.php?rest_route=\/wp\/v2\/posts"}],"about":[{"href":"https:\/\/www.diarioimagen.net\/index.php?rest_route=\/wp\/v2\/types\/post"}],"author":[{"embeddable":true,"href":"https:\/\/www.diarioimagen.net\/index.php?rest_route=\/wp\/v2\/users\/3"}],"replies":[{"embeddable":true,"href":"https:\/\/www.diarioimagen.net\/index.php?rest_route=%2Fwp%2Fv2%2Fcomments&post=151681"}],"version-history":[{"count":0,"href":"https:\/\/www.diarioimagen.net\/index.php?rest_route=\/wp\/v2\/posts\/151681\/revisions"}],"wp:attachment":[{"href":"https:\/\/www.diarioimagen.net\/index.php?rest_route=%2Fwp%2Fv2%2Fmedia&parent=151681"}],"wp:term":[{"taxonomy":"category","embeddable":true,"href":"https:\/\/www.diarioimagen.net\/index.php?rest_route=%2Fwp%2Fv2%2Fcategories&post=151681"},{"taxonomy":"post_tag","embeddable":true,"href":"https:\/\/www.diarioimagen.net\/index.php?rest_route=%2Fwp%2Fv2%2Ftags&post=151681"}],"curies":[{"name":"wp","href":"https:\/\/api.w.org\/{rel}","templated":true}]}}