{"id":151740,"date":"2013-10-25T00:01:21","date_gmt":"2013-10-25T05:01:21","guid":{"rendered":"http:\/\/www.diarioimagen.net\/?p=151740"},"modified":"2013-10-25T05:19:54","modified_gmt":"2013-10-25T10:19:54","slug":"dan-a-conocer-detalles-del-congreso-mundial-de-ciudades-patrimonio-a-realizarse-en-oaxaca-del-18-al-22-de-noviembre","status":"publish","type":"post","link":"https:\/\/www.diarioimagen.net\/?p=151740","title":{"rendered":"Dan a conocer detalles del Congreso Mundial de Ciudades Patrimonio, a realizarse en Oaxaca, del 18 al 22 de noviembre"},"content":{"rendered":"<h2>De cinco estrellas<\/h2>\n<h5>Victoria Gonz\u00e1lez Prado<\/h5>\n<p>&nbsp;<\/p>\n<ul>\n<li><strong><em>Implementan Sectur y CPTM campa\u00f1as de promoci\u00f3n emergentes sobre destinos afectados por ciclones<\/em><\/strong><\/li>\n<\/ul>\n<div id=\"attachment_151759\" style=\"width: 250px\" class=\"wp-caption alignleft\"><a href=\"http:\/\/www.diarioimagen.net\/wp-content\/uploads\/2013\/10\/turismo-2215.jpg\"><img loading=\"lazy\" decoding=\"async\" aria-describedby=\"caption-attachment-151759\" class=\"size-medium wp-image-151759\" alt=\"Rafael Tovar y de Teresa, Gabino Cu\u00e9 y Nuria Sanz Gallego.\" src=\"http:\/\/www.diarioimagen.net\/wp-content\/uploads\/2013\/10\/turismo-2215-240x135.jpg\" width=\"240\" height=\"135\" srcset=\"https:\/\/www.diarioimagen.net\/wp-content\/uploads\/2013\/10\/turismo-2215-240x135.jpg 240w, https:\/\/www.diarioimagen.net\/wp-content\/uploads\/2013\/10\/turismo-2215-420x236.jpg 420w, https:\/\/www.diarioimagen.net\/wp-content\/uploads\/2013\/10\/turismo-2215-235x132.jpg 235w, https:\/\/www.diarioimagen.net\/wp-content\/uploads\/2013\/10\/turismo-2215-202x114.jpg 202w, https:\/\/www.diarioimagen.net\/wp-content\/uploads\/2013\/10\/turismo-2215-350x196.jpg 350w, https:\/\/www.diarioimagen.net\/wp-content\/uploads\/2013\/10\/turismo-2215-220x123.jpg 220w, https:\/\/www.diarioimagen.net\/wp-content\/uploads\/2013\/10\/turismo-2215-237x132.jpg 237w, https:\/\/www.diarioimagen.net\/wp-content\/uploads\/2013\/10\/turismo-2215.jpg 480w\" sizes=\"auto, (max-width: 240px) 100vw, 240px\" \/><\/a><p id=\"caption-attachment-151759\" class=\"wp-caption-text\">Rafael Tovar y de Teresa, Gabino Cu\u00e9 y Nuria Sanz Gallego.<\/p><\/div>\n<p><b>Rafael Tovar y de Teresa<\/b>, titular de Conaculta; <b>Gabino Cu\u00e9 Monteagudo<\/b>, gobernador de Oaxaca; <b>\u00d3scar Abraham L\u00f3pez Palacios<\/b>, coordinador del Congreso; <b>Luis Ugartechea Begu\u00e9<\/b>, alcalde de Oaxaca; <b>Nuria Sanz Gallego<\/b>, jefa de la Secci\u00f3n Am\u00e9rica Latina y Caribe del Centro de Patrimonio Mundial de la Organizaci\u00f3n de las Naciones Unidas para la Educaci\u00f3n, la Ciencia y la Cultura\u00a0 (UNESCO); <b>Teresa Franco<\/b>, directora general del Instituto Nacional de Antropolog\u00eda e Historia, y <b>Gerardo Guti\u00e9rrez Candiani<\/b>, presidente del Consejo Coordinador Empresarial y miembro del comit\u00e9 organizador, dieron a conocer los detalles del pr\u00f3ximo Congreso Mundial de Ciudades Patrimonio que tendr\u00e1 lugar del 18 al 22 de noviembre en la ciudad de Oaxaca. El congreso reunir\u00e1 a m\u00e1s de 238 alcaldes de 70 pa\u00edses se enfocar\u00e1 en los j\u00f3venes con la intenci\u00f3n de incorporarlos al conocimiento y valoraci\u00f3n del patrimonio mundial por medio de un foro, y crear ejes tem\u00e1ticos con relaci\u00f3n al \u00e1mbito urbano, medio ambiente, cultura y sociedad. El gobernador de Oaxaca, afirm\u00f3 que el congreso representa una magn\u00edfica oportunidad para posicionar y apuntalar la riqueza tur\u00edstica y cultural de la entidad en todo el mundo, ya que el encuentro reunir\u00e1 a alcaldes, autoridades, investigadores, cient\u00edficos, acad\u00e9micos y promotores culturales de 238 ciudades de 70 pa\u00edses de los cinco continentes, y permitir\u00e1 proyectar a nivel global la riqueza hist\u00f3rica y cultural del pueblo de Oaxaca, sus expresiones arquitect\u00f3nicas y art\u00edsticas y su rica gastronom\u00eda. <b>Gabino Cu\u00e9<\/b> indic\u00f3 que los asistentes discutir\u00e1n e intercambiar\u00e1n experiencias en torno a la problem\u00e1tica que enfrentan sus ciudades y plantear\u00e1n estrategias integrales que protejan al patrimonio y fomenten el desarrollo humano.\u00a0Tambi\u00e9n destac\u00f3 que con la calidez que caracteriza a las y los oaxaque\u00f1os, la entidad est\u00e1 preparada para recibir a los visitantes nacionales e internacionales, aunado a que el gobierno estatal y el municipio de Oaxaca de Ju\u00e1rez han realizado una serie de acciones para proteger el entorno arquitect\u00f3nico de la capital del estado -en particular del Centro Hist\u00f3rico- para que luzca en su m\u00e1ximo esplendor y ofrecer un evento digno de una ciudad catalogada Patrimonio de la Humanidad en el a\u00f1o de 1987, por la UNESCO.\u00a0Agradeci\u00f3 al Comit\u00e9 Organizador del XII Congreso Mundial de la Organizaci\u00f3n de Ciudades Patrimonio (OCPM), por haber elegido a Oaxaca como anfitri\u00f3n, \u201cestamos seguros que este encuentro a nivel mundial traer\u00e1 grandes beneficios no s\u00f3lo para la entidad, sino para todo el pa\u00eds, porque tendremos la oportunidad de demostrar que M\u00e9xico es poseedor de una gran riqueza hist\u00f3rica y cultural que debemos conservar como patrimonio nuestro\u201d. <b>Guti\u00e9rrez Candiani<\/b> indic\u00f3 que para los oaxaque\u00f1os representa un gran orgullo ser depositarios de un legado que corresponde a todos preservar, proteger y darle una proyecci\u00f3n universal.\u00a0\u201cLa realizaci\u00f3n de este foro mundial coincide con el 25 aniversario de la declaraci\u00f3n del Centro Hist\u00f3rico de Oaxaca como Patrimonio Cultural de la Humanidad, en reconocimiento a una cultura que data de m\u00e1s de 2 mil 600 a\u00f1os, pero tambi\u00e9n como un\u00a0distintivo a un pueblo que hacer honor a la riqueza de su pasado, que est\u00e1 cambiando y mira hacia adelante.\u00a0Enfatiz\u00f3 que la entidad debe apostarle a su vasta tradici\u00f3n comunitaria para progresar y unirse en lo esencial, donde los ciudadanos est\u00e9n consientes de la obligaci\u00f3n de heredar a las actuales y futuras generaciones un Oaxaca con toda su riqueza, colorido y vitalidad, pero tambi\u00e9n asumir la responsabilidad para que cada generaci\u00f3n aporte lo que le corresponda a su debido tiempo y circunstancia.\u00a0<b>Tovar y de Teresa<\/b>, se\u00f1al\u00f3 que la ciudad de Oaxaca es ejemplo claro de un gobierno que se preocupa por proteger su patrimonio ante cualquier circunstancia, reflejo inequ\u00edvoco tambi\u00e9n del gobierno del presidente <b>Enrique Pe\u00f1a Nieto<\/b> de proyectar a nivel mundial de la riqueza de sus entidades. <b>Ugartechea Begu\u00e9<\/b> reconoci\u00f3 a la sociedad civil organizada por involucrarse en este evento de talla mundial, al destacar que gracias a su participaci\u00f3n e impulso decidido, la ciudad de Oaxaca de Ju\u00e1rez conserva celosamente su trazo y arquitectura original. <b>Nuria Sanz Gallego<\/b> detall\u00f3 que la lista de Patrimonio Mundial est\u00e1 por alcanzar los mil lugares catalogados, de los cuales 200 tienen un car\u00e1cter urbano. \u201cM\u00e9xico ha hecho una enorme campa\u00f1a en favor de un gran reconocimiento de este patrimonio urbano, pero esta es una tradici\u00f3n de este pa\u00eds que proviene desde tiempos prehisp\u00e1nicos. Pocos lugares como M\u00e9xico son ejemplo de ese mundo que ense\u00f1\u00f3 a Am\u00e9rica Latina a construir ciudades, y lugares como Monte Alb\u00e1n o Teotihuac\u00e1n lo ratifican. <b>Teresa Franco<\/b> se\u00f1al\u00f3 que el encuentro servir\u00e1 para ayudar a innovar y renovar los instrumentos de gesti\u00f3n y regulaci\u00f3n de las 10 ciudades mexicanas que cuentan con la declaratoria de Patrimonio Mundial. \u201cEl hacer sustentable a las ciudades patrimonio es tarea tanto de los gobiernos estatales y municipales, quienes tienen en sus manos los instrumentos de planeaci\u00f3n. En cada una de estas ciudades hay nombres inolvidables para lo que ha sido la construcci\u00f3n de un pensar y conservar el patrimonio. Nadie puede pensar en Oaxaca sin Bustamante ni Toledo, lo que tenemos ahora es un inter\u00e9s renovado por lo que representa el Patrimonio Mundial y eso es una relectura de qui\u00e9nes somos hoy\u201d. Entre los ponentes estar\u00e1n <b>Jan Bazant<\/b>, especialista de la Universidad Aut\u00f3noma Metropolitana Xochimilco; <b>Eusebio Leal Spengler<\/b>, historiador de La Habana; <b>Horacio Capel<\/b>, especialista en geograf\u00eda urbana, de Barcelona; <b>Nalini Thakur<\/b>, jefa de Conservaci\u00f3n Arquitect\u00f3nica de la Escuela de Planificaci\u00f3n y Arquitectura de Delhi, India; <b>Francisco Javier L\u00f3pez Morales<\/b>, director de Patrimonio Mundial del INAH.<br \/>\nLa Secretar\u00eda de Turismo por medio del Consejo de Promoci\u00f3n Tur\u00edstica de M\u00e9xico (CPTM) present\u00f3, durante la Tercera Sesi\u00f3n Ordinaria de su Junta de Gobierno, las campa\u00f1as de promoci\u00f3n nacional e internacional para promover y comercializar los destinos tur\u00edsticos de M\u00e9xico en los pr\u00f3ximos a\u00f1os. Durante la sesi\u00f3n, el director general del CPTM, <b>Rodolfo L\u00f3pez Negrete<\/b>, dio a conocer las campa\u00f1as emergentes: Acu\u00e9rdate de Acapulco\u00a0y\u00a0Viaja por M\u00e9xico, desarrolladas con el fin de reactivar el turismo y contrarrestar el efecto de los recientes fen\u00f3menos meteorol\u00f3gicos en los destinos tur\u00edsticos del pa\u00eds. Acu\u00e9rdate de Acapulco\u00a0consta de dos fases. La primera de ellas: una campa\u00f1a t\u00e1ctica orientada a incrementar los niveles de ocupaci\u00f3n hotelera de Acapulco, Ixtapa-Zihuatanejo y Taxco en el corto plazo, sobre todo en el mes de octubre, con promociones 2&#215;1 en tarifas por noche en hoteles participantes. Esta promoci\u00f3n es resultado del esfuerzo conjunto de los gobiernos federal y estatal, as\u00ed como el sector privado.\u00a0 La segunda fase de esta campa\u00f1a, se basa en una serie de testimoniales que apelan a la emoci\u00f3n del consumidor, recordando a la gente sus historias y mostrando los recuerdos que narrar\u00e1n, tanto una afamada celebridad, como los turistas y prestadores de servicios.\u00a0 Viaja por M\u00e9xico\u00a0ha sido dise\u00f1ada para incentivar al consumidor mexicano a viajar y conocer la diversidad de M\u00e9xico los fines de semana y no s\u00f3lo durante las temporadas vacacionales.\u00a0En su informe, <b>L\u00f3pez Negrete<\/b>, record\u00f3 que, de acuerdo a las \u00faltimas cifras emitidas por la Organizaci\u00f3n Mundial de Turismo (OMT), el crecimiento del turismo mundial, hasta el mes de agosto, fue del 5%\u00a0 en nuestro pa\u00eds, el incremento fue del\u00a0 7.5% en la llegada de turistas por v\u00eda a\u00e9rea, lo cual ubica a M\u00e9xico 2.5 puntos porcentuales por encima del promedio mundial. El director general del CPTM destac\u00f3 la evoluci\u00f3n favorable de la derrama econ\u00f3mica generada por el turismo v\u00eda a\u00e9rea, que entre los meses de enero y agosto creci\u00f3 a una tasa superior al 10%, lo cual cumple con uno de los objetivos del Plan Nacional de Desarrollo. En la reuni\u00f3n, tambi\u00e9n se dio a conocer la campa\u00f1a nacional\u00a0V\u00edvelo para Creerlo, que estar\u00e1 integrada por un spot de cada entidad federativa y busca inspirar a todos los mexicanos a conocer la riqueza con la que cuenta M\u00e9xico. Esta se basa en el racional de la campa\u00f1a internacional\u00a0<i>Live It to Believe It<\/i>\u00a0y est\u00e1 contada desde el punto de vista de los visitantes, de c\u00f3mo los turistas vivieron M\u00e9xico y de c\u00f3mo lo recuerdan. Al presentar los nuevos spots de Yucat\u00e1n y Los Cabos, que forman parte de la primera etapa de la campa\u00f1a internacional, <b>L\u00f3pez Negrete<\/b> inform\u00f3 que, tras competir con m\u00e1s de 450 campa\u00f1as,\u00a0<i>Live It to Believe It<\/i>\u00a0fue reconocida con seis premios <i>Magellan,<\/i> otorgados por <i>Travel Weekly<\/i> a las mejores campa\u00f1as de la industria tur\u00edstica a nivel internacional. En la reuni\u00f3n encabezada por el subsecretario de Innovaci\u00f3n y Calidad, <b>Francisco Maass Pe\u00f1a<\/b>, con la representaci\u00f3n de la secretaria de Turismo <b>Claudia Ruiz Massieu<\/b>, asisti\u00f3 tambi\u00e9n el presidente del Consejo Nacional Empresarial Tur\u00edstico (CNET), <b>Pablo Azc\u00e1rraga<\/b>, quien hizo un reconocimiento a la labor desarrollada hasta ahora por el CPTM en particular y en general por la Sectur. Pidi\u00f3 seguir trabajando en el mismo camino y no dejarse influir por presiones pol\u00edticas. Por su parte, <b>Jorge Hern\u00e1ndez<\/b>, presidente de la Confederaci\u00f3n Nacional Tur\u00edstica (CNT), hizo un reconocimiento al CPTM, y se pronunci\u00f3 porque se intensifiquen m\u00e1s las campa\u00f1as de promoci\u00f3n dirigidas al turismo nacional. Finalmente, el secretario de Turismo de la ciudad de M\u00e9xico, <b>Miguel Torruco<\/b>, agradeci\u00f3 el apoyo brindado para la promoci\u00f3n del turismo a la capital del pa\u00eds.<\/p>\n<p><i><em><a href=\"mailto:victoriagprado@gmail.com\" target=\"_blank\">victoriagprado@gmail.com<\/a><\/em><\/i><\/p>\n<p>&nbsp;<\/p>\n","protected":false},"excerpt":{"rendered":"<p><b>Rafael Tovar y de Teresa<\/b>, titular de Conaculta; <b>Gabino Cu\u00e9 Monteagudo<\/b>, gobernador de Oaxaca; <b>\u00d3scar Abraham L\u00f3pez Palacios<\/b>, coordinador del Congreso; <b>Luis Ugartechea Begu\u00e9<\/b>, alcalde de Oaxaca; <b>Nuria Sanz Gallego<\/b>, jefa de la Secci\u00f3n Am\u00e9rica Latina y Caribe del Centro de Patrimonio Mundial de la Organizaci\u00f3n de las Naciones Unidas para la Educaci\u00f3n&#8230;<\/p>\n","protected":false},"author":3,"featured_media":151759,"comment_status":"open","ping_status":"open","sticky":false,"template":"","format":"standard","meta":{"_monsterinsights_skip_tracking":false,"_monsterinsights_sitenote_active":false,"_monsterinsights_sitenote_note":"","_monsterinsights_sitenote_category":0,"footnotes":""},"categories":[11],"tags":[107,491,43681,106],"class_list":["post-151740","post","type-post","status-publish","format-standard","has-post-thumbnail","hentry","category-turismo","tag-de-cinco-estrellas","tag-oaxaca","tag-turismo","tag-victoria-gonzalez-prado"],"_links":{"self":[{"href":"https:\/\/www.diarioimagen.net\/index.php?rest_route=\/wp\/v2\/posts\/151740","targetHints":{"allow":["GET"]}}],"collection":[{"href":"https:\/\/www.diarioimagen.net\/index.php?rest_route=\/wp\/v2\/posts"}],"about":[{"href":"https:\/\/www.diarioimagen.net\/index.php?rest_route=\/wp\/v2\/types\/post"}],"author":[{"embeddable":true,"href":"https:\/\/www.diarioimagen.net\/index.php?rest_route=\/wp\/v2\/users\/3"}],"replies":[{"embeddable":true,"href":"https:\/\/www.diarioimagen.net\/index.php?rest_route=%2Fwp%2Fv2%2Fcomments&post=151740"}],"version-history":[{"count":0,"href":"https:\/\/www.diarioimagen.net\/index.php?rest_route=\/wp\/v2\/posts\/151740\/revisions"}],"wp:featuredmedia":[{"embeddable":true,"href":"https:\/\/www.diarioimagen.net\/index.php?rest_route=\/wp\/v2\/media\/151759"}],"wp:attachment":[{"href":"https:\/\/www.diarioimagen.net\/index.php?rest_route=%2Fwp%2Fv2%2Fmedia&parent=151740"}],"wp:term":[{"taxonomy":"category","embeddable":true,"href":"https:\/\/www.diarioimagen.net\/index.php?rest_route=%2Fwp%2Fv2%2Fcategories&post=151740"},{"taxonomy":"post_tag","embeddable":true,"href":"https:\/\/www.diarioimagen.net\/index.php?rest_route=%2Fwp%2Fv2%2Ftags&post=151740"}],"curies":[{"name":"wp","href":"https:\/\/api.w.org\/{rel}","templated":true}]}}