{"id":151763,"date":"2013-10-25T18:00:46","date_gmt":"2013-10-25T23:00:46","guid":{"rendered":"http:\/\/www.diarioimagen.net\/?p=151763"},"modified":"2013-10-28T04:12:51","modified_gmt":"2013-10-28T10:12:51","slug":"recibe-el-presidente-enrique-pena-nieto-a-ninas-y-ninos-campeones-del-iv-festival-mundial-de-mini-baloncesto-2013","status":"publish","type":"post","link":"https:\/\/www.diarioimagen.net\/?p=151763","title":{"rendered":"Recibe el presidente Enrique Pe\u00f1a Nieto a ni\u00f1as y ni\u00f1os campeones del IV Festival Mundial de Mini Baloncesto 2013"},"content":{"rendered":"<div id=\"attachment_151764\" style=\"width: 250px\" class=\"wp-caption alignleft\"><a href=\"http:\/\/www.diarioimagen.net\/wp-content\/uploads\/2013\/10\/epn-2215-1.jpg\"><img loading=\"lazy\" decoding=\"async\" aria-describedby=\"caption-attachment-151764\" class=\"size-medium wp-image-151764\" alt=\"epn-2215-1\" src=\"http:\/\/www.diarioimagen.net\/wp-content\/uploads\/2013\/10\/epn-2215-1-240x135.jpg\" width=\"240\" height=\"135\" srcset=\"https:\/\/www.diarioimagen.net\/wp-content\/uploads\/2013\/10\/epn-2215-1-240x135.jpg 240w, https:\/\/www.diarioimagen.net\/wp-content\/uploads\/2013\/10\/epn-2215-1-420x236.jpg 420w, https:\/\/www.diarioimagen.net\/wp-content\/uploads\/2013\/10\/epn-2215-1-235x132.jpg 235w, https:\/\/www.diarioimagen.net\/wp-content\/uploads\/2013\/10\/epn-2215-1-202x114.jpg 202w, https:\/\/www.diarioimagen.net\/wp-content\/uploads\/2013\/10\/epn-2215-1-350x196.jpg 350w, https:\/\/www.diarioimagen.net\/wp-content\/uploads\/2013\/10\/epn-2215-1-220x123.jpg 220w, https:\/\/www.diarioimagen.net\/wp-content\/uploads\/2013\/10\/epn-2215-1-237x132.jpg 237w, https:\/\/www.diarioimagen.net\/wp-content\/uploads\/2013\/10\/epn-2215-1.jpg 480w\" sizes=\"auto, (max-width: 240px) 100vw, 240px\" \/><\/a><p id=\"caption-attachment-151764\" class=\"wp-caption-text\">El Titular del Ejecutivo Federal, convivi\u00f3 con los equipos nacionales de Taekwondo y de Karate, y posteriormente recorri\u00f3 con las Bayonetas de Puebla y los ni\u00f1os Triquis de Oaxaca, las calzadas interiores de la Residencia Oficial de Los Pinos.<\/p><\/div>\n<p>El presidente de la Rep\u00fablica, Enrique Pe\u00f1a Nieto, dijo a las ni\u00f1as y ni\u00f1os que representaron al pa\u00eds en el IV Festival Mundial de Mini Baloncesto 2013, que son ejemplo de triunfadores y su \u00e9xito \u201csin duda nos contagia del \u00e1nimo que queremos tenga todo el pa\u00eds\u201d.<\/p>\n<p>Al recibir en la Residencia Oficial de Los Pinos a los equipos que resultaron invictos en el torneo que se jug\u00f3 en Argentina, las Bayonetas de Puebla y los ni\u00f1os Triquis de Oaxaca, les agradeci\u00f3 a nombre de todo el pa\u00eds la gran satisfacci\u00f3n y orgullo que dieron a los mexicanos y les expres\u00f3 su mayor reconocimiento.<\/p>\n<p>Nos demostraron al verles triunfar, continu\u00f3, que cuando se quiere, se puede, \u201cnos han dado una gran lecci\u00f3n a todos los mexicanos, porque pusieron, insisto, un gran coraje y una gran pasi\u00f3n\u201d.<\/p>\n<p>\u201cQueremos ser un pa\u00eds que triunfe, porque cada ciudadano mexicano pueda realmente tener \u00e9xito en todo lo que se proponga hacer y que encuentre en el pa\u00eds las condiciones \u00f3ptimas, las condiciones favorables, para lograr \u00e9xitos individuales, como los que estos j\u00f3venes han tenido jugando en equipo y representando a M\u00e9xico\u201d, destac\u00f3.<\/p>\n<p>Asimismo, felicit\u00f3 a Rodolfo Dom\u00ednguez, actor ind\u00edgena, por el reconocimiento que recibi\u00f3 en el Festival de Cannes por su participaci\u00f3n en la pel\u00edcula La Jaula de Oro. \u201cEres otro ejemplo de \u00e9xito y de triunfo, todos ustedes son inspiraci\u00f3n para todos los mexicanos que tenemos responsabilidad y compromiso para ir moldeando el pa\u00eds que todos queremos\u201d, precis\u00f3.<\/p>\n<p>\u201cA estos j\u00f3venes que nos han puesto ejemplo, que son inspiraci\u00f3n, no podemos dejarle solos\u201d, subray\u00f3 el Primer Mandatario, al instruir al Secretario de Educaci\u00f3n P\u00fablica (SEP), Emilio Chuayffet y a Jes\u00fas Mena Campos, Director General de la Comisi\u00f3n Nacional de Cultura F\u00edsica y Deporte (CONADE), a otorgar un est\u00edmulo econ\u00f3mico a las ni\u00f1as y ni\u00f1os triunfadores y a apoyarles para que tengan instalaciones muy dignas y decorosas.<\/p>\n<p>Adem\u00e1s, les pidi\u00f3 seguir trabajando para que el deporte en M\u00e9xico siga siendo una actividad, no s\u00f3lo de formadores de mujeres y hombres de \u00e9xito en las disciplinas deportivas en las que participan, sino, sobre todo, de espacio de preparaci\u00f3n y de formaci\u00f3n individual, para que en el deporte y en cualquier otra actividad, tengan \u00e9xito. \u201cEso es lo que el deporte debe ser para nuestro pa\u00eds, y en eso estamos trabajando\u201d, resalt\u00f3.<\/p>\n<p>Al t\u00e9rmino del evento, el Titular del Ejecutivo Federal, convivi\u00f3 con los equipos nacionales de Taekwondo y de Karate, y posteriormente recorri\u00f3 con las Bayonetas de Puebla y los ni\u00f1os Triquis de Oaxaca, las calzadas interiores de la Residencia Oficial de Los Pinos.<\/p>\n<p style=\"text-align: center;\"><strong>LOS TRIUNFOS DE LOS EQUIPOS DE BALONCESTO LLEGAN EN UN MOMENTO CRUCIAL: JES\u00daS MENA CAMPOS<\/strong><\/p>\n<p>Jes\u00fas Mena Campos, Director General de la CONADE, afirm\u00f3 que \u201cla uni\u00f3n y pasi\u00f3n por lo que se hace, pese a las adversidades, pueden superarse, cuando de transformar a M\u00e9xico se trata\u201d, y as\u00ed lo demostraron el equipo femenil de las Bayonetas de Puebla y el equipo varonil Triqui de Oaxaca.<\/p>\n<p>Dijo que \u201clos triunfos de ambos equipos llegan en un momento crucial; un momento que nos lleva a reconocer nuestras limitantes. Pero, tambi\u00e9n, a ubicar y a aprovechar las \u00e1reas de oportunidad, pues estas ni\u00f1as y estos ni\u00f1os, mostraron que todo se puede a trav\u00e9s del trabajo en equipo. Al hacerlo, nos lleva y llevar\u00e1 irremediablemente a poner a M\u00e9xico en todo lo alto\u201d.<\/p>\n<p>Consider\u00f3 que las ni\u00f1as y ni\u00f1os triunfadores son \u201cun pu\u00f1ado de talento que, gracias al trabajo en equipo, la dedicaci\u00f3n y el esfuerzo, sin importar que no formen parte de alguna selecci\u00f3n nacional, mostraron siempre entrega, pasi\u00f3n y coraje, hasta conquistar el IV Festival Internacional de Mini Baloncesto hace unos d\u00edas\u201d.<\/p>\n<p style=\"text-align: center;\"><b>COMO MEXICANAS, TENEMOS EL COMPROMISO DE ESFORZARNOS EN EL DEPORTE Y EL ESTUDIO PARA SER MEJORES: GLORIA NATALIE GARC\u00cdA ALEJO<\/b><\/p>\n<p>Para Gloria Natalie Garc\u00eda Alejo, integrante del equipo infantil femenil de baloncesto Bayonetas del estado de Puebla, se convirtieron en titanes para honrar a la patria durante el Mundial de Mini Baloncesto 2013 celebrado en Argentina, y como mexicanas, tienen el compromiso de esforzarse en el deporte y el estudio para ser mejores cada d\u00eda.<\/p>\n<p>En representaci\u00f3n de sus compa\u00f1eras y entrenadores, expres\u00f3 que el logro obtenido fue gracias a la disciplina, constancia y perseverancia durante los entrenamientos y en la competencia misma; cualidades que aplican tambi\u00e9n en su formaci\u00f3n integral para continuar cosechando triunfos.<\/p>\n<p>\u201cEntendemos al deporte como una actividad formativa de convivencia, amistad y respeto, para vivir en paz y en armon\u00eda, porque hombres y mujeres de excelencia lo requiere M\u00e9xico, lo reclama la humanidad y los exige Dios\u201d, enfatiz\u00f3 Gloria Natalie.<\/p>\n<p style=\"text-align: center;\"><b>CON ESTE TRIUNFO, DESDE NUESTRAS MONTA\u00d1AS HEMOS MOSTRADO LA GRANDEZA DE NUESTRA CULTURA: DYLAN HASSAN RAM\u00cdREZ S\u00c1NCHEZ<\/b><\/p>\n<p>Al se\u00f1alar que orgullosamente son la Selecci\u00f3n Ind\u00edgena de Oaxaca y que trabajaron duro para este momento, Dylan Hass\u00e1n Ram\u00edrez S\u00e1nchez, integrante del equipo infantil varonil Triqui, afirm\u00f3 que con este triunfo en Argentina, \u201cnada ni nadie nos podr\u00e1 decir que no se puede, si desde nuestras monta\u00f1as hemos mostrado la grandeza de nuestra cultura\u201d.<\/p>\n<p>Indic\u00f3 que por medio del deporte y el estudio, \u00e9l y sus compa\u00f1eros aprendieron que hay nuevas esperanzas y pueden cambiar el rumbo de su historia.<\/p>\n<p>\u201cEl deporte nos ense\u00f1\u00f3 a trabajar por un futuro y la escuela nos mostr\u00f3 la sabidur\u00eda para enfrentarlo. Gracias a todos los que creyeron en nosotros y aquellos que no, tambi\u00e9n; porque gracias a ustedes tenemos m\u00e1s coraje de seguir entrenando, demostrarles a todos los ni\u00f1os ind\u00edgenas de M\u00e9xico que s\u00ed se puede\u201d, asever\u00f3, Dylan Hass\u00e1n.<\/p>\n","protected":false},"excerpt":{"rendered":"<p>El presidente de la Rep\u00fablica, Enrique Pe\u00f1a Nieto, dijo hoy a las ni\u00f1as y ni\u00f1os que representaron al pa\u00eds en el IV Festival Mundial de Mini Baloncesto 2013, que son ejemplo de triunfadores y su \u00e9xito \u201csin duda nos contagia del \u00e1nimo que queremos tenga todo el pa\u00eds\u201d.<\/p>\n","protected":false},"author":1,"featured_media":151764,"comment_status":"open","ping_status":"open","sticky":false,"template":"","format":"standard","meta":{"_monsterinsights_skip_tracking":false,"_monsterinsights_sitenote_active":false,"_monsterinsights_sitenote_note":"","_monsterinsights_sitenote_category":0,"footnotes":""},"categories":[17,3],"tags":[],"class_list":["post-151763","post","type-post","status-publish","format-standard","has-post-thumbnail","hentry","category-especiales","category-nacional"],"_links":{"self":[{"href":"https:\/\/www.diarioimagen.net\/index.php?rest_route=\/wp\/v2\/posts\/151763","targetHints":{"allow":["GET"]}}],"collection":[{"href":"https:\/\/www.diarioimagen.net\/index.php?rest_route=\/wp\/v2\/posts"}],"about":[{"href":"https:\/\/www.diarioimagen.net\/index.php?rest_route=\/wp\/v2\/types\/post"}],"author":[{"embeddable":true,"href":"https:\/\/www.diarioimagen.net\/index.php?rest_route=\/wp\/v2\/users\/1"}],"replies":[{"embeddable":true,"href":"https:\/\/www.diarioimagen.net\/index.php?rest_route=%2Fwp%2Fv2%2Fcomments&post=151763"}],"version-history":[{"count":0,"href":"https:\/\/www.diarioimagen.net\/index.php?rest_route=\/wp\/v2\/posts\/151763\/revisions"}],"wp:featuredmedia":[{"embeddable":true,"href":"https:\/\/www.diarioimagen.net\/index.php?rest_route=\/wp\/v2\/media\/151764"}],"wp:attachment":[{"href":"https:\/\/www.diarioimagen.net\/index.php?rest_route=%2Fwp%2Fv2%2Fmedia&parent=151763"}],"wp:term":[{"taxonomy":"category","embeddable":true,"href":"https:\/\/www.diarioimagen.net\/index.php?rest_route=%2Fwp%2Fv2%2Fcategories&post=151763"},{"taxonomy":"post_tag","embeddable":true,"href":"https:\/\/www.diarioimagen.net\/index.php?rest_route=%2Fwp%2Fv2%2Ftags&post=151763"}],"curies":[{"name":"wp","href":"https:\/\/api.w.org\/{rel}","templated":true}]}}