{"id":151766,"date":"2013-10-25T15:00:21","date_gmt":"2013-10-25T20:00:21","guid":{"rendered":"http:\/\/www.diarioimagen.net\/?p=151766"},"modified":"2013-10-28T04:14:31","modified_gmt":"2013-10-28T10:14:31","slug":"reconoce-eruviel-avila-a-diputados-por-aprobar-pension-universal-para-adultos-mayores-y-seguro-de-desempleo","status":"publish","type":"post","link":"https:\/\/www.diarioimagen.net\/?p=151766","title":{"rendered":"Reconoce Eruviel \u00c1vila a diputados por aprobar Pensi\u00f3n Universal para Adultos Mayores y Seguro de Desempleo"},"content":{"rendered":"<p><b><a href=\"http:\/\/www.diarioimagen.net\/wp-content\/uploads\/2013\/10\/eruviel-225-1.jpg\"><img loading=\"lazy\" decoding=\"async\" class=\"alignleft size-medium wp-image-151767\" style=\"margin-right: 9px; margin-bottom: 9px;\" alt=\"eruviel-225-1\" src=\"http:\/\/www.diarioimagen.net\/wp-content\/uploads\/2013\/10\/eruviel-225-1-240x172.jpg\" width=\"240\" height=\"172\" srcset=\"https:\/\/www.diarioimagen.net\/wp-content\/uploads\/2013\/10\/eruviel-225-1-240x172.jpg 240w, https:\/\/www.diarioimagen.net\/wp-content\/uploads\/2013\/10\/eruviel-225-1-420x301.jpg 420w, https:\/\/www.diarioimagen.net\/wp-content\/uploads\/2013\/10\/eruviel-225-1-90x65.jpg 90w, https:\/\/www.diarioimagen.net\/wp-content\/uploads\/2013\/10\/eruviel-225-1.jpg 470w\" sizes=\"auto, (max-width: 240px) 100vw, 240px\" \/><\/a>Toluca, Estado de M\u00e9xico.-<\/b>\u00a0El gobernador Eruviel \u00c1vila Villegas expres\u00f3 el reconocimiento del Gobierno del Estado de M\u00e9xico a los integrantes de la C\u00e1mara de Diputados federal, por la aprobaci\u00f3n de la Pensi\u00f3n Universal para Adultos Mayores de 65 a\u00f1os, as\u00ed como el Seguro de Desempleo, iniciativas enviadas por el presidente de la Rep\u00fablica, Enrique Pe\u00f1a Nieto, con el prop\u00f3sito de ofrecer protecci\u00f3n social y mejorar la econom\u00eda de las familias mexicanas.<\/p>\n<p>\u201cCon esto nos est\u00e1 demostrando el presidente Enrique Pe\u00f1a Nieto y el Pacto por M\u00e9xico, que M\u00e9xico va a cambiar, que va a seguir escribiendo sus p\u00e1ginas de \u00e9xito, sus p\u00e1ginas de historia, por eso mi reconocimiento a la C\u00e1mara de Diputados\u201d, expres\u00f3.<\/p>\n<p>Al conmemorar el LXXV Aniversario del Sindicato \u00danico de Trabajadores de los Poderes, Municipios e Instituciones Descentralizadas (SUTEyM), el titular del Ejecutivo estatal detall\u00f3 que con la Pensi\u00f3n Universal se dar\u00e1 protecci\u00f3n a las personas de la tercera edad que carecen de seguridad social, quienes merecen este tipo de reconocimiento; mientras que el Seguro del Desempleo, permitir\u00e1 que aquellos que pierdan su fuente de ingresos obtengan una retribuci\u00f3n econ\u00f3mica por parte del Estado, en tanto consiguen una nueva plaza laboral.<\/p>\n<p>Asimismo, destac\u00f3 la aprobaci\u00f3n de impuestos que en d\u00edas pasados los legisladores realizaron a bebidas azucaradas y alimentos con alto contenido cal\u00f3rico, con el prop\u00f3sito de prevenir y combatir la obesidad, medida, que aunada a las pol\u00edticas p\u00fablicas implementadas por los diversos \u00f3rdenes de gobierno, permitir\u00e1 que se reduzca esta problem\u00e1tica en M\u00e9xico.<\/p>\n","protected":false},"excerpt":{"rendered":"<p>Toluca, Estado de M\u00e9xico.-\u00a0El gobernador Eruviel \u00c1vila Villegas expres\u00f3 el reconocimiento del Gobierno del Estado de M\u00e9xico a los integrantes de la C\u00e1mara de Diputados federal, por la aprobaci\u00f3n de la Pensi\u00f3n Universal para Adultos Mayores de 65 a\u00f1os, as\u00ed como el Seguro de Desempleo, iniciativas enviadas por el presidente de la Rep\u00fablica, Enrique Pe\u00f1a [&hellip;]<\/p>\n","protected":false},"author":1,"featured_media":151767,"comment_status":"open","ping_status":"open","sticky":false,"template":"","format":"standard","meta":{"_monsterinsights_skip_tracking":false,"_monsterinsights_sitenote_active":false,"_monsterinsights_sitenote_note":"","_monsterinsights_sitenote_category":0,"footnotes":""},"categories":[17],"tags":[5828,43675],"class_list":["post-151766","post","type-post","status-publish","format-standard","has-post-thumbnail","hentry","category-especiales","tag-eruviel-avila-villegas","tag-estado-de-mexico"],"_links":{"self":[{"href":"https:\/\/www.diarioimagen.net\/index.php?rest_route=\/wp\/v2\/posts\/151766","targetHints":{"allow":["GET"]}}],"collection":[{"href":"https:\/\/www.diarioimagen.net\/index.php?rest_route=\/wp\/v2\/posts"}],"about":[{"href":"https:\/\/www.diarioimagen.net\/index.php?rest_route=\/wp\/v2\/types\/post"}],"author":[{"embeddable":true,"href":"https:\/\/www.diarioimagen.net\/index.php?rest_route=\/wp\/v2\/users\/1"}],"replies":[{"embeddable":true,"href":"https:\/\/www.diarioimagen.net\/index.php?rest_route=%2Fwp%2Fv2%2Fcomments&post=151766"}],"version-history":[{"count":0,"href":"https:\/\/www.diarioimagen.net\/index.php?rest_route=\/wp\/v2\/posts\/151766\/revisions"}],"wp:featuredmedia":[{"embeddable":true,"href":"https:\/\/www.diarioimagen.net\/index.php?rest_route=\/wp\/v2\/media\/151767"}],"wp:attachment":[{"href":"https:\/\/www.diarioimagen.net\/index.php?rest_route=%2Fwp%2Fv2%2Fmedia&parent=151766"}],"wp:term":[{"taxonomy":"category","embeddable":true,"href":"https:\/\/www.diarioimagen.net\/index.php?rest_route=%2Fwp%2Fv2%2Fcategories&post=151766"},{"taxonomy":"post_tag","embeddable":true,"href":"https:\/\/www.diarioimagen.net\/index.php?rest_route=%2Fwp%2Fv2%2Ftags&post=151766"}],"curies":[{"name":"wp","href":"https:\/\/api.w.org\/{rel}","templated":true}]}}