{"id":151837,"date":"2013-10-28T00:07:27","date_gmt":"2013-10-28T06:07:27","guid":{"rendered":"http:\/\/www.diarioimagen.net\/?p=151837"},"modified":"2013-10-29T02:57:45","modified_gmt":"2013-10-29T08:57:45","slug":"entra-en-su-fase-final-la-reforma-hacendaria","status":"publish","type":"post","link":"https:\/\/www.diarioimagen.net\/?p=151837","title":{"rendered":"Entra en su fase final la reforma hacendaria"},"content":{"rendered":"<h2>Tras la puerta del poder<\/h2>\n<h5>Roberto Vizca\u00edno<\/h5>\n<p>&nbsp;<\/p>\n<ul>\n<li><strong><i>Se discute y dictamina esta semana en el Senado, en una etapa cargada de retos y amenazas\u00a0<\/i><\/strong><\/li>\n<li><strong><i>Comerciantes denunciaron que la delegada de Tlalpan les exigi\u00f3 5 millones de \u201centre\u201d y un mill\u00f3n m\u00e1s por mes<\/i><\/strong><\/li>\n<li><strong><i>La senadora Cristina D\u00edaz se encerr\u00f3 el viernes en el TEC con estudiantes para hablar de las reformas\u00a0<\/i><\/strong><\/li>\n<\/ul>\n<div id=\"attachment_151875\" style=\"width: 250px\" class=\"wp-caption alignleft\"><a href=\"http:\/\/www.diarioimagen.net\/wp-content\/uploads\/2013\/10\/A-TODA-MAQUINA-trizas-2216.jpg\"><img loading=\"lazy\" decoding=\"async\" aria-describedby=\"caption-attachment-151875\" class=\"size-medium wp-image-151875\" alt=\"A toda m\u00e1quina... | Trizas\" src=\"http:\/\/www.diarioimagen.net\/wp-content\/uploads\/2013\/10\/A-TODA-MAQUINA-trizas-2216-240x223.jpg\" width=\"240\" height=\"223\" srcset=\"https:\/\/www.diarioimagen.net\/wp-content\/uploads\/2013\/10\/A-TODA-MAQUINA-trizas-2216-240x223.jpg 240w, https:\/\/www.diarioimagen.net\/wp-content\/uploads\/2013\/10\/A-TODA-MAQUINA-trizas-2216-420x391.jpg 420w, https:\/\/www.diarioimagen.net\/wp-content\/uploads\/2013\/10\/A-TODA-MAQUINA-trizas-2216.jpg 700w\" sizes=\"auto, (max-width: 240px) 100vw, 240px\" \/><\/a><p id=\"caption-attachment-151875\" class=\"wp-caption-text\">A toda m\u00e1quina&#8230; | Trizas<\/p><\/div>\n<p>Asediada por decenas de habilidosos cabilderos que representan los m\u00e1s poderosos intereses multimillonarios nacionales y extranjeros, repudiada por derechas e izquierdas, la reforma hacendaria camina esta semana en el Senado el tramo final hacia su aprobaci\u00f3n\u2026 o su anulaci\u00f3n.<\/p>\n<p>Entre otros, Andr\u00e9s Manuel L\u00f3pez Obrador pidi\u00f3 ayer desde el Z\u00f3calo a senadores del PAN y PRD ir a una alianza para abortarla.<\/p>\n<p>Lo mismo quiere su archienemigo pol\u00edtico e hist\u00f3rico, el ex presidente Felipe Calder\u00f3n y el grupo de \u00e9ste en la c\u00e1mara alta encabezado por Ernesto Cordero.<\/p>\n<p>Y ni qu\u00e9 decir: los grandes empresarios y hombres del capital de dentro y fuera del pa\u00eds.<\/p>\n<p>Frente a este escenario el coordinador de los senadores del PRI, el yucateco Emilio Gamboa, afirma que habr\u00e1 reforma y que el objetivo de sus compa\u00f1eros senadores del PRI es lograr una reforma hacendaria que permita crecer a M\u00e9xico en 2014 a 3 puntos del PIB.<\/p>\n<p>M\u00e1s a\u00fan, dijo, cuando la propuesta econ\u00f3mica presidencial contiene un alto contenido social que dar\u00eda a M\u00e9xico un avance contra la inequidad con la Pensi\u00f3n Universal para Adultos Mayores y el Seguro de Desempleo.<\/p>\n<p>Record\u00f3 que M\u00e9xico est\u00e1 hoy entre los niveles m\u00e1s bajos de recaudaci\u00f3n y que eso debe cambiar en beneficio de los programas sociales.<\/p>\n<p>La semana pasada el Senado aprob\u00f3 las minutas del C\u00f3digo Fiscal de la Federaci\u00f3n y la Ley de Aduanas y que en comisiones pasaron ya la Ley de Coordinaci\u00f3n Fiscal, la Ley Federal de Presupuesto y Responsabilidad Hacendaria y la Ley General de Contabilidad Gubernamental.<\/p>\n<p>\u201cSe avanza as\u00ed no s\u00f3lo para darle al gobierno federal los instrumentos para aumentar la recaudaci\u00f3n sino para reducir la desigualdad, generar infraestructura, asegurar m\u00e1s y mejor educaci\u00f3n y la aplicaci\u00f3n de programas sociales\u201d, indic\u00f3.<\/p>\n<p align=\"center\">\u00a0<b>NO PASAR\u00c1<\/b><\/p>\n<p>Frente al optimismo y seguridad de Gamboa el coordinador formal de los senadores del PAN, el colimense Jorge Luis Preciado, insisti\u00f3 en que la reforma hacendaria es como la \u201ctormenta perfecta\u201d que, en medio de un escenario econ\u00f3mico de crisis, \u201cllevar\u00e1 al pa\u00eds a la quiebra\u201d.<\/p>\n<p>Y coment\u00f3:<\/p>\n<p>\u201c\u2026 vamos a una recesi\u00f3n important\u00edsima, a una escalada de precios y a una presi\u00f3n inflacionaria terrible\u2026 Si van 700 mil desempleados en este a\u00f1o, de acuerdo con las cifras del Seguro Social, vamos a llegar a un mill\u00f3n de desempleados cuando termine el a\u00f1o\u201d, advirti\u00f3.<\/p>\n<p>Esta reforma se tramita justo en el momento, dijo, en que el crecimiento econ\u00f3mico cay\u00f3 de 3.5 a menos del 1 por ciento y cuando la inseguridad se ha disparado, la desaceleraci\u00f3n en Estados Unidos agudiza la crisis econ\u00f3mica internacional, cuando hay una grave crisis en el sector de la construcci\u00f3n y en el momento en que se presenta un enorme subejercicio en el gobierno federal.<\/p>\n<p>\u201cEn estos momentos es cuando se quiere aprobar una reforma hacendaria que afectar\u00e1 de manera negativa a distintos sectores de la sociedad\u2026<\/p>\n<p>\u201cTenemos ahora s\u00ed que tres ciclones en el mismo lugar, porque adem\u00e1s no dicen en qu\u00e9 se los van a gastar y por si esto fuera poco, para lo que resta de 2013 est\u00e1n pidiendo alrededor de 70 mil millones de pesos en deuda. Esta reforma lo que est\u00e1 provocando es una tormenta que va a arrasar con todo el pa\u00eds\u201d, enumer\u00f3.<\/p>\n<p>El tambi\u00e9n presidente de la Junta de Coordinaci\u00f3n Pol\u00edtica del Senado denunci\u00f3 que hoy hay un claro maridaje entre las fracciones del PRI y el PRD para sacar adelante esta reforma.<\/p>\n<p>Sugiri\u00f3 que este enlace partidario y legislativo ni siquiera surge de coincidencias ideol\u00f3gicas, sino de componendas econ\u00f3micas.<\/p>\n<p>La alianza entre PRI y PRD que ha generado una \u201cvotaci\u00f3n irracional donde no se escucha, no se analiza, no se debate\u201d, asegur\u00f3 Preciado, tiene como compromiso el fondo de capitalidad de 7 mil millones de pesos aprobado por pri\u00edstas en beneficio del Gobierno del DF, denunci\u00f3.<\/p>\n<p>El colimense -que con esta posici\u00f3n ha adoptado el discurso de su enemigo interno, el senador Ernesto Cordero-, afirma que su grupo dar\u00e1 esta semana la mayor batalla en contra de la aprobaci\u00f3n de esta reforma y sobre todo para impedir la homologaci\u00f3n del IVA en la frontera.<\/p>\n<p align=\"center\">\u00a0<b>PROFUNDO SENTIDO SOCIAL<\/b><\/p>\n<p>Desde la otra c\u00e1mara, el coordinador de los diputados del PRI, el sonorense Manlio Fabio Beltrones apuntala a los suyos en el Senado y a la propuesta del presidente Enrique Pe\u00f1a Nieto.<\/p>\n<p>\u201cEl car\u00e1cter social de la reforma hacendaria permitir\u00e1 que a partir de 2014, m\u00e1s de siete millones de adultos mayores de 65 a\u00f1os obtengan una pensi\u00f3n que garantice el pago de sus gastos b\u00e1sicos de manutenci\u00f3n, y tener una vida digna\u2026<\/p>\n<p>\u201cEl seguro de desempleo reducir\u00e1 a su vez los efectos econ\u00f3micos y sociales de una eventual p\u00e9rdida del empleo.<\/p>\n<p>Acordamos que su financiamiento b\u00e1sico no sea a costa de las aportaciones al Infonavit, sino solamente en una proporci\u00f3n de 0.25%, y que el resto se defina en la ley del seguro social y su administraci\u00f3n est\u00e9 a cargo del IMSS.<\/p>\n<p>\u201cCon medidas precisas como estas, los diputados del PRI avanzamos en la construcci\u00f3n del sistema de seguridad social universal propuesto por el presidente Enrique Pe\u00f1a Nieto en la ruta de la transformaci\u00f3n del pa\u00eds y la consolidaci\u00f3n de nuestra democracia como forma de vida, concluy\u00f3 el coordinador parlamentario\u201d, indic\u00f3 Beltrones en claro apoyo a la aprobaci\u00f3n de esta reforma en el Senado.<\/p>\n<p align=\"center\">\u00a0<b>QUE S\u00cd, QUE NO\u2026 QUE<\/b><\/p>\n<p>Sin tener la menor credibilidad, pues su antecedente es que se comprometen a una cosa y hacen otra, los dirigentes de la CNTE afirman que dir\u00e1n ma\u00f1ana martes si compactan o no su plant\u00f3n en la explanada del Monumento a la Revoluci\u00f3n.<\/p>\n<p>Con esa promesa concluy\u00f3 un encuentro entre autoridades del Gobierno del DF, los dirigentes de los de la CNTE y un grupo de empresarios afectados de la zona del Monumento.<\/p>\n<p align=\"center\">\u00a0<b>OTRA DE DELEGADOS<\/b><\/p>\n<p>La lideresa de la Asociaci\u00f3n Civil Comerciantes Unidos La Esperanza, Mar\u00eda Garc\u00eda Grimaldo, acus\u00f3 este fin de semana a la Jefa Delegacional de Tlalpan, la perredista Maricela Contreras Juli\u00e1n, de iniciar un embate contra su agrupaci\u00f3n luego de que sus afiliados se negaron a darle un \u201centre\u201d de 5 millones de pesos y un mill\u00f3n m\u00e1s mensual para dejarlos trabajar en las calles y plazas de esta demarcaci\u00f3n.<\/p>\n<p>Una m\u00e1s de la corrupci\u00f3n en que delegados perredistas se ven involucrados y sobre la que nadie hace nada. Y antes fue el de Coyoac\u00e1n, luego la de Iztapalapa y ahora la de Tlalpan.<\/p>\n<p>La experiencia indica que la delegada ser\u00e1 protegida por los asamble\u00edstas del DF y que los comerciantes denunciantes tendr\u00e1n que ir a \u201cun arreglo\u201d para dejarlos operar en sus puestos callejeros.<\/p>\n<p>Garc\u00eda Grimaldo explic\u00f3 que a principios del a\u00f1o Armando Garc\u00eda Benhumea, secretario particular del ex director Jur\u00eddico de la Delegaci\u00f3n Tlalpan, Gustavo Adolfo Roque L\u00f3pez, \u201cme dijo: Le sugiero que vaya, se siente, platique y proponga\u2026 mil por mil\u2019, es decir, que le diera mil pesos por los presuntos mil comerciantes afiliados\u2026 es decir, que les di\u00e9ramos un mill\u00f3n de pesos mensuales\u201d.<\/p>\n<p>As\u00ed de f\u00e1cil\u2026 sin recibo ni pago al fisco. Directos a la bolsa marca Louis Vuitton de la se\u00f1ora Delegada.<\/p>\n<p align=\"center\">\u00a0<b>CIVILIDAD POSIBLE<\/b><\/p>\n<p>En un marco de respeto, la senadora y dirigente de la CNOP del PRI, Cristina D\u00edaz, convivi\u00f3 con estudiantes universitarios con quienes intercambi\u00f3 puntos de vista, algunos r\u00edspidos, opuestos, pero expuestos civilizadamente durante un Simposio Internacional de Econom\u00eda realizado el viernes pasado en el Auditorio del Tecnol\u00f3gico de Monterrey.<\/p>\n<p>Ah\u00ed y a contrapelo de la opini\u00f3n de otros, la senadora les explic\u00f3 con detalle los objetivos y alcances de las reformas energ\u00e9tica y hacendaria hoy en curso de discusi\u00f3n y aprobaci\u00f3n dentro del Congreso.<\/p>\n<p>Con una actitud decidida, sin eludir cr\u00edticas o posiciones contrarias, la dirigente del sector popular del tricolor le entr\u00f3 al debate y al final arranc\u00f3 aplausos y reconocimientos por parte de buena parte de los estudiantes. Un\u00a0 buen ejemplo para otros pol\u00edticos.<\/p>\n<p><em><a href=\"mailto:rvizcaino@gmail.com\" target=\"_blank\">rvizcaino@gmail.com<\/a><\/em><\/p>\n","protected":false},"excerpt":{"rendered":"<p><span style=\"color: #005497;\"><strong>Roberto Vizca\u00edno<\/strong><\/span><br \/>\n<br \/>\nAsediada por decenas de habilidosos cabilderos que representan los m\u00e1s poderosos intereses multimillonarios nacionales y extranjeros, repudiada por derechas e izquierdas, la reforma hacendaria camina esta semana en el Senado el tramo final hacia su aprobaci\u00f3n\u2026 o su anulaci\u00f3n.<\/p>\n","protected":false},"author":3,"featured_media":151875,"comment_status":"open","ping_status":"open","sticky":false,"template":"","format":"standard","meta":{"_monsterinsights_skip_tracking":false,"_monsterinsights_sitenote_active":false,"_monsterinsights_sitenote_note":"","_monsterinsights_sitenote_category":0,"footnotes":""},"categories":[136],"tags":[1352,43674,93,4120,3217,94],"class_list":["post-151837","post","type-post","status-publish","format-standard","has-post-thumbnail","hentry","category-roberto-vizcaino-opinion","tag-andres-manuel-lopez-obrador","tag-opinion","tag-roberto-vizcaino","tag-tec","tag-tlalpan","tag-tras-la-puerta-del-poder"],"_links":{"self":[{"href":"https:\/\/www.diarioimagen.net\/index.php?rest_route=\/wp\/v2\/posts\/151837","targetHints":{"allow":["GET"]}}],"collection":[{"href":"https:\/\/www.diarioimagen.net\/index.php?rest_route=\/wp\/v2\/posts"}],"about":[{"href":"https:\/\/www.diarioimagen.net\/index.php?rest_route=\/wp\/v2\/types\/post"}],"author":[{"embeddable":true,"href":"https:\/\/www.diarioimagen.net\/index.php?rest_route=\/wp\/v2\/users\/3"}],"replies":[{"embeddable":true,"href":"https:\/\/www.diarioimagen.net\/index.php?rest_route=%2Fwp%2Fv2%2Fcomments&post=151837"}],"version-history":[{"count":0,"href":"https:\/\/www.diarioimagen.net\/index.php?rest_route=\/wp\/v2\/posts\/151837\/revisions"}],"wp:featuredmedia":[{"embeddable":true,"href":"https:\/\/www.diarioimagen.net\/index.php?rest_route=\/wp\/v2\/media\/151875"}],"wp:attachment":[{"href":"https:\/\/www.diarioimagen.net\/index.php?rest_route=%2Fwp%2Fv2%2Fmedia&parent=151837"}],"wp:term":[{"taxonomy":"category","embeddable":true,"href":"https:\/\/www.diarioimagen.net\/index.php?rest_route=%2Fwp%2Fv2%2Fcategories&post=151837"},{"taxonomy":"post_tag","embeddable":true,"href":"https:\/\/www.diarioimagen.net\/index.php?rest_route=%2Fwp%2Fv2%2Ftags&post=151837"}],"curies":[{"name":"wp","href":"https:\/\/api.w.org\/{rel}","templated":true}]}}