{"id":151858,"date":"2013-10-28T00:09:26","date_gmt":"2013-10-28T06:09:26","guid":{"rendered":"http:\/\/www.diarioimagen.net\/?p=151858"},"modified":"2013-10-28T04:35:07","modified_gmt":"2013-10-28T10:35:07","slug":"gdf-capacita-a-vecinos-contra-contingencias","status":"publish","type":"post","link":"https:\/\/www.diarioimagen.net\/?p=151858","title":{"rendered":"GDF capacita a vecinos contra contingencias"},"content":{"rendered":"<ul>\n<li><strong><em>Alrededor de 167 mil 500 residentes ya cuentan con las herramientas necesarias para enfrentar emergencias<\/em><\/strong><\/li>\n<\/ul>\n<div id=\"attachment_151871\" style=\"width: 250px\" class=\"wp-caption alignleft\"><a href=\"http:\/\/www.diarioimagen.net\/wp-content\/uploads\/2013\/10\/UNIDADES-2216.jpg\"><img loading=\"lazy\" decoding=\"async\" aria-describedby=\"caption-attachment-151871\" class=\"size-medium wp-image-151871\" alt=\"Las autoridades capitalinas capacitaron a residentes de unidades habitacionales para enfrentar cualquier eventualidad.\" src=\"http:\/\/www.diarioimagen.net\/wp-content\/uploads\/2013\/10\/UNIDADES-2216-240x135.jpg\" width=\"240\" height=\"135\" srcset=\"https:\/\/www.diarioimagen.net\/wp-content\/uploads\/2013\/10\/UNIDADES-2216-240x135.jpg 240w, https:\/\/www.diarioimagen.net\/wp-content\/uploads\/2013\/10\/UNIDADES-2216-420x236.jpg 420w, https:\/\/www.diarioimagen.net\/wp-content\/uploads\/2013\/10\/UNIDADES-2216-235x132.jpg 235w, https:\/\/www.diarioimagen.net\/wp-content\/uploads\/2013\/10\/UNIDADES-2216-202x114.jpg 202w, https:\/\/www.diarioimagen.net\/wp-content\/uploads\/2013\/10\/UNIDADES-2216-350x196.jpg 350w, https:\/\/www.diarioimagen.net\/wp-content\/uploads\/2013\/10\/UNIDADES-2216-220x123.jpg 220w, https:\/\/www.diarioimagen.net\/wp-content\/uploads\/2013\/10\/UNIDADES-2216-237x132.jpg 237w, https:\/\/www.diarioimagen.net\/wp-content\/uploads\/2013\/10\/UNIDADES-2216.jpg 480w\" sizes=\"auto, (max-width: 240px) 100vw, 240px\" \/><\/a><p id=\"caption-attachment-151871\" class=\"wp-caption-text\">Las autoridades capitalinas capacitaron a residentes de unidades habitacionales para enfrentar cualquier eventualidad.<\/p><\/div>\n<p>El gobierno del Distrito Federal anunci\u00f3 que 167 mil 500 residentes de unidades habitacionales cuentan ya con las herramientas necesarias para enfrentar cualquier emergencia como incendios, sismos, hundimientos, plagas y derrumbes.<\/p>\n<p>Lo anterior, indic\u00f3, debido a la formaci\u00f3n de 500 Comit\u00e9s de Protecci\u00f3n Civil, con los cuales adem\u00e1s, podr\u00e1n identificar y actuar con oportunidad ante el riesgo de desastres naturales.<\/p>\n<p>As\u00ed lo se\u00f1al\u00f3 el procurador social capitalino, Alfredo Hern\u00e1ndez Raigosa, al referirse a la entrega de constancias y alarmas s\u00edsmicas a grupos de cond\u00f3minos que se capacitaron en la dependencia para formar parte de los Comit\u00e9s de Protecci\u00f3n Civil de su Unidad Habitacional.<\/p>\n<p>El funcionario se\u00f1al\u00f3 que se espera que al concluir el primer semestre de 2014, se alcance la meta de 3 mil comit\u00e9s en todas las unidades habitacionales y conjuntos condominales.<\/p>\n<p>Con ello, subray\u00f3, se avanzar\u00e1 en la consolidaci\u00f3n de pol\u00edticas p\u00fablicas establecidas por el gobierno del Distrito Federal en los ejes de Gobernabilidad, Seguridad y Protecci\u00f3n Ciudadana.<\/p>\n<p>El titular de la Procuradur\u00eda Social (Prosoc) sostuvo que se mantendr\u00e1 el trabajo para permear y extender en la poblaci\u00f3n una conciencia y cultura de autoprotecci\u00f3n; abatir la incertidumbre e inseguridad, potenciando m\u00e1s participaci\u00f3n, pues ahora son casi 8 mil unidades habitacionales, donde residen casi 3.5 millones de personas.<\/p>\n<p>Refiri\u00f3 que desde los sismos de 1985, los capitalinos han aprendido a actuar en conjunto y a cambiar la percepci\u00f3n del riesgo y sobre todo estar preparados para afrontar los desastres con m\u00e1s planificaci\u00f3n.<\/p>\n<p>Por \u00faltimo, agradeci\u00f3 el apoyo de la Secretar\u00eda de Protecci\u00f3n Civil, as\u00ed como el Heroico Cuerpo de Bomberos, quienes con el mismo entusiasmo desde el primer d\u00eda contin\u00faan impartiendo los cursos cada mi\u00e9rcoles a los grupos que se inscriben cada semana.<\/p>\n<p>&nbsp;<\/p>\n","protected":false},"excerpt":{"rendered":"<p>El gobierno del Distrito Federal anunci\u00f3 que 167 mil 500 residentes de unidades habitacionales cuentan ya con las herramientas necesarias para enfrentar cualquier emergencia como incendios, sismos, hundimientos, plagas y derrumbes.<\/p>\n","protected":false},"author":3,"featured_media":151871,"comment_status":"open","ping_status":"open","sticky":false,"template":"","format":"standard","meta":{"_monsterinsights_skip_tracking":false,"_monsterinsights_sitenote_active":false,"_monsterinsights_sitenote_note":"","_monsterinsights_sitenote_category":0,"footnotes":""},"categories":[6],"tags":[204,39],"class_list":["post-151858","post","type-post","status-publish","format-standard","has-post-thumbnail","hentry","category-cd-de-mexico","tag-ciudad-de-mexico","tag-distrito-federal"],"_links":{"self":[{"href":"https:\/\/www.diarioimagen.net\/index.php?rest_route=\/wp\/v2\/posts\/151858","targetHints":{"allow":["GET"]}}],"collection":[{"href":"https:\/\/www.diarioimagen.net\/index.php?rest_route=\/wp\/v2\/posts"}],"about":[{"href":"https:\/\/www.diarioimagen.net\/index.php?rest_route=\/wp\/v2\/types\/post"}],"author":[{"embeddable":true,"href":"https:\/\/www.diarioimagen.net\/index.php?rest_route=\/wp\/v2\/users\/3"}],"replies":[{"embeddable":true,"href":"https:\/\/www.diarioimagen.net\/index.php?rest_route=%2Fwp%2Fv2%2Fcomments&post=151858"}],"version-history":[{"count":0,"href":"https:\/\/www.diarioimagen.net\/index.php?rest_route=\/wp\/v2\/posts\/151858\/revisions"}],"wp:featuredmedia":[{"embeddable":true,"href":"https:\/\/www.diarioimagen.net\/index.php?rest_route=\/wp\/v2\/media\/151871"}],"wp:attachment":[{"href":"https:\/\/www.diarioimagen.net\/index.php?rest_route=%2Fwp%2Fv2%2Fmedia&parent=151858"}],"wp:term":[{"taxonomy":"category","embeddable":true,"href":"https:\/\/www.diarioimagen.net\/index.php?rest_route=%2Fwp%2Fv2%2Fcategories&post=151858"},{"taxonomy":"post_tag","embeddable":true,"href":"https:\/\/www.diarioimagen.net\/index.php?rest_route=%2Fwp%2Fv2%2Ftags&post=151858"}],"curies":[{"name":"wp","href":"https:\/\/api.w.org\/{rel}","templated":true}]}}