{"id":151930,"date":"2013-10-28T12:15:04","date_gmt":"2013-10-28T18:15:04","guid":{"rendered":"http:\/\/www.diarioimagen.net\/?p=151930"},"modified":"2013-10-29T03:43:59","modified_gmt":"2013-10-29T09:43:59","slug":"festejo-por-san-judas-tadeo-provoca-afectacion-vial-en-reforma","status":"publish","type":"post","link":"https:\/\/www.diarioimagen.net\/?p=151930","title":{"rendered":"Festejo por San Judas Tadeo provoca afectaci\u00f3n vial en Reforma"},"content":{"rendered":"<ul>\n<li><em><strong>La Secretar\u00eda de Seguridad P\u00fablica del DF inform\u00f3 que se encuentra cerrada la circulaci\u00f3n de la Av. Hidalgo entre Eje Central L\u00e1zaro C\u00e1rdenas y Paseo de la Reforma<\/strong><\/em><\/li>\n<\/ul>\n<div id=\"attachment_151931\" style=\"width: 490px\" class=\"wp-caption alignleft\"><img loading=\"lazy\" decoding=\"async\" aria-describedby=\"caption-attachment-151931\" class=\"size-full wp-image-151931\" alt=\"Por esa misma red social, pero en la cuenta @OrientadorVial, la secretar\u00eda de seguridad inform\u00f3: &quot;Se encuentra cerrada la circulaci\u00f3n de la Av. Hidalgo entre Eje Central L\u00e1zaro C\u00e1rdenas y Paseo de la Reforma&quot;.\" src=\"http:\/\/www.diarioimagen.net\/wp-content\/uploads\/2013\/10\/FESTEJO-PORTAL.jpg\" width=\"480\" height=\"270\" srcset=\"https:\/\/www.diarioimagen.net\/wp-content\/uploads\/2013\/10\/FESTEJO-PORTAL.jpg 480w, https:\/\/www.diarioimagen.net\/wp-content\/uploads\/2013\/10\/FESTEJO-PORTAL-240x135.jpg 240w, https:\/\/www.diarioimagen.net\/wp-content\/uploads\/2013\/10\/FESTEJO-PORTAL-420x236.jpg 420w, https:\/\/www.diarioimagen.net\/wp-content\/uploads\/2013\/10\/FESTEJO-PORTAL-235x132.jpg 235w, https:\/\/www.diarioimagen.net\/wp-content\/uploads\/2013\/10\/FESTEJO-PORTAL-202x114.jpg 202w, https:\/\/www.diarioimagen.net\/wp-content\/uploads\/2013\/10\/FESTEJO-PORTAL-350x196.jpg 350w, https:\/\/www.diarioimagen.net\/wp-content\/uploads\/2013\/10\/FESTEJO-PORTAL-220x123.jpg 220w, https:\/\/www.diarioimagen.net\/wp-content\/uploads\/2013\/10\/FESTEJO-PORTAL-237x132.jpg 237w\" sizes=\"auto, (max-width: 480px) 100vw, 480px\" \/><p id=\"caption-attachment-151931\" class=\"wp-caption-text\">Por esa misma red social, pero en la cuenta @OrientadorVial, la secretar\u00eda de seguridad inform\u00f3: \u00abSe encuentra cerrada la circulaci\u00f3n de la Av. Hidalgo entre Eje Central L\u00e1zaro C\u00e1rdenas y Paseo de la Reforma\u00bb.<\/p><\/div>\n<p>La Secretar\u00eda de Seguridad P\u00fablica del Distrito Federal (SSPDF) inform\u00f3 que se encuentra afectada la circulaci\u00f3n sobre Paseo de la Reforma, a la altura de avenida Hidalgo, por la presencia de feligreses en la iglesia de San Hip\u00f3lito.<\/p>\n<p>Cabe recordar que este 28 de octubre es la celebraci\u00f3n mayor de San Judas Tadeo, por lo que desde la noche del domingo y la madrugada de este lunes feligreses han arribado al templo para venerar al santo y ser parte de la verbena popular en su honor.<\/p>\n<p>Se encuentra afectada la vialidad sobre Reforma a la altura de Av. Hidalgo San Hip\u00f3lito por feligreses como cada 28, evite la zona en lo posible\u00bb, inform\u00f3 en la dependencia local en su cuenta de Twitter @SSPDF_TRANSITO<\/p>\n","protected":false},"excerpt":{"rendered":"<p>La Secretar\u00eda de Seguridad P\u00fablica del Distrito Federal (SSPDF) inform\u00f3 que se encuentra afectada la circulaci\u00f3n sobre Paseo de la Reforma, a la altura de avenida Hidalgo, por la presencia de feligreses en la iglesia de San Hip\u00f3lito.<\/p>\n","protected":false},"author":5,"featured_media":151931,"comment_status":"open","ping_status":"open","sticky":false,"template":"","format":"standard","meta":{"_monsterinsights_skip_tracking":false,"_monsterinsights_sitenote_active":false,"_monsterinsights_sitenote_note":"","_monsterinsights_sitenote_category":0,"footnotes":""},"categories":[17,6],"tags":[1246,20569],"class_list":["post-151930","post","type-post","status-publish","format-standard","has-post-thumbnail","hentry","category-especiales","category-cd-de-mexico","tag-reforma","tag-san-judas-tadeo"],"_links":{"self":[{"href":"https:\/\/www.diarioimagen.net\/index.php?rest_route=\/wp\/v2\/posts\/151930","targetHints":{"allow":["GET"]}}],"collection":[{"href":"https:\/\/www.diarioimagen.net\/index.php?rest_route=\/wp\/v2\/posts"}],"about":[{"href":"https:\/\/www.diarioimagen.net\/index.php?rest_route=\/wp\/v2\/types\/post"}],"author":[{"embeddable":true,"href":"https:\/\/www.diarioimagen.net\/index.php?rest_route=\/wp\/v2\/users\/5"}],"replies":[{"embeddable":true,"href":"https:\/\/www.diarioimagen.net\/index.php?rest_route=%2Fwp%2Fv2%2Fcomments&post=151930"}],"version-history":[{"count":0,"href":"https:\/\/www.diarioimagen.net\/index.php?rest_route=\/wp\/v2\/posts\/151930\/revisions"}],"wp:featuredmedia":[{"embeddable":true,"href":"https:\/\/www.diarioimagen.net\/index.php?rest_route=\/wp\/v2\/media\/151931"}],"wp:attachment":[{"href":"https:\/\/www.diarioimagen.net\/index.php?rest_route=%2Fwp%2Fv2%2Fmedia&parent=151930"}],"wp:term":[{"taxonomy":"category","embeddable":true,"href":"https:\/\/www.diarioimagen.net\/index.php?rest_route=%2Fwp%2Fv2%2Fcategories&post=151930"},{"taxonomy":"post_tag","embeddable":true,"href":"https:\/\/www.diarioimagen.net\/index.php?rest_route=%2Fwp%2Fv2%2Ftags&post=151930"}],"curies":[{"name":"wp","href":"https:\/\/api.w.org\/{rel}","templated":true}]}}