{"id":151948,"date":"2013-10-29T00:03:49","date_gmt":"2013-10-29T06:03:49","guid":{"rendered":"http:\/\/www.diarioimagen.net\/?p=151948"},"modified":"2013-10-31T06:53:15","modified_gmt":"2013-10-31T12:53:15","slug":"hoy-definen-si-cnte-reubica-planton-del-monumento-a-la-revolucion","status":"publish","type":"post","link":"https:\/\/www.diarioimagen.net\/?p=151948","title":{"rendered":"Hoy definen si la CNTE reubica su plant\u00f3n del monumento a la Revoluci\u00f3n"},"content":{"rendered":"<ul>\n<li><em><strong>En Morelia, maestros reventaron un acto p\u00fablico de la organizaci\u00f3n Mexicanos Primero<\/strong><\/em><\/li>\n<\/ul>\n<p>&nbsp;<\/p>\n<div id=\"attachment_152020\" style=\"width: 250px\" class=\"wp-caption alignleft\"><a href=\"http:\/\/www.diarioimagen.net\/wp-content\/uploads\/2013\/10\/cnte-22171.jpg\"><img loading=\"lazy\" decoding=\"async\" aria-describedby=\"caption-attachment-152020\" class=\"size-medium wp-image-152020\" alt=\"Hoy se dar\u00e1 a conocer si el plant\u00f3n de los maestros de la CNTE es reubicado o continuar\u00e1 por tiempo indefinido en torno al monumento a la Revoluci\u00f3n.\" src=\"http:\/\/www.diarioimagen.net\/wp-content\/uploads\/2013\/10\/cnte-22171-240x135.jpg\" width=\"240\" height=\"135\" srcset=\"https:\/\/www.diarioimagen.net\/wp-content\/uploads\/2013\/10\/cnte-22171-240x135.jpg 240w, https:\/\/www.diarioimagen.net\/wp-content\/uploads\/2013\/10\/cnte-22171-420x236.jpg 420w, https:\/\/www.diarioimagen.net\/wp-content\/uploads\/2013\/10\/cnte-22171-235x132.jpg 235w, https:\/\/www.diarioimagen.net\/wp-content\/uploads\/2013\/10\/cnte-22171-202x114.jpg 202w, https:\/\/www.diarioimagen.net\/wp-content\/uploads\/2013\/10\/cnte-22171-350x196.jpg 350w, https:\/\/www.diarioimagen.net\/wp-content\/uploads\/2013\/10\/cnte-22171-220x123.jpg 220w, https:\/\/www.diarioimagen.net\/wp-content\/uploads\/2013\/10\/cnte-22171-237x132.jpg 237w, https:\/\/www.diarioimagen.net\/wp-content\/uploads\/2013\/10\/cnte-22171.jpg 480w\" sizes=\"auto, (max-width: 240px) 100vw, 240px\" \/><\/a><p id=\"caption-attachment-152020\" class=\"wp-caption-text\">Hoy se dar\u00e1 a conocer si el plant\u00f3n de los maestros de la CNTE es reubicado o continuar\u00e1 por tiempo indefinido en torno al monumento a la Revoluci\u00f3n.<\/p><\/div>\n<p>La posible reubicaci\u00f3n de los maestros que se encuentran en el monumento a la Revoluci\u00f3n ser\u00e1 discutida este martes con la CNTE durante las conclusiones de la mesa de negociaci\u00f3n que se mantiene con el gobierno capitalino.<\/p>\n<p>As\u00ed lo anunci\u00f3 el jefe de gobierno del Distrito Federal, Miguel \u00c1ngel Mancera, al ser interrogado sobre la perspectiva del plant\u00f3 que mantiene la disidencia magisterial en la ciudad de M\u00e9xico.<\/p>\n<p>Mancera asegura el primer objetivo de las autoridades de la ciudad ha sido la liberaci\u00f3n de las vialidades alrededor del monumento a la Revoluci\u00f3n, el acotamiento del plant\u00f3n de los integrantes de la Coordinadora Nacional de Trabajadores de la Educaci\u00f3n (CNTE) y tras una mesa de negociaci\u00f3n se podr\u00e1 plantear este d\u00eda su reubicaci\u00f3n. Reiter\u00f3 que no se permitir\u00e1 la presencia de ambulantes en la zona ni la ocupaci\u00f3n de vialidades.<\/p>\n<p>En d\u00edas previos, el funcionario dijo que la prioridad es el ordenamiento, liberar el circuito y que se reactive la zona comercial. Tambi\u00e9n advirti\u00f3 que no se solapar\u00e1 ninguna conducta delictiva y se continuar\u00e1 respetando el derecho a la libre manifestaci\u00f3n, protegiendo tambi\u00e9n a la ciudadan\u00eda<\/p>\n<p>Sobre el tema de las marchas en la capital del pa\u00eds, el jefe de gobierno precis\u00f3 que el debate no debe centrarse s\u00f3lo en las marchas, \u201csino en los derechos de todos\u201d. Dijo que entre los derechos que se deben tomar en cuenta en esta discusi\u00f3n se encuentra \u201cel derecho a la manifestaci\u00f3n, el derecho a la libertad de expresi\u00f3n y el derecho a todas las formas de tr\u00e1nsito, y de desarrollo de los ciudadanos\u201d.<\/p>\n<p>Apunt\u00f3 que en la ciudad se debe transitar a una legislaci\u00f3n basada en los derechos, para establecer \u201clineamientos respecto de las marchas\u201d.<\/p>\n<p>Por otra parte, unos 100 profesores irrumpieron en el sal\u00f3n de eventos Cantabria, en Morelia, Michoac\u00e1n, donde la organizaci\u00f3n Mexicanos Primero presentar\u00eda su estudio \u201cMal Gasto Educativo 2013\u201d, que se\u00f1ala que el gasto en este rubro en la entidad est\u00e1 capturado por los maestros disidentes.<\/p>\n<p>Los mentores encararon a los directivos de la organizaci\u00f3n y en el lugar estaban Claudio X Gonz\u00e1lez y Alejandro Ram\u00edrez, presidente y vicepresidente de Mexicanos Primero, as\u00ed como el director David Calder\u00f3n Mart\u00edn.<\/p>\n<p>Erik Avil\u00e9s, director estatal de la organizaci\u00f3n, pidi\u00f3 dialogar a los maestros que lograron ingresar al sal\u00f3n de eventos, pero no tuvo \u00e9xito. \u201c\u00a1Mercenario!\u201d, le grit\u00f3 uno de los docentes de la secci\u00f3n 18.<\/p>\n<p>Encabezados por el ex l\u00edder de la CNTE en el estado, Jorge C\u00e1zares, los manifestantes acusaron a Mexicanos Primero de apoyar la reforma educativa y promover la privatizaci\u00f3n del sector. El incidente hizo que los organizadores del evento abandonaran el lugar y programaran su presentaci\u00f3n en otro punto de la Ciudad, lo que finalmente sucedi\u00f3.<\/p>\n<p>En un hotel al sur de Morelia, denunciaron ante la prensa que Michoac\u00e1n es la cuarta entidad que m\u00e1s gasta en el sector educativo, pero la que tiene los \u00faltimos lugares en rendimiento. \u201cCasi el 90 por ciento de los j\u00f3venes de 15 a\u00f1os que logran terminar la secundaria propiamente no aprende nada, entonces hemos dicho que es un sistema fallido, que no est\u00e1 funcionando\u201d, acus\u00f3 Claudio X Gonz\u00e1lez.<\/p>\n<p>Detall\u00f3 que en 2012 la entidad destin\u00f3 23 mil 276 millones de pesos en educaci\u00f3n b\u00e1sica, sin que eso se haya reflejado en los resultados acad\u00e9micos.<\/p>\n","protected":false},"excerpt":{"rendered":"<p>La posible reubicaci\u00f3n de los maestros que se encuentran en el monumento a la Revoluci\u00f3n ser\u00e1 discutida este martes con la CNTE durante las conclusiones de la mesa de negociaci\u00f3n que se mantiene con el gobierno capitalino.<\/p>\n","protected":false},"author":5,"featured_media":152020,"comment_status":"open","ping_status":"open","sticky":false,"template":"","format":"standard","meta":{"_monsterinsights_skip_tracking":false,"_monsterinsights_sitenote_active":false,"_monsterinsights_sitenote_note":"","_monsterinsights_sitenote_category":0,"footnotes":""},"categories":[17,6],"tags":[204,7473,8577,43673,19217],"class_list":["post-151948","post","type-post","status-publish","format-standard","has-post-thumbnail","hentry","category-especiales","category-cd-de-mexico","tag-ciudad-de-mexico","tag-cnte","tag-monumento-a-la-revolucion","tag-nacional","tag-planton"],"_links":{"self":[{"href":"https:\/\/www.diarioimagen.net\/index.php?rest_route=\/wp\/v2\/posts\/151948","targetHints":{"allow":["GET"]}}],"collection":[{"href":"https:\/\/www.diarioimagen.net\/index.php?rest_route=\/wp\/v2\/posts"}],"about":[{"href":"https:\/\/www.diarioimagen.net\/index.php?rest_route=\/wp\/v2\/types\/post"}],"author":[{"embeddable":true,"href":"https:\/\/www.diarioimagen.net\/index.php?rest_route=\/wp\/v2\/users\/5"}],"replies":[{"embeddable":true,"href":"https:\/\/www.diarioimagen.net\/index.php?rest_route=%2Fwp%2Fv2%2Fcomments&post=151948"}],"version-history":[{"count":0,"href":"https:\/\/www.diarioimagen.net\/index.php?rest_route=\/wp\/v2\/posts\/151948\/revisions"}],"wp:featuredmedia":[{"embeddable":true,"href":"https:\/\/www.diarioimagen.net\/index.php?rest_route=\/wp\/v2\/media\/152020"}],"wp:attachment":[{"href":"https:\/\/www.diarioimagen.net\/index.php?rest_route=%2Fwp%2Fv2%2Fmedia&parent=151948"}],"wp:term":[{"taxonomy":"category","embeddable":true,"href":"https:\/\/www.diarioimagen.net\/index.php?rest_route=%2Fwp%2Fv2%2Fcategories&post=151948"},{"taxonomy":"post_tag","embeddable":true,"href":"https:\/\/www.diarioimagen.net\/index.php?rest_route=%2Fwp%2Fv2%2Ftags&post=151948"}],"curies":[{"name":"wp","href":"https:\/\/api.w.org\/{rel}","templated":true}]}}