{"id":151958,"date":"2013-10-29T00:06:22","date_gmt":"2013-10-29T06:06:22","guid":{"rendered":"http:\/\/www.diarioimagen.net\/?p=151958"},"modified":"2013-10-31T06:52:58","modified_gmt":"2013-10-31T12:52:58","slug":"eruviel-avila-entrega-obras-por-23-millones-en-villa-victoria","status":"publish","type":"post","link":"https:\/\/www.diarioimagen.net\/?p=151958","title":{"rendered":"Eruviel \u00c1vila entrega obras por $23 millones en Villa Victoria"},"content":{"rendered":"<ul>\n<li><strong><em>Entre ellas destacan una cl\u00ednica del ISSEMyM y la plaza c\u00edvica de la localidad; asimismo, vecinos recibieron canastas hortofrut\u00edcolas<\/em><\/strong><\/li>\n<\/ul>\n<div id=\"attachment_151984\" style=\"width: 250px\" class=\"wp-caption alignleft\"><a href=\"http:\/\/www.diarioimagen.net\/wp-content\/uploads\/2013\/10\/eruviel-2217.jpg\"><img loading=\"lazy\" decoding=\"async\" aria-describedby=\"caption-attachment-151984\" class=\"size-medium wp-image-151984\" alt=\"El gobernador Eruviel \u00c1vila Villegas entreg\u00f3 obras en materia de salud e infraestructura, as\u00ed como apoyos agropecuarios en beneficio de los habitantes de esta localidad. Como parte de esta gira de trabajo inaugur\u00f3 la Cl\u00ednica de Consulta Externa  del ISSEMyM de Villa Victoria.\" src=\"http:\/\/www.diarioimagen.net\/wp-content\/uploads\/2013\/10\/eruviel-2217-240x135.jpg\" width=\"240\" height=\"135\" srcset=\"https:\/\/www.diarioimagen.net\/wp-content\/uploads\/2013\/10\/eruviel-2217-240x135.jpg 240w, https:\/\/www.diarioimagen.net\/wp-content\/uploads\/2013\/10\/eruviel-2217-420x236.jpg 420w, https:\/\/www.diarioimagen.net\/wp-content\/uploads\/2013\/10\/eruviel-2217-235x132.jpg 235w, https:\/\/www.diarioimagen.net\/wp-content\/uploads\/2013\/10\/eruviel-2217-202x114.jpg 202w, https:\/\/www.diarioimagen.net\/wp-content\/uploads\/2013\/10\/eruviel-2217-350x196.jpg 350w, https:\/\/www.diarioimagen.net\/wp-content\/uploads\/2013\/10\/eruviel-2217-220x123.jpg 220w, https:\/\/www.diarioimagen.net\/wp-content\/uploads\/2013\/10\/eruviel-2217-237x132.jpg 237w, https:\/\/www.diarioimagen.net\/wp-content\/uploads\/2013\/10\/eruviel-2217.jpg 480w\" sizes=\"auto, (max-width: 240px) 100vw, 240px\" \/><\/a><p id=\"caption-attachment-151984\" class=\"wp-caption-text\">El gobernador Eruviel \u00c1vila Villegas entreg\u00f3 obras en materia de salud e infraestructura, as\u00ed como apoyos agropecuarios en beneficio de los habitantes de esta localidad. Como parte de esta gira de trabajo inaugur\u00f3 la Cl\u00ednica de Consulta Externa del ISSEMyM de Villa Victoria.<\/p><\/div>\n<p><strong>Villa Victoria, Estado de M\u00e9xico<\/strong>.- El gobernador Eruviel \u00c1vila Villegas entreg\u00f3 obras en materia de salud e infraestructura, as\u00ed como apoyos agropecuarios en beneficio de los habitantes de esta localidad, donde se invirtieron 23 millones de pesos, entre las que destacan \u00a0la Cl\u00ednica de Consulta Externa del Instituto de Seguridad Social del Estado de M\u00e9xico y Municipios (ISSEMyM) de Villa Victoria, la cual permitir\u00e1 que los derechohabientes de esta instituci\u00f3n que habitan en esta regi\u00f3n, tengan mejores servicios m\u00e9dicos y as\u00ed, contar con mexiquenses m\u00e1s sanos.<\/p>\n<p>El titular del Ejecutivo estatal precis\u00f3 que esta cl\u00ednica cuenta con dos consultorios de medicina general, uno de medicina preventiva y uno de odontolog\u00eda,\u00a0 tuvo una inversi\u00f3n de 7 millones 800 mil pesos y brinda un servicio integral de salud a 4 mil 300 derechohabientes del ISSEMyM que viven en esta regi\u00f3n de la entidad.<\/p>\n<p>Indic\u00f3 que su administraci\u00f3n continuar\u00e1 impulsando diferentes acciones y obras en materia de salud, como las Cl\u00ednicas Geri\u00e1tricas para atender a los adultos mayores, las Unidades de Hemodi\u00e1lisis para quienes tienen alguna enfermedad relacionada con el ri\u00f1\u00f3n, as\u00ed como los Bancos de Leche Materna, para fomentar la alimentaci\u00f3n de este alimento en los reci\u00e9n nacidos, ya que datos de la Organizaci\u00f3n Mundial de la Salud (OMS), se\u00f1alan que al a\u00f1o se pueden evitar un mill\u00f3n de muertes de beb\u00e9s, si se alimentaran con el l\u00e1cteo.<\/p>\n<p>Eruviel \u00c1vila inaugur\u00f3 tambi\u00e9n la Plaza C\u00edvica de Villa Victoria, obra a la que se destinaron 14 millones de pesos de los programas de Gasto de Inversi\u00f3n Gestorial y del Fondo Estatal de Fortalecimiento Municipal, as\u00ed como recursos municipales,\u00a0 para mejorar la imagen urbana de este municipio, en el cual se ha cumplido con todos los compromisos comunitarios y se ha dado inicio a dos de los siete compromisos municipales: la pavimentaci\u00f3n del nuevo bulevar de la cabecera municipal y la conclusi\u00f3n de la unidad deportiva.<\/p>\n<p>En esta gira de trabajo el gobernador mexiquense entreg\u00f3 apoyos agropecuarios a productores de esta localidad, como microt\u00faneles, microgranjas, f\u00e1bricas de huevo, canastas hortofrut\u00edcolas, entre otras, donde se invirtieron 1.2 millones de pesos.<\/p>\n<p>En el acto estuvieron presentes la diputada federal, Blanca Estela G\u00f3mez Carmona;\u00a0 Gabriel Olvera Hern\u00e1ndez, diputado local; el presidente del Tribunal de Conciliaci\u00f3n y Arbitraje, Mario Santana Carbajal, as\u00ed como el secretario de Desarrollo Agropecuario, Eduardo Gasca Pliego; el director general del ISSEMyM, Delfino Reyes Paredes y la alcaldesa de Villa Victoria, Sara Dom\u00ednguez \u00c1lvarez.<\/p>\n","protected":false},"excerpt":{"rendered":"<p>El gobernador Eruviel \u00c1vila Villegas entreg\u00f3 obras en materia de salud e infraestructura, as\u00ed como apoyos agropecuarios en beneficio de los habitantes de esta localidad, donde se invirtieron 23 millones de pesos, entre las que destacan  la Cl\u00ednica de Consulta Externa del Instituto de Seguridad Social del Estado de M\u00e9xico y Municipios (ISSEMyM) de Villa Victoria, la cual permitir\u00e1 que los derechohabientes de esta instituci\u00f3n que habitan en esta regi\u00f3n, tengan mejores servicios m\u00e9dicos y as\u00ed, contar con mexiquenses m\u00e1s sanos.<\/p>\n","protected":false},"author":3,"featured_media":151984,"comment_status":"open","ping_status":"open","sticky":false,"template":"","format":"standard","meta":{"_monsterinsights_skip_tracking":false,"_monsterinsights_sitenote_active":false,"_monsterinsights_sitenote_note":"","_monsterinsights_sitenote_category":0,"footnotes":""},"categories":[17,5],"tags":[5828,43675,700,5070],"class_list":["post-151958","post","type-post","status-publish","format-standard","has-post-thumbnail","hentry","category-especiales","category-estado-de-mexico","tag-eruviel-avila-villegas","tag-estado-de-mexico","tag-instituto-de-seguridad-social-del-estado-de-mexico-y-municipios","tag-villa-victoria"],"_links":{"self":[{"href":"https:\/\/www.diarioimagen.net\/index.php?rest_route=\/wp\/v2\/posts\/151958","targetHints":{"allow":["GET"]}}],"collection":[{"href":"https:\/\/www.diarioimagen.net\/index.php?rest_route=\/wp\/v2\/posts"}],"about":[{"href":"https:\/\/www.diarioimagen.net\/index.php?rest_route=\/wp\/v2\/types\/post"}],"author":[{"embeddable":true,"href":"https:\/\/www.diarioimagen.net\/index.php?rest_route=\/wp\/v2\/users\/3"}],"replies":[{"embeddable":true,"href":"https:\/\/www.diarioimagen.net\/index.php?rest_route=%2Fwp%2Fv2%2Fcomments&post=151958"}],"version-history":[{"count":0,"href":"https:\/\/www.diarioimagen.net\/index.php?rest_route=\/wp\/v2\/posts\/151958\/revisions"}],"wp:featuredmedia":[{"embeddable":true,"href":"https:\/\/www.diarioimagen.net\/index.php?rest_route=\/wp\/v2\/media\/151984"}],"wp:attachment":[{"href":"https:\/\/www.diarioimagen.net\/index.php?rest_route=%2Fwp%2Fv2%2Fmedia&parent=151958"}],"wp:term":[{"taxonomy":"category","embeddable":true,"href":"https:\/\/www.diarioimagen.net\/index.php?rest_route=%2Fwp%2Fv2%2Fcategories&post=151958"},{"taxonomy":"post_tag","embeddable":true,"href":"https:\/\/www.diarioimagen.net\/index.php?rest_route=%2Fwp%2Fv2%2Ftags&post=151958"}],"curies":[{"name":"wp","href":"https:\/\/api.w.org\/{rel}","templated":true}]}}