{"id":151962,"date":"2013-10-29T00:08:29","date_gmt":"2013-10-29T06:08:29","guid":{"rendered":"http:\/\/www.diarioimagen.net\/?p=151962"},"modified":"2013-10-29T03:16:19","modified_gmt":"2013-10-29T09:16:19","slug":"pemex-aumento-4-0-produccion-petrolera","status":"publish","type":"post","link":"https:\/\/www.diarioimagen.net\/?p=151962","title":{"rendered":"Pemex aument\u00f3 4.0% producci\u00f3n petrolera"},"content":{"rendered":"<ul>\n<li><strong><em>De enero a septiembre<\/em><\/strong><\/li>\n<\/ul>\n<div id=\"attachment_152048\" style=\"width: 250px\" class=\"wp-caption alignleft\"><a href=\"http:\/\/www.diarioimagen.net\/wp-content\/uploads\/2013\/10\/PEMEX-2217.jpg\"><img loading=\"lazy\" decoding=\"async\" aria-describedby=\"caption-attachment-152048\" class=\"size-medium wp-image-152048\" alt=\"Petr\u00f3leos Mexicanos anunci\u00f3 que su producci\u00f3n de crudo de este a\u00f1o aument\u00f3 con respecto a 2012.\" src=\"http:\/\/www.diarioimagen.net\/wp-content\/uploads\/2013\/10\/PEMEX-2217-240x135.jpg\" width=\"240\" height=\"135\" srcset=\"https:\/\/www.diarioimagen.net\/wp-content\/uploads\/2013\/10\/PEMEX-2217-240x135.jpg 240w, https:\/\/www.diarioimagen.net\/wp-content\/uploads\/2013\/10\/PEMEX-2217-420x236.jpg 420w, https:\/\/www.diarioimagen.net\/wp-content\/uploads\/2013\/10\/PEMEX-2217-235x132.jpg 235w, https:\/\/www.diarioimagen.net\/wp-content\/uploads\/2013\/10\/PEMEX-2217-202x114.jpg 202w, https:\/\/www.diarioimagen.net\/wp-content\/uploads\/2013\/10\/PEMEX-2217-350x196.jpg 350w, https:\/\/www.diarioimagen.net\/wp-content\/uploads\/2013\/10\/PEMEX-2217-220x123.jpg 220w, https:\/\/www.diarioimagen.net\/wp-content\/uploads\/2013\/10\/PEMEX-2217-237x132.jpg 237w, https:\/\/www.diarioimagen.net\/wp-content\/uploads\/2013\/10\/PEMEX-2217.jpg 480w\" sizes=\"auto, (max-width: 240px) 100vw, 240px\" \/><\/a><p id=\"caption-attachment-152048\" class=\"wp-caption-text\">Petr\u00f3leos Mexicanos anunci\u00f3 que su producci\u00f3n de crudo de este a\u00f1o aument\u00f3 con respecto a 2012.<\/p><\/div>\n<p>De enero a septiembre de este a\u00f1o, la producci\u00f3n petrol\u00edfera de Pemex ascendi\u00f3 a un mill\u00f3n 467 mil barriles diarios, lo que representa un alza de casi 4.0 por ciento comparado con 2012.<\/p>\n<p>Mediante su cuenta de Twitter, Petr\u00f3leos Mexicanos (Pemex) da a conocer que la producci\u00f3n de gasolinas en el pa\u00eds se ubic\u00f3 en 441 mil barriles por d\u00eda, 5.5 por ciento m\u00e1s que en igual periodo del a\u00f1o anterior.<\/p>\n<p>Detalla que las ventas totales del energ\u00e9tico promediaron 782 mil barriles diarios de gasolinas y de 332 mil barriles de diesel.<\/p>\n<p>En cuanto al consumo de gasolina en el pa\u00eds, la paraestatal precisa que 15 por ciento correspondi\u00f3 a Pemex Premium y 85 por ciento a Pemex Magna, la cual hace tres a\u00f1os significaba 93 por ciento del total.<\/p>\n<p>Por otra parte, en la primera jornada de la semana, el crudo mexicano de exportaci\u00f3n registr\u00f3 un avance de 1.39 d\u00f3lares respecto a su \u00faltima cotizaci\u00f3n y se vendi\u00f3 en el mercado internacional en 93.96 d\u00f3lares, inform\u00f3 Petr\u00f3leos Mexicanos (Pemex).<b><\/b><\/p>\n<p>&nbsp;<\/p>\n","protected":false},"excerpt":{"rendered":"<p>De enero a septiembre de este a\u00f1o, la producci\u00f3n petrol\u00edfera de Pemex ascendi\u00f3 a un mill\u00f3n 467 mil barriles diarios, lo que representa un alza de casi 4.0 por ciento comparado con 2012.<\/p>\n","protected":false},"author":3,"featured_media":152048,"comment_status":"open","ping_status":"open","sticky":false,"template":"","format":"standard","meta":{"_monsterinsights_skip_tracking":false,"_monsterinsights_sitenote_active":false,"_monsterinsights_sitenote_note":"","_monsterinsights_sitenote_category":0,"footnotes":""},"categories":[3],"tags":[13817,43673,292,2411,16953],"class_list":["post-151962","post","type-post","status-publish","format-standard","has-post-thumbnail","hentry","category-nacional","tag-magna","tag-nacional","tag-pemex","tag-petroleos-mexicanos","tag-produccion"],"_links":{"self":[{"href":"https:\/\/www.diarioimagen.net\/index.php?rest_route=\/wp\/v2\/posts\/151962","targetHints":{"allow":["GET"]}}],"collection":[{"href":"https:\/\/www.diarioimagen.net\/index.php?rest_route=\/wp\/v2\/posts"}],"about":[{"href":"https:\/\/www.diarioimagen.net\/index.php?rest_route=\/wp\/v2\/types\/post"}],"author":[{"embeddable":true,"href":"https:\/\/www.diarioimagen.net\/index.php?rest_route=\/wp\/v2\/users\/3"}],"replies":[{"embeddable":true,"href":"https:\/\/www.diarioimagen.net\/index.php?rest_route=%2Fwp%2Fv2%2Fcomments&post=151962"}],"version-history":[{"count":0,"href":"https:\/\/www.diarioimagen.net\/index.php?rest_route=\/wp\/v2\/posts\/151962\/revisions"}],"wp:featuredmedia":[{"embeddable":true,"href":"https:\/\/www.diarioimagen.net\/index.php?rest_route=\/wp\/v2\/media\/152048"}],"wp:attachment":[{"href":"https:\/\/www.diarioimagen.net\/index.php?rest_route=%2Fwp%2Fv2%2Fmedia&parent=151962"}],"wp:term":[{"taxonomy":"category","embeddable":true,"href":"https:\/\/www.diarioimagen.net\/index.php?rest_route=%2Fwp%2Fv2%2Fcategories&post=151962"},{"taxonomy":"post_tag","embeddable":true,"href":"https:\/\/www.diarioimagen.net\/index.php?rest_route=%2Fwp%2Fv2%2Ftags&post=151962"}],"curies":[{"name":"wp","href":"https:\/\/api.w.org\/{rel}","templated":true}]}}