{"id":151964,"date":"2013-10-29T00:05:25","date_gmt":"2013-10-29T06:05:25","guid":{"rendered":"http:\/\/www.diarioimagen.net\/?p=151964"},"modified":"2013-10-30T02:27:32","modified_gmt":"2013-10-30T08:27:32","slug":"suplicio-michoacano","status":"publish","type":"post","link":"https:\/\/www.diarioimagen.net\/?p=151964","title":{"rendered":"Suplicio michoacano"},"content":{"rendered":"<h2>De frente y de perfil<\/h2>\n<h5>Ram\u00f3n Zurita Sahag\u00fan<\/h5>\n<p><span><br \/>\nSon muchos a\u00f1os los que han transcurrido desde que Michoac\u00e1n se situ\u00f3 dentro de los estados con mayor violencia, sin que las autoridades encuentren la forma de enfrentarla con \u00e9xito. Es cierto que espor\u00e1dicamente la violencia disminuye, pero tambi\u00e9n lo es que el reacomodo de los grupos delincuenciales hace explotar nuevamente el polvor\u00edn interno. La entidad sufre del acoso de la delincuencia, el \u00e9xodo de sus habitantes, una violencia incontrolable, del desempleo, pero tambi\u00e9n les afecta los desequilibrios de la vida pol\u00edtica.<\/span><\/p>\n<p>Son muchos los a\u00f1os en que la disputa por el poder pol\u00edtico repercute sensiblemente en las dem\u00e1s actividades de la vida cotidiana, mientras se reproducen \u00a0los cotos de poder de los grupos delincuenciales.<\/p>\n<p>Dos partidos distintos han gobernado los \u00faltimos 20 a\u00f1os Michoac\u00e1n, tiempo en que se recrudeci\u00f3 la violencia, se crearon grupos del crimen organizado, se fracturaron los mismos y dieron pie a la creaci\u00f3n de otros, enfrentados con los anteriores.<\/p>\n<p>La prevalencia de los grupos delincuenciales ha convertido algunos espacios del estado en vedados para las corporaciones polic\u00edacas y militares que por miles han llegado a ese territorio.<\/p>\n<p>En algunas ocasiones, los gobiernos federal y estatal, han intentado recuperar esas zonas para la vida diaria, aunque lo hacen moment\u00e1neamente y al primer descuido vuelven a ser ocupadas esas \u00e1reas por los delincuentes.<\/p>\n<p>Son amplias zonas del estado, en donde la inseguridad es alta, la violencia se hace presente y los ciudadanos prefirieron organizarse para actuar en su propia defensa.<\/p>\n<p>La formaci\u00f3n de los grupos de autodefensa es otro de los temas vigentes dentro de la agenda interna del Estado que preocupa a las autoridades, aunque ante la falta de resultados por parte de los gobiernos establecidos es un m\u00e9todo recurrente adoptado por los habitantes de algunas regiones del pa\u00eds.<\/p>\n<p>En algunos de los casos, los grupos de autodefensa son en esencia quienes mantienen distante la violencia, pero en otros m\u00e1s, su creaci\u00f3n da paso a los enfrentamientos entre quienes buscan controlar esos espacios formados dentro de algunos estados del pa\u00eds, donde el secuestro, las violaciones, los asesinatos, la extorsi\u00f3n y el simple robo, son situaciones de la vida cotidiana.<\/p>\n<p>Michoac\u00e1n ha sufrido vaivenes en cuanto a los gobiernos surgidos de las urnas, ya que en el pasado remontado a la d\u00e9cada de los 60, 70, 80 y hasta principios de los 90, los gobernantes elegidos en las urnas se alternaban con los designados como interinos y sustitutos.<\/p>\n<p>Eso gener\u00f3 entre los habitantes del estado una situaci\u00f3n de incertidumbre, ya que varios de los gobernantes fueron promovidos a cargos de la estructura federal, otros m\u00e1s relevados por ineptos, los menos rechazados por la propia ciudadan\u00eda, ya que emergieron de una elecci\u00f3n sumamente controvertida. Sin embargo, los tres m\u00e1s recientes gobernadores electos en las urnas, antes del actual gobierno, pudieron terminar con sus per\u00edodos, sin grandes problemas en el terreno pol\u00edtico, aunque en lo tocante a la inseguridad, fue cuando explot\u00f3 el asunto.<\/p>\n<p>V\u00edctor Manuel Tinoco, L\u00e1zaro C\u00e1rdenas Batel y Leonel Godoy Rangel, enfrentaron la escalada de la violencia en la entidad, la que fue incub\u00e1ndose m\u00e1s en algunas zonas que hoy viven dentro de los l\u00edmites del terror. Durante sus per\u00edodos se delimitaron por parte de los llamados c\u00e1rteles sus cotos de poder de los grupos delincuenciales y la situaci\u00f3n se hizo insostenible en varios de los principales municipios del estado.<\/p>\n<p>Fue por eso que el principio de la guerra contra los grupos delincuenciales tuvo lugar en esa entidad, de la que proven\u00eda el entonces Presidente de la Rep\u00fablica, Felipe Calder\u00f3n Hinojosa.<\/p>\n<p>La guerra fue infructuosa, aunque se destinaron cientos de millones de pesos y fuertes contingentes de las fuerzas armadas y de las distintas corporaciones polic\u00edacas para tratar de erradicar la violencia. Hoy se comprueba que los grupos del crimen organizado se encuentran m\u00e1s vigentes que nunca y que su presencia es sumamente notoria. El atentado en contra de 12 instalaciones de la Comisi\u00f3n Federal de Electricidad es solamente un aviso de que los llamados c\u00e1rteles de \u201cLos Templarios\u201d y la \u201cFamilia Michoacana\u201d, se encuentran m\u00e1s actuantes que nunca y que con todo y la disponibilidad de las fuerzas armadas y de los grupos policiacos destinados para su combate, ellos prosiguen con sus cotos de poder.<\/p>\n<p>La inestabilidad en el gobierno estatal, causada por la enfermedad de Fausto Vallejo Figueroa que lo obliga a ir y venir del gobierno estatal es otra de las razones que coadyuvan para crear una situaci\u00f3n de caos e incertidumbre en la entidad.<\/p>\n<p>La poblaci\u00f3n espera que efectivamente Fausto Vallejo se encuentre lo suficientemente sano y apto para gobernar un estado de por si complicado y asolado por la violencia e inseguridad.<\/p>\n<p align=\"center\"><b>CELEBRACI\u00d3N DE LA ONU<\/b><\/p>\n<p>\u00a0Embajadores de 62 pa\u00edses se congregaron en Zacatecas para la celebraci\u00f3n del 68 aniversario de la fundaci\u00f3n de la ONU.<\/p>\n<p>Ante ellos, el gobernador del estado, Miguel Alonso Reyes, llam\u00f3 a disminuir la migraci\u00f3n en M\u00e9xico y en el estado y se comprometi\u00f3 a construir pol\u00edticas p\u00fablicas en coordinaci\u00f3n con los otros niveles de gobierno para generar las condiciones adecuadas que permitan reducir los \u00edndices de migrantes zacatecanos, para que encuentren oportunidades en su propia tierra, porque es un fen\u00f3meno que dice, ha afectado a la entidad por m\u00e1s de 100 a\u00f1os al extremo de que la mitad de su poblaci\u00f3n vive actualmente en Estados Unidos.\u2028\u2028 Por su parte y ante diplom\u00e1ticos y embajadores de diferentes pa\u00edses, el secretario de Relaciones Exteriores, Jos\u00e9 Antonio Meade, destac\u00f3 que la canciller\u00eda mexicana trabaja con mucha cercan\u00eda con los embajadores de todas las naciones y que en esta ocasi\u00f3n se eligi\u00f3 a Zacatecas como uno de los destinos con potencial econ\u00f3mico y cultural de nuestro pa\u00eds.<\/p>\n<p><em><a href=\"mailto:ramonzurita44@hotmail.com\" target=\"_blank\">ramonzurita44@hotmail.com<br \/>\n<\/a><a href=\"mailto:zurita_sahagun@hotmail.com\" target=\"_blank\">zurita_sahagun@hotmail.com<\/a><\/em><\/p>\n","protected":false},"excerpt":{"rendered":"<p><span style=\"color: #005497;\"><strong>Ram\u00f3n Zurita Sahag\u00fan<\/strong><\/span><\/p>\n","protected":false},"author":3,"featured_media":0,"comment_status":"open","ping_status":"open","sticky":false,"template":"","format":"standard","meta":{"_monsterinsights_skip_tracking":false,"_monsterinsights_sitenote_active":false,"_monsterinsights_sitenote_note":"","_monsterinsights_sitenote_category":0,"footnotes":""},"categories":[234],"tags":[304,803,43674,43687],"class_list":["post-151964","post","type-post","status-publish","format-standard","hentry","category-ramon-zurita-sahagun","tag-de-frente-y-de-perfil","tag-michoacan","tag-opinion","tag-ramon-zurita-sahagun"],"_links":{"self":[{"href":"https:\/\/www.diarioimagen.net\/index.php?rest_route=\/wp\/v2\/posts\/151964","targetHints":{"allow":["GET"]}}],"collection":[{"href":"https:\/\/www.diarioimagen.net\/index.php?rest_route=\/wp\/v2\/posts"}],"about":[{"href":"https:\/\/www.diarioimagen.net\/index.php?rest_route=\/wp\/v2\/types\/post"}],"author":[{"embeddable":true,"href":"https:\/\/www.diarioimagen.net\/index.php?rest_route=\/wp\/v2\/users\/3"}],"replies":[{"embeddable":true,"href":"https:\/\/www.diarioimagen.net\/index.php?rest_route=%2Fwp%2Fv2%2Fcomments&post=151964"}],"version-history":[{"count":0,"href":"https:\/\/www.diarioimagen.net\/index.php?rest_route=\/wp\/v2\/posts\/151964\/revisions"}],"wp:attachment":[{"href":"https:\/\/www.diarioimagen.net\/index.php?rest_route=%2Fwp%2Fv2%2Fmedia&parent=151964"}],"wp:term":[{"taxonomy":"category","embeddable":true,"href":"https:\/\/www.diarioimagen.net\/index.php?rest_route=%2Fwp%2Fv2%2Fcategories&post=151964"},{"taxonomy":"post_tag","embeddable":true,"href":"https:\/\/www.diarioimagen.net\/index.php?rest_route=%2Fwp%2Fv2%2Ftags&post=151964"}],"curies":[{"name":"wp","href":"https:\/\/api.w.org\/{rel}","templated":true}]}}