{"id":151997,"date":"2013-10-29T00:04:00","date_gmt":"2013-10-29T06:04:00","guid":{"rendered":"http:\/\/www.diarioimagen.net\/?p=151997"},"modified":"2013-10-31T06:53:09","modified_gmt":"2013-10-31T12:53:09","slug":"el-amparo-la-mas-efectiva-defensa-de-derechos-humanos-edgar-elias-azar","status":"publish","type":"post","link":"https:\/\/www.diarioimagen.net\/?p=151997","title":{"rendered":"El amparo, la m\u00e1s efectiva defensa de derechos humanos: Edgar El\u00edas Azar"},"content":{"rendered":"<ul>\n<li><em><strong>El presidente del Tribunal Superior de Justicia del DF encabez\u00f3 la presentaci\u00f3n de un libro en la materia<\/strong><\/em><\/li>\n<\/ul>\n<p>&nbsp;<\/p>\n<div id=\"attachment_152008\" style=\"width: 250px\" class=\"wp-caption alignleft\"><a href=\"http:\/\/www.diarioimagen.net\/wp-content\/uploads\/2013\/10\/elias-azar-2217.jpg\"><img loading=\"lazy\" decoding=\"async\" aria-describedby=\"caption-attachment-152008\" class=\"size-medium wp-image-152008\" alt=\"El presidente del Tribunal Superior de Justicia del Distrito Federal, magistrado Edgar El\u00edas Azar, encabez\u00f3 la presentaci\u00f3n del libro El nuevo juicio de amparo. Gu\u00eda de la reforma constitucional y de la nueva Ley de Amparo, efectuada en la sede del \u00f3rgano jurisdiccional. (Foto: Alfonso Mora)\" src=\"http:\/\/www.diarioimagen.net\/wp-content\/uploads\/2013\/10\/elias-azar-2217-240x135.jpg\" width=\"240\" height=\"135\" srcset=\"https:\/\/www.diarioimagen.net\/wp-content\/uploads\/2013\/10\/elias-azar-2217-240x135.jpg 240w, https:\/\/www.diarioimagen.net\/wp-content\/uploads\/2013\/10\/elias-azar-2217-420x236.jpg 420w, https:\/\/www.diarioimagen.net\/wp-content\/uploads\/2013\/10\/elias-azar-2217-235x132.jpg 235w, https:\/\/www.diarioimagen.net\/wp-content\/uploads\/2013\/10\/elias-azar-2217-202x114.jpg 202w, https:\/\/www.diarioimagen.net\/wp-content\/uploads\/2013\/10\/elias-azar-2217-350x196.jpg 350w, https:\/\/www.diarioimagen.net\/wp-content\/uploads\/2013\/10\/elias-azar-2217-220x123.jpg 220w, https:\/\/www.diarioimagen.net\/wp-content\/uploads\/2013\/10\/elias-azar-2217-237x132.jpg 237w, https:\/\/www.diarioimagen.net\/wp-content\/uploads\/2013\/10\/elias-azar-2217.jpg 480w\" sizes=\"auto, (max-width: 240px) 100vw, 240px\" \/><\/a><p id=\"caption-attachment-152008\" class=\"wp-caption-text\">El presidente del Tribunal Superior de Justicia del Distrito Federal, magistrado Edgar El\u00edas Azar, encabez\u00f3 la presentaci\u00f3n del libro El nuevo juicio de amparo. Gu\u00eda de la reforma constitucional y de la nueva Ley de Amparo, efectuada en la sede del \u00f3rgano jurisdiccional. (Foto: Alfonso Mora)<\/p><\/div>\n<p>El juicio de amparo es el mejor medio para lograr la defensa m\u00e1s efectiva de los derechos fundamentales, afirm\u00f3 el presidente del Tribunal Superior de Justicia del Distrito Federal (TSJDF), magistrado Edgar El\u00edas Azar, quien destac\u00f3 que las reformas constitucionales de 2011 en la materia dieron el vuelco necesario a la modernizaci\u00f3n de los derechos humanos.<\/p>\n<p>Al encabezar en el Auditorio Benito Ju\u00e1rez del TSJDF la presentaci\u00f3n del libro <i>El nuevo juicio de amparo. Gu\u00eda de la reforma constitucional y la nueva Ley de Amparo<\/i>, se pronunci\u00f3 dejar atr\u00e1s la antigua expresi\u00f3n de juicio de garant\u00edas, y en adelante dar paso a la expresi\u00f3n juicio de derechos.<\/p>\n<p>\u201cLa expresi\u00f3n entre nosotros sobre violaci\u00f3n o no de garant\u00edas se hizo cl\u00e1sica, pero deb\u00edamos ir por el mundo explicando que habl\u00e1bamos de derechos, de libertades y facultamientos superiores y fundamentales, que a su vez gozaban de medios de protecci\u00f3n y garant\u00edas jur\u00eddicos, como adjetivos constitucionales, que nos llevaban entonces del sustantivo al derechos procesal constitucional, reconocidamente al juicio de amparo\u201d.<\/p>\n<p>De los autores Eduardo Ferrer Mac-Gregor Poisot y Rub\u00e9n S\u00e1nchez Gil, \u00a0<i>El nuevo juicio de amparo. Gu\u00eda de la reforma constitucional y la nueva Ley de Amparo<\/i> es una obra que resulta m\u00e1s que una gu\u00eda, un manual jur\u00eddico que incursiona por las complejas aguas de lo constitucional y del control de la constitucionalidad, asever\u00f3 el magistrado, quien consider\u00f3 que se trata de una obra pionera, no monumental por sus dimensiones, pero s\u00ed por lo que muestra y lo que ense\u00f1a, pero sobre todo por su oportunidad.<\/p>\n<p>El magistrado del Primer Tribunal Colegiado en Materia Administrativa Especializado en Competencia Econ\u00f3mica, Radiodifusi\u00f3n y Telecomunicaciones, Jean Claude Tron Petit, al comentar el libro, afirm\u00f3 que \u00e9ste viene muy a colaci\u00f3n con las recientes reformas en la legislaci\u00f3n en la materia, y a\u00f1adi\u00f3 que se trata de una obra para entender que el juicio de amparo se consolida como la verdadera instituci\u00f3n de defensa de los derechos humanos.<\/p>\n<p>Asimismo, el magistrado del Quinto Tribunal Colegiado en Materia Civil del Primer Circuito, Walter Arellano Hobelsberger, indic\u00f3 que el texto destaca por su claridad, lo que lo hace un documento accesible, adem\u00e1s que re\u00fane los elementos que son suficientes para iniciar el debate en torno al nuevo juicio de amparo.<\/p>\n<p>Por su parte, el autor Eduardo Ferrer Mac-Gregor Poisot, quien es juez de la Corte Interamericana de Derechos Humanos, consider\u00f3, a colaci\u00f3n del t\u00edtulo de la obra, que en realidad no se puede hablar de un nuevo juicio de amparo, sino de un nuevo contexto de la defensa de los derechos fundamentales.<\/p>\n<p>A su vez, Rub\u00e9n S\u00e1nchez Gil, coautor del libro, record\u00f3 que el origen de la obra fue la inquietud por responder diversas reflexiones sobre cambios que se consideraban necesarios a la figura del juicio de amparo.<\/p>\n","protected":false},"excerpt":{"rendered":"<p>El juicio de amparo es el mejor medio para lograr la defensa m\u00e1s efectiva de los derechos fundamentales, afirm\u00f3 el presidente del Tribunal Superior de Justicia del Distrito Federal (TSJDF), magistrado Edgar El\u00edas Azar, quien destac\u00f3 que las reformas constitucionales de 2011 en la materia dieron el vuelco necesario a la modernizaci\u00f3n de los derechos humanos.<\/p>\n","protected":false},"author":1,"featured_media":152008,"comment_status":"open","ping_status":"open","sticky":false,"template":"","format":"standard","meta":{"_monsterinsights_skip_tracking":false,"_monsterinsights_sitenote_active":false,"_monsterinsights_sitenote_note":"","_monsterinsights_sitenote_category":0,"footnotes":""},"categories":[17,6],"tags":[204,1925,43677,862],"class_list":["post-151997","post","type-post","status-publish","format-standard","has-post-thumbnail","hentry","category-especiales","category-cd-de-mexico","tag-ciudad-de-mexico","tag-edgar-elias-azar","tag-seguridad","tag-tsjdf"],"_links":{"self":[{"href":"https:\/\/www.diarioimagen.net\/index.php?rest_route=\/wp\/v2\/posts\/151997","targetHints":{"allow":["GET"]}}],"collection":[{"href":"https:\/\/www.diarioimagen.net\/index.php?rest_route=\/wp\/v2\/posts"}],"about":[{"href":"https:\/\/www.diarioimagen.net\/index.php?rest_route=\/wp\/v2\/types\/post"}],"author":[{"embeddable":true,"href":"https:\/\/www.diarioimagen.net\/index.php?rest_route=\/wp\/v2\/users\/1"}],"replies":[{"embeddable":true,"href":"https:\/\/www.diarioimagen.net\/index.php?rest_route=%2Fwp%2Fv2%2Fcomments&post=151997"}],"version-history":[{"count":0,"href":"https:\/\/www.diarioimagen.net\/index.php?rest_route=\/wp\/v2\/posts\/151997\/revisions"}],"wp:featuredmedia":[{"embeddable":true,"href":"https:\/\/www.diarioimagen.net\/index.php?rest_route=\/wp\/v2\/media\/152008"}],"wp:attachment":[{"href":"https:\/\/www.diarioimagen.net\/index.php?rest_route=%2Fwp%2Fv2%2Fmedia&parent=151997"}],"wp:term":[{"taxonomy":"category","embeddable":true,"href":"https:\/\/www.diarioimagen.net\/index.php?rest_route=%2Fwp%2Fv2%2Fcategories&post=151997"},{"taxonomy":"post_tag","embeddable":true,"href":"https:\/\/www.diarioimagen.net\/index.php?rest_route=%2Fwp%2Fv2%2Ftags&post=151997"}],"curies":[{"name":"wp","href":"https:\/\/api.w.org\/{rel}","templated":true}]}}