{"id":152105,"date":"2013-10-29T19:14:50","date_gmt":"2013-10-30T01:14:50","guid":{"rendered":"http:\/\/www.diarioimagen.net\/?p=152105"},"modified":"2013-10-31T06:51:09","modified_gmt":"2013-10-31T12:51:09","slug":"dura-debate-en-el-senado-de-la-miscelanea-fiscal","status":"publish","type":"post","link":"https:\/\/www.diarioimagen.net\/?p=152105","title":{"rendered":"Duro debate en el Senado de la miscel\u00e1nea fiscal"},"content":{"rendered":"<ul>\n<li><em><strong>Hubo amagos de dejar el Pacto Por M\u00e9xico y revisar el Pacto Federal por IVA a fronteras<\/strong><\/em><\/li>\n<\/ul>\n<div id=\"attachment_152106\" style=\"width: 490px\" class=\"wp-caption alignleft\"><img loading=\"lazy\" decoding=\"async\" aria-describedby=\"caption-attachment-152106\" class=\"size-full wp-image-152106\" alt=\"En las horas, el PAN acus\u00f3 al PRD de haberse vendido por los fondos de capitalidad al DF y presupuestal a Guerrero. \" src=\"http:\/\/www.diarioimagen.net\/wp-content\/uploads\/2013\/10\/senado-portal1.jpg\" width=\"480\" height=\"270\" srcset=\"https:\/\/www.diarioimagen.net\/wp-content\/uploads\/2013\/10\/senado-portal1.jpg 480w, https:\/\/www.diarioimagen.net\/wp-content\/uploads\/2013\/10\/senado-portal1-240x135.jpg 240w, https:\/\/www.diarioimagen.net\/wp-content\/uploads\/2013\/10\/senado-portal1-420x236.jpg 420w, https:\/\/www.diarioimagen.net\/wp-content\/uploads\/2013\/10\/senado-portal1-235x132.jpg 235w, https:\/\/www.diarioimagen.net\/wp-content\/uploads\/2013\/10\/senado-portal1-202x114.jpg 202w, https:\/\/www.diarioimagen.net\/wp-content\/uploads\/2013\/10\/senado-portal1-350x196.jpg 350w, https:\/\/www.diarioimagen.net\/wp-content\/uploads\/2013\/10\/senado-portal1-220x123.jpg 220w, https:\/\/www.diarioimagen.net\/wp-content\/uploads\/2013\/10\/senado-portal1-237x132.jpg 237w\" sizes=\"auto, (max-width: 480px) 100vw, 480px\" \/><p id=\"caption-attachment-152106\" class=\"wp-caption-text\">En las horas, el PAN acus\u00f3 al PRD de haberse vendido por los fondos de capitalidad al DF y presupuestal a Guerrero.<\/p><\/div>\n<p>El Senado de la Rep\u00fablica inici\u00f3 este martes una larga discusi\u00f3n en los general y lo particular de la miscel\u00e1nea fiscal para que la que se inscribieron m\u00e1s de 200 oradores en su sesi\u00f3n de este martes.<\/p>\n<p>Se trata del dictamen que reforma, adiciona y deroga disposiciones de la Ley del Impuesto al Valor Agregado, de la Ley del Impuesto Especial Sobre Producci\u00f3n y Servicios, de la ley Federal de Derechos, la que expide la Ley del Impuesto Sobre la Renta y abroga la Ley del Impuesto Empresarial a tasa \u00fanica y la Ley del Impuesto a los Dep\u00f3sitos en Efectivo.<\/p>\n<p>En tribuna, el priista Jos\u00e9 Francisco Yunes, tambi\u00e9n presidente de la Comisi\u00f3n de Hacienda y Cr\u00e9dito P\u00fablico, plante\u00f3 que los cambios tributarios permitir\u00e1n que m\u00e1s mexicanos entren a la formalidad, habr\u00e1 m\u00e1s recursos para las arcas p\u00fablicas y por ende para los programas sociales y el sistema hacendario que se derivar\u00e1 ser\u00e1 simplificado, progresivo y justo.<\/p>\n<p>Los senadores panistas Carlos Mendoza, H\u00e9ctor Larios y Luis Fernando Salazar juzgaron que la propuesta del Ejecutivo, enriquecida en San L\u00e1zaro, es injusta, regresiva, da\u00f1a el empleo, la competitividad y genera impuestos desproporcionados que menoscaban a la naci\u00f3n.<\/p>\n","protected":false},"excerpt":{"rendered":"<p>El Senado de la Rep\u00fablica inici\u00f3 este martes una larga discusi\u00f3n en los general y lo particular de la miscel\u00e1nea fiscal para que la que se inscribieron m\u00e1s de 200 oradores en su sesi\u00f3n de este martes.<\/p>\n","protected":false},"author":5,"featured_media":152106,"comment_status":"open","ping_status":"open","sticky":false,"template":"","format":"standard","meta":{"_monsterinsights_skip_tracking":false,"_monsterinsights_sitenote_active":false,"_monsterinsights_sitenote_note":"","_monsterinsights_sitenote_category":0,"footnotes":""},"categories":[17,3],"tags":[1409],"class_list":["post-152105","post","type-post","status-publish","format-standard","has-post-thumbnail","hentry","category-especiales","category-nacional","tag-senado"],"_links":{"self":[{"href":"https:\/\/www.diarioimagen.net\/index.php?rest_route=\/wp\/v2\/posts\/152105","targetHints":{"allow":["GET"]}}],"collection":[{"href":"https:\/\/www.diarioimagen.net\/index.php?rest_route=\/wp\/v2\/posts"}],"about":[{"href":"https:\/\/www.diarioimagen.net\/index.php?rest_route=\/wp\/v2\/types\/post"}],"author":[{"embeddable":true,"href":"https:\/\/www.diarioimagen.net\/index.php?rest_route=\/wp\/v2\/users\/5"}],"replies":[{"embeddable":true,"href":"https:\/\/www.diarioimagen.net\/index.php?rest_route=%2Fwp%2Fv2%2Fcomments&post=152105"}],"version-history":[{"count":0,"href":"https:\/\/www.diarioimagen.net\/index.php?rest_route=\/wp\/v2\/posts\/152105\/revisions"}],"wp:featuredmedia":[{"embeddable":true,"href":"https:\/\/www.diarioimagen.net\/index.php?rest_route=\/wp\/v2\/media\/152106"}],"wp:attachment":[{"href":"https:\/\/www.diarioimagen.net\/index.php?rest_route=%2Fwp%2Fv2%2Fmedia&parent=152105"}],"wp:term":[{"taxonomy":"category","embeddable":true,"href":"https:\/\/www.diarioimagen.net\/index.php?rest_route=%2Fwp%2Fv2%2Fcategories&post=152105"},{"taxonomy":"post_tag","embeddable":true,"href":"https:\/\/www.diarioimagen.net\/index.php?rest_route=%2Fwp%2Fv2%2Ftags&post=152105"}],"curies":[{"name":"wp","href":"https:\/\/api.w.org\/{rel}","templated":true}]}}