{"id":152119,"date":"2013-10-30T00:07:13","date_gmt":"2013-10-30T06:07:13","guid":{"rendered":"http:\/\/www.diarioimagen.net\/?p=152119"},"modified":"2013-10-31T02:46:34","modified_gmt":"2013-10-31T08:46:34","slug":"con-voto-de-un-perredista-se-aprueba-miscelanea-fiscal","status":"publish","type":"post","link":"https:\/\/www.diarioimagen.net\/?p=152119","title":{"rendered":"Con voto de un perredista se aprueba miscel\u00e1nea fiscal"},"content":{"rendered":"<h2>Tras la puerta del poder<\/h2>\n<h5>Roberto Vizca\u00edno<\/h5>\n<p><span><\/p>\n<ul>\n<li><strong><i>El principio del final de la aprobaci\u00f3n de la miscel\u00e1nea fiscal plantea un tr\u00e1mite r\u00e1pido en el pleno\u00a0<\/i><\/strong><\/li>\n<li><strong><i>El coordinador de los perredistas, Miguel Barbosa, advierte que el PAN quiere una crisis constitucional\u00a0<\/i><\/strong><\/li>\n<li><strong><i>Manlio Fabio Beltrones dice que en lugar de la desaparici\u00f3n de poderes, la oposici\u00f3n debe ayudar a Michoac\u00e1n<\/i><\/strong><\/li>\n<\/ul>\n<div id=\"attachment_152217\" style=\"width: 250px\" class=\"wp-caption alignleft\"><a href=\"http:\/\/www.diarioimagen.net\/wp-content\/uploads\/2013\/10\/FOXINIANO-trizas-2218.jpg\"><img loading=\"lazy\" decoding=\"async\" aria-describedby=\"caption-attachment-152217\" class=\"size-medium wp-image-152217\" alt=\"Foxiniano\u2026 | Trizas\" src=\"http:\/\/www.diarioimagen.net\/wp-content\/uploads\/2013\/10\/FOXINIANO-trizas-2218-240x180.jpg\" width=\"240\" height=\"180\" srcset=\"https:\/\/www.diarioimagen.net\/wp-content\/uploads\/2013\/10\/FOXINIANO-trizas-2218-240x180.jpg 240w, https:\/\/www.diarioimagen.net\/wp-content\/uploads\/2013\/10\/FOXINIANO-trizas-2218-420x315.jpg 420w, https:\/\/www.diarioimagen.net\/wp-content\/uploads\/2013\/10\/FOXINIANO-trizas-2218.jpg 700w\" sizes=\"auto, (max-width: 240px) 100vw, 240px\" \/><\/a><p id=\"caption-attachment-152217\" class=\"wp-caption-text\">Foxiniano\u2026 | Trizas<\/p><\/div>\n<p>Finalmente fue el perredista guerrerense Armando R\u00edos P\u00edter quien con su voto logr\u00f3 la aprobaci\u00f3n en comisiones del Senado de la Rep\u00fablica del eje central de la reforma hacendaria, es decir de la miscel\u00e1nea fiscal.<\/p>\n<p>El suyo fue el empuj\u00f3n definitivo para que avanzara el instrumento de recaudaci\u00f3n tributaria m\u00e1s importante del Estado, ese que establece adiciones a la Ley del IVA -como la de la controvertida homologaci\u00f3n del IVA en las fronteras-; de la Ley del IEPS y de la Ley Federal de Derechos y que contiene 276 modificaciones a 91 art\u00edculos, con 21 disposiciones transitorias y que adem\u00e1s expide la Ley del ISR y por la cual desaparecen la Ley del IETU y la Ley del IDE.<\/p>\n<p>Fue R\u00edos P\u00edter quien le quit\u00f3 la sonrisa a los senadores panistas, quienes aliados con una buena parte de la bancada de los senadores perredistas m\u00e1s lopezobradoristas, que quer\u00edan hacer naufragar esta reforma.<\/p>\n<p>R\u00edos P\u00edter, un senador perredista alejado del perfil del promedio de quienes se agrupan en las tribus del sol azteca provenientes del lumpen nacional, fundament\u00f3 su voto al se\u00f1alar que en su fracci\u00f3n y partido existen dos posiciones respecto a esta reforma:<\/p>\n<p>\u201cUna que considera -y en la que yo me incluyo- que este dictamen presenta avances significativos, especialmente porque va en contra de los privilegios que han prevalecido desde hace muchos a\u00f1os, y que han sido aprovechados por peque\u00f1os grupos de poder en este pa\u00eds, privilegios que producen una enorme inequidad en el pago de impuestos en este pa\u00eds\u2026 y otra que no se siente satisfecha con lo que presenta este dictamen\u201d.<\/p>\n<p>R\u00edos P\u00edter es senador por Guerrero y su formaci\u00f3n dice que es\u00a0 a la vez abogado y economista por la UNAM, con maestr\u00eda en Seguridad Nacional y una Maestr\u00eda de Administraci\u00f3n P\u00fablica por Harvard, y que ha sido asesor del secretario general de la OCDE, Jos\u00e9 \u00c1ngel Gurr\u00eda.<\/p>\n<p>Ahora esa miscel\u00e1nea va a ser votada en el pleno.<\/p>\n<p align=\"center\">\u00a0<b>REFORMA PROFUNDA<\/b><\/p>\n<p>El presidente de la Comisi\u00f3n de Hacienda y Cr\u00e9dito P\u00fablico, el senador pri\u00edsta veracruzano Jos\u00e9 Francisco Yunes Zorrilla, consider\u00f3 que esta reforma contiene modificaciones que le dar\u00e1n un giro profundo a la recaudaci\u00f3n tributaria en M\u00e9xico.<\/p>\n<p>En ella sobresale\u00a0 la nueva estructura del ISR personal, con incrementos en las tasas aplicables al uno por ciento de las personas con mayores ingresos, y una tasa marginal de 35 por ciento para ingresos mayores a 3 millones de pesos, explic\u00f3.<\/p>\n<p>Contiene adem\u00e1s la desaparici\u00f3n de los repudiados IETU y del IDE, con lo cual se simplifica el pago tributario a los empresarios al pasar de tres impuestos a un solo gravamen, en un ISR simplificado, m\u00e1s simple y m\u00e1s breve que la anterior.<\/p>\n<p>Esta reforma crea un r\u00e9gimen de incorporaci\u00f3n fiscal, que se convierte en un punto de entrada de empresas y trabajadores para que operen en la formalidad y en la seguridad social, explic\u00f3 Yunes Zorrilla.<\/p>\n<p align=\"center\">\u00a0<b>CRISIS CONSTITUCIONAL<\/b><\/p>\n<p>Defensor no hace mucho del panista Ernesto Cordero y aliado del grupo que este representa, el coordinador de los senadores del PRD, el poblano Miguel Barbosa, denunci\u00f3 ayer que la b\u00fasqueda de los blanquiazules de boicotear toda la reforma hacendaria es una argucia para confrontar lo hecho por el gobierno del pri\u00edsta Enrique Pe\u00f1a Nieto con el del panista Felipe Calder\u00f3n.<\/p>\n<p>Indic\u00f3 que lo que proponen los panistas es absurdo. Desechar toda la reforma hacendaria significar\u00eda meter al pa\u00eds en una peligrosa situaci\u00f3n de rompimiento constitucional.<\/p>\n<p>\u201c\u00bfSe han puesto ustedes a pensar, c\u00f3mo ser\u00eda el escenario de que se rechazara toda la propuesta del paquete econ\u00f3mico? \u00bfSe han puesto a pensar en la crisis constitucional? \u00bfSe han puesto a pensar en una crisis econ\u00f3mica generada por esa condici\u00f3n en que el Estado mexicano no contara con los dos instrumentos de pol\u00edtica p\u00fablica m\u00e1s importantes, de pol\u00edtica econ\u00f3mica, como son la Ley de Ingresos y el Presupuesto de Egresos?<\/p>\n<p>\u201c\u00a1Por favor!\u201d, indic\u00f3 Barbosa.<\/p>\n<p>Luego cuestion\u00f3 la supuesta defensa que hace ahora el PAN de las clases medias y populares del pa\u00eds.<\/p>\n<p>\u201c\u00bfCu\u00e1ndo han sido solidarios con las clases medias y las clases populares? \u00a1Nunca!.<\/p>\n<p>\u201cLas utilizan hoy como discurso para hacer un contraste del gobierno panista, del fracasado gobierno panista, el anterior con este gobierno\u2026 que por cierto no tiene muchas luces.<\/p>\n<p>\u201cLo \u00fanico que est\u00e1 haciendo (la fracci\u00f3n de senadores panistas) cuando vota, cuando dice que est\u00e1 en contra de la reforma hacendaria, \u00bfqu\u00e9 es?&#8230;\u00a0 Es contrastar el anterior gobierno con este gobierno, es lo \u00fanico que est\u00e1n queriendo\u201d, indic\u00f3.<\/p>\n<p align=\"center\">\u00a0<b>NO HAY ROMPIMIENTO<\/b><\/p>\n<p>En cuanto a la votaci\u00f3n de R\u00edos P\u00edter a favor de la miscel\u00e1nea fiscal, Barbosa indic\u00f3 que eso muestra que hay libertad de votar dentro de su fracci\u00f3n.<\/p>\n<p>\u201cBueno, primero en mi Grupo Parlamentario no hay divisiones, hay posiciones diferenciadas.<\/p>\n<p>\u201cY miren, entend\u00e1mosla de manera muy sencilla. En el PRD tenemos libertad de pensamiento, tenemos una opini\u00f3n sobre el modelo econ\u00f3mico internacional, mundial, sobre c\u00f3mo se aplica ese modelo en la pol\u00edtica econ\u00f3mica nacional, sobre el estado de la econom\u00eda, sobre el sistema tributario nacional; y claro que a partir de esa opini\u00f3n formas tu posici\u00f3n en relaci\u00f3n a esto, a los elementos de una reforma hacendaria.<\/p>\n<p>\u201cEntonces, tenemos una opini\u00f3n diferenciada, s\u00ed, y vamos a respetarnos.<\/p>\n<p>\u201cLes dir\u00eda que hay hasta un acuerdo de la diferenciaci\u00f3n, pero la posici\u00f3n de mi grupo est\u00e1 garantizada y no hay una divisi\u00f3n en el mismo.<\/p>\n<p>\u201cHemos estado transitando as\u00ed en este momento, los senadores (del PRD) son pol\u00edticos profesionales que atienden la opini\u00f3n de sus gobernadores, que tienen opini\u00f3n de los dirigentes de su partido, que son factores de una serie de opiniones de la gente que vot\u00f3 por ellos; entonces forman una posici\u00f3n de grupo, pero que tiene que ver son todos esos elementos.<\/p>\n<p>\u201cEntonces yo respeto mucho a todos los senadores y de verdad estamos muy tranquilos aunque votemos de manera diferenciada\u201d, insisti\u00f3.<\/p>\n<p align=\"center\">\u00a0<b>NO ES LA SOLUCI\u00d3N<\/b><\/p>\n<p>Interrogado respecto a la exigencia de ir a la desaparici\u00f3n de popderes en Michoac\u00e1n, el coordinador de los diputados federales del PRI, el sonorense Manlio Fabio Beltrones, pidi\u00f3 a perredistas y panistas reconocer que esa no ser\u00eda la soluci\u00f3n al problema de violencia que vive ese estado.<\/p>\n<p>Record\u00f3 que Michoac\u00e1n sufre desde hace varios a\u00f1os los efectos de los gobiernos del PRD y del PAN.<\/p>\n<p>\u201cHoy, con el gobernador Fausto Vallejo, necesitamos que en lugar de bombardearlo desde afuera, lo apoyemos desde adentro los partidos pol\u00edticos, para garantizarle paz y tranquilidad a Michoac\u00e1n.<\/p>\n<p>\u201cNo ser\u00e1 la mejor manera de desactivar una bomba en Michoac\u00e1n, tom\u00e1ndola o queri\u00e9ndola desactivar a patadas; lo que tenemos que hacer es desactivarla haciendo pol\u00edtica y d\u00e1ndole apoyo al gobierno estatal de Michoac\u00e1n\u201d.<\/p>\n<p>Indic\u00f3 que en este contexto es una insensatez plantear la desaparici\u00f3n de poderes.<\/p>\n<p>\u201cSi tuvi\u00e9ramos que hacerlo de esta manera, estar\u00edamos solicitando que desaparecieran los poderes en otras entidades, por sus insuficiencias, gobernadas por distintos personajes de diversos partidos pol\u00edticos.<\/p>\n<p>\u201cEstas son declaraciones f\u00e1ciles que no ayudan a resolver problemas complejos\u2026 \u00a0nuestra invitaci\u00f3n y exhorto es a que los pol\u00edticos se esmeren m\u00e1s y unidos puedan encontrar respuestas a los problemas que se est\u00e1n viviendo en Michoac\u00e1n\u2026<\/p>\n<p>\u201cHay que ser honestos y reconocer las insuficiencias que se han tenido por los gobiernos del PAN, del PRD y del PRI, y juntos -en lugar de declaraciones irresponsables- buscar soluciones correctas\u201d, concluy\u00f3.<\/p>\n<p><em><a href=\"mailto:rvizcaino@gmail.com\" target=\"_blank\">rvizcaino@gmail.com<\/a><\/em><\/span><\/p>\n","protected":false},"excerpt":{"rendered":"<p><span style=\"color: #005497;\"><strong>Roberto Vizca\u00edno<\/strong><\/span><br \/>\n<br \/>\nFinalmente fue el perredista guerrerense Armando R\u00edos P\u00edter quien con su voto logr\u00f3 la aprobaci\u00f3n en comisiones del Senado de la Rep\u00fablica del eje central de la reforma hacendaria, es decir de la miscel\u00e1nea fiscal.<\/p>\n","protected":false},"author":3,"featured_media":152217,"comment_status":"open","ping_status":"open","sticky":false,"template":"","format":"standard","meta":{"_monsterinsights_skip_tracking":false,"_monsterinsights_sitenote_active":false,"_monsterinsights_sitenote_note":"","_monsterinsights_sitenote_category":0,"footnotes":""},"categories":[136],"tags":[25304,43674,91,93,94],"class_list":["post-152119","post","type-post","status-publish","format-standard","has-post-thumbnail","hentry","category-roberto-vizcaino-opinion","tag-miguel-barbosa-huerta","tag-opinion","tag-pan","tag-roberto-vizcaino","tag-tras-la-puerta-del-poder"],"_links":{"self":[{"href":"https:\/\/www.diarioimagen.net\/index.php?rest_route=\/wp\/v2\/posts\/152119","targetHints":{"allow":["GET"]}}],"collection":[{"href":"https:\/\/www.diarioimagen.net\/index.php?rest_route=\/wp\/v2\/posts"}],"about":[{"href":"https:\/\/www.diarioimagen.net\/index.php?rest_route=\/wp\/v2\/types\/post"}],"author":[{"embeddable":true,"href":"https:\/\/www.diarioimagen.net\/index.php?rest_route=\/wp\/v2\/users\/3"}],"replies":[{"embeddable":true,"href":"https:\/\/www.diarioimagen.net\/index.php?rest_route=%2Fwp%2Fv2%2Fcomments&post=152119"}],"version-history":[{"count":0,"href":"https:\/\/www.diarioimagen.net\/index.php?rest_route=\/wp\/v2\/posts\/152119\/revisions"}],"wp:featuredmedia":[{"embeddable":true,"href":"https:\/\/www.diarioimagen.net\/index.php?rest_route=\/wp\/v2\/media\/152217"}],"wp:attachment":[{"href":"https:\/\/www.diarioimagen.net\/index.php?rest_route=%2Fwp%2Fv2%2Fmedia&parent=152119"}],"wp:term":[{"taxonomy":"category","embeddable":true,"href":"https:\/\/www.diarioimagen.net\/index.php?rest_route=%2Fwp%2Fv2%2Fcategories&post=152119"},{"taxonomy":"post_tag","embeddable":true,"href":"https:\/\/www.diarioimagen.net\/index.php?rest_route=%2Fwp%2Fv2%2Ftags&post=152119"}],"curies":[{"name":"wp","href":"https:\/\/api.w.org\/{rel}","templated":true}]}}