{"id":152236,"date":"2013-10-30T12:11:11","date_gmt":"2013-10-30T18:11:11","guid":{"rendered":"http:\/\/www.diarioimagen.net\/?p=152236"},"modified":"2013-10-31T06:50:03","modified_gmt":"2013-10-31T12:50:03","slug":"la-fuga-esta-controlada-en-jalisco-aristoteles-sandoval","status":"publish","type":"post","link":"https:\/\/www.diarioimagen.net\/?p=152236","title":{"rendered":"La fuga est\u00e1 controlada en Jalisco: Arist\u00f3teles Sandoval"},"content":{"rendered":"<ul>\n<li><em><strong>El gobernador de Jalisco, Arist\u00f3teles Sandoval, inform\u00f3 que la fuga de combustible registrada en el municipio de Tlajomulco de Z\u00fa\u00f1iga, est\u00e1 controlada, luego de haber evacuado de manera temporal a los habitantes de los fraccionamientos Chulavista y Lomas del Mirador; todav\u00eda no hay orden de regresar a sus casas<\/strong><\/em><\/li>\n<\/ul>\n<p>&nbsp;<\/p>\n<div id=\"attachment_152237\" style=\"width: 250px\" class=\"wp-caption alignleft\"><a href=\"http:\/\/www.diarioimagen.net\/wp-content\/uploads\/2013\/10\/FUGA-PORTAL.jpg\"><img loading=\"lazy\" decoding=\"async\" aria-describedby=\"caption-attachment-152237\" class=\"size-medium wp-image-152237\" alt=\"En estos momentos cuerpos de emergencia est\u00e1n en la zona para atender la contingencia, mientras que trabajadores de la paraestatal intentan controlar la fuga. \" src=\"http:\/\/www.diarioimagen.net\/wp-content\/uploads\/2013\/10\/FUGA-PORTAL-240x135.jpg\" width=\"240\" height=\"135\" srcset=\"https:\/\/www.diarioimagen.net\/wp-content\/uploads\/2013\/10\/FUGA-PORTAL-240x135.jpg 240w, https:\/\/www.diarioimagen.net\/wp-content\/uploads\/2013\/10\/FUGA-PORTAL-420x236.jpg 420w, https:\/\/www.diarioimagen.net\/wp-content\/uploads\/2013\/10\/FUGA-PORTAL-235x132.jpg 235w, https:\/\/www.diarioimagen.net\/wp-content\/uploads\/2013\/10\/FUGA-PORTAL-202x114.jpg 202w, https:\/\/www.diarioimagen.net\/wp-content\/uploads\/2013\/10\/FUGA-PORTAL-350x196.jpg 350w, https:\/\/www.diarioimagen.net\/wp-content\/uploads\/2013\/10\/FUGA-PORTAL-220x123.jpg 220w, https:\/\/www.diarioimagen.net\/wp-content\/uploads\/2013\/10\/FUGA-PORTAL-237x132.jpg 237w, https:\/\/www.diarioimagen.net\/wp-content\/uploads\/2013\/10\/FUGA-PORTAL.jpg 480w\" sizes=\"auto, (max-width: 240px) 100vw, 240px\" \/><\/a><p id=\"caption-attachment-152237\" class=\"wp-caption-text\">En estos momentos cuerpos de emergencia est\u00e1n en la zona para atender la contingencia, mientras que trabajadores de la paraestatal intentan controlar la fuga.<\/p><\/div>\n<p>La madrugada de este mi\u00e9rcoles se registr\u00f3 una fuga de gasolina presuntamente por una orde\u00f1a, en un ducto de Petr\u00f3leos Mexicanos (Pemex) en el municipio de Tlajomulco de Z\u00fa\u00f1iga, Jalisco.<\/p>\n<p>La fuga de combustible registrada en el municipio de Tlajomulco de Z\u00fa\u00f1iga, fue mitigada luego de haber evacuado de manera temporal a los habitantes de los fraccionamientos Chulavista y Lomas del Mirador.<\/p>\n<p>A trav\u00e9s de su cuenta de Twitter, el gobernador de Jalisco dijo: El riesgo disminuy\u00f3 considerablemente: la fuga est\u00e1 controlada. Las autoridades siguen en el lugar y los ciudadanos pueden estar tranquilos\u00bb.<\/p>\n<p>Los diques colocados para contener combustible se encuentran cerrados. Con ello cualquier riesgo queda descartado. Inician labores de limpieza\u00bb.<\/p>\n<p>En breve se les dir\u00e1 cu\u00e1ndo pueden regresar a sus casas, a fin de evitar contacto con contaminantes en el aire. Seguimos informando\u00bb.<\/p>\n<p>La fuga de gasolina por una presunta toma clandestina ocasion\u00f3 la evacuaci\u00f3n de alrededor de 25 mil personas de los fraccionamientos Lomas del Mirador, Chulavista y Santa Fe.<\/p>\n<p>Protecci\u00f3n Civil estatal inform\u00f3 a trav\u00e9s de Twitter que de manera preventiva han sido evacuadas las secciones 17, 18 y 19 de la colonia Chulavista as\u00ed como la parte frontal de Lomas del Mirador.<\/p>\n<p>Petr\u00f3leos Mexicanos tambi\u00e9n inform\u00f3 en su cuenta de Twitter que se encuentra atendiendo la fuga de gasolina en el poliducto Salamanca-Guadalajara, provocada por una toma clandestina.<\/p>\n<p>Debido a esta fuga la Secretar\u00eda de Educaci\u00f3n inform\u00f3 de la suspensi\u00f3n de clases en la zona de Chulavista, Lomas del Mirador y Santa Fe.<\/p>\n","protected":false},"excerpt":{"rendered":"<p>La madrugada de este mi\u00e9rcoles se registr\u00f3 una fuga de gasolina presuntamente por una orde\u00f1a, en un ducto de Petr\u00f3leos Mexicanos (Pemex) en el municipio de Tlajomulco de Z\u00fa\u00f1iga, Jalisco.<\/p>\n","protected":false},"author":5,"featured_media":152237,"comment_status":"open","ping_status":"open","sticky":false,"template":"","format":"standard","meta":{"_monsterinsights_skip_tracking":false,"_monsterinsights_sitenote_active":false,"_monsterinsights_sitenote_note":"","_monsterinsights_sitenote_category":0,"footnotes":""},"categories":[17,7],"tags":[19157],"class_list":["post-152236","post","type-post","status-publish","format-standard","has-post-thumbnail","hentry","category-especiales","category-seguridad","tag-fuga"],"_links":{"self":[{"href":"https:\/\/www.diarioimagen.net\/index.php?rest_route=\/wp\/v2\/posts\/152236","targetHints":{"allow":["GET"]}}],"collection":[{"href":"https:\/\/www.diarioimagen.net\/index.php?rest_route=\/wp\/v2\/posts"}],"about":[{"href":"https:\/\/www.diarioimagen.net\/index.php?rest_route=\/wp\/v2\/types\/post"}],"author":[{"embeddable":true,"href":"https:\/\/www.diarioimagen.net\/index.php?rest_route=\/wp\/v2\/users\/5"}],"replies":[{"embeddable":true,"href":"https:\/\/www.diarioimagen.net\/index.php?rest_route=%2Fwp%2Fv2%2Fcomments&post=152236"}],"version-history":[{"count":0,"href":"https:\/\/www.diarioimagen.net\/index.php?rest_route=\/wp\/v2\/posts\/152236\/revisions"}],"wp:featuredmedia":[{"embeddable":true,"href":"https:\/\/www.diarioimagen.net\/index.php?rest_route=\/wp\/v2\/media\/152237"}],"wp:attachment":[{"href":"https:\/\/www.diarioimagen.net\/index.php?rest_route=%2Fwp%2Fv2%2Fmedia&parent=152236"}],"wp:term":[{"taxonomy":"category","embeddable":true,"href":"https:\/\/www.diarioimagen.net\/index.php?rest_route=%2Fwp%2Fv2%2Fcategories&post=152236"},{"taxonomy":"post_tag","embeddable":true,"href":"https:\/\/www.diarioimagen.net\/index.php?rest_route=%2Fwp%2Fv2%2Ftags&post=152236"}],"curies":[{"name":"wp","href":"https:\/\/api.w.org\/{rel}","templated":true}]}}