{"id":152239,"date":"2013-10-30T12:14:22","date_gmt":"2013-10-30T18:14:22","guid":{"rendered":"http:\/\/www.diarioimagen.net\/?p=152239"},"modified":"2013-10-31T06:49:54","modified_gmt":"2013-10-31T12:49:54","slug":"cortes-viales-por-marcha-de-la-cnte","status":"publish","type":"post","link":"https:\/\/www.diarioimagen.net\/?p=152239","title":{"rendered":"Cortes viales por marcha de la CNTE"},"content":{"rendered":"<ul>\n<li><em><strong>Los maestros salieron de su plant\u00f3n en el Monumento a la Revoluci\u00f3n para caminar hacia la Secretar\u00eda de Gobernaci\u00f3n<\/strong><\/em><\/li>\n<\/ul>\n<div id=\"attachment_152240\" style=\"width: 490px\" class=\"wp-caption alignleft\"><img loading=\"lazy\" decoding=\"async\" aria-describedby=\"caption-attachment-152240\" class=\"size-full wp-image-152240\" alt=\"A las 11:20 Se  restableci\u00f3 la  circulaci\u00f3n de Paseo de la Reforma, tras el paso de los manifestantes.\" src=\"http:\/\/www.diarioimagen.net\/wp-content\/uploads\/2013\/10\/MARCHA-PORTAL1.jpg\" width=\"480\" height=\"270\" srcset=\"https:\/\/www.diarioimagen.net\/wp-content\/uploads\/2013\/10\/MARCHA-PORTAL1.jpg 480w, https:\/\/www.diarioimagen.net\/wp-content\/uploads\/2013\/10\/MARCHA-PORTAL1-240x135.jpg 240w, https:\/\/www.diarioimagen.net\/wp-content\/uploads\/2013\/10\/MARCHA-PORTAL1-420x236.jpg 420w, https:\/\/www.diarioimagen.net\/wp-content\/uploads\/2013\/10\/MARCHA-PORTAL1-235x132.jpg 235w, https:\/\/www.diarioimagen.net\/wp-content\/uploads\/2013\/10\/MARCHA-PORTAL1-202x114.jpg 202w, https:\/\/www.diarioimagen.net\/wp-content\/uploads\/2013\/10\/MARCHA-PORTAL1-350x196.jpg 350w, https:\/\/www.diarioimagen.net\/wp-content\/uploads\/2013\/10\/MARCHA-PORTAL1-220x123.jpg 220w, https:\/\/www.diarioimagen.net\/wp-content\/uploads\/2013\/10\/MARCHA-PORTAL1-237x132.jpg 237w\" sizes=\"auto, (max-width: 480px) 100vw, 480px\" \/><p id=\"caption-attachment-152240\" class=\"wp-caption-text\">A las 11:20 Se restableci\u00f3 la circulaci\u00f3n de Paseo de la Reforma, tras el paso de los manifestantes.<\/p><\/div>\n<p>Integrantes de la Coordinadora Nacional de Trabajadores de la Educaci\u00f3n (CNTE) salieron de su campamento que mantienen en el Monumento a la Revoluci\u00f3n para marchar hacia la Secretar\u00eda de Gobernaci\u00f3n (Segob), afectando las principales vialidades.<\/p>\n<p>A las 11:20 Se\u00a0 restableci\u00f3 la\u00a0 circulaci\u00f3n de Paseo de la Reforma, tras el paso de los manifestantes.<\/p>\n<p>A las 11:10 Arribaron los manifestantes procedentes de la Avenida Hidalgo a la SEGOB. Se recomienda utilizar como v\u00eda alterna Avenida Balderas.<\/p>\n","protected":false},"excerpt":{"rendered":"<p>Integrantes de la Coordinadora Nacional de Trabajadores de la Educaci\u00f3n (CNTE) salieron de su campamento que mantienen en el Monumento a la Revoluci\u00f3n para marchar hacia la Secretar\u00eda de Gobernaci\u00f3n (Segob), afectando las principales vialidades.<\/p>\n","protected":false},"author":5,"featured_media":152240,"comment_status":"open","ping_status":"open","sticky":false,"template":"","format":"standard","meta":{"_monsterinsights_skip_tracking":false,"_monsterinsights_sitenote_active":false,"_monsterinsights_sitenote_note":"","_monsterinsights_sitenote_category":0,"footnotes":""},"categories":[6],"tags":[7473,15152],"class_list":["post-152239","post","type-post","status-publish","format-standard","has-post-thumbnail","hentry","category-cd-de-mexico","tag-cnte","tag-marcha"],"_links":{"self":[{"href":"https:\/\/www.diarioimagen.net\/index.php?rest_route=\/wp\/v2\/posts\/152239","targetHints":{"allow":["GET"]}}],"collection":[{"href":"https:\/\/www.diarioimagen.net\/index.php?rest_route=\/wp\/v2\/posts"}],"about":[{"href":"https:\/\/www.diarioimagen.net\/index.php?rest_route=\/wp\/v2\/types\/post"}],"author":[{"embeddable":true,"href":"https:\/\/www.diarioimagen.net\/index.php?rest_route=\/wp\/v2\/users\/5"}],"replies":[{"embeddable":true,"href":"https:\/\/www.diarioimagen.net\/index.php?rest_route=%2Fwp%2Fv2%2Fcomments&post=152239"}],"version-history":[{"count":0,"href":"https:\/\/www.diarioimagen.net\/index.php?rest_route=\/wp\/v2\/posts\/152239\/revisions"}],"wp:featuredmedia":[{"embeddable":true,"href":"https:\/\/www.diarioimagen.net\/index.php?rest_route=\/wp\/v2\/media\/152240"}],"wp:attachment":[{"href":"https:\/\/www.diarioimagen.net\/index.php?rest_route=%2Fwp%2Fv2%2Fmedia&parent=152239"}],"wp:term":[{"taxonomy":"category","embeddable":true,"href":"https:\/\/www.diarioimagen.net\/index.php?rest_route=%2Fwp%2Fv2%2Fcategories&post=152239"},{"taxonomy":"post_tag","embeddable":true,"href":"https:\/\/www.diarioimagen.net\/index.php?rest_route=%2Fwp%2Fv2%2Ftags&post=152239"}],"curies":[{"name":"wp","href":"https:\/\/api.w.org\/{rel}","templated":true}]}}