{"id":152279,"date":"2013-10-31T00:07:08","date_gmt":"2013-10-31T06:07:08","guid":{"rendered":"http:\/\/www.diarioimagen.net\/?p=152279"},"modified":"2013-11-01T01:47:18","modified_gmt":"2013-11-01T07:47:18","slug":"sin-el-pan-las-bancadas-de-pri-prd-pt-y-pvem-aprueban-miscelanea-con-7-cambios","status":"publish","type":"post","link":"https:\/\/www.diarioimagen.net\/?p=152279","title":{"rendered":"Sin el PAN, las bancadas de PRI, PRD, PT y PVEM aprueban miscel\u00e1nea con 7 cambios"},"content":{"rendered":"<h2>Tras la puerta del poder<\/h2>\n<h5>Roberto Vizca\u00edno<\/h5>\n<p><span><\/p>\n<ul>\n<li><strong><i>Una vez que abandonaron el pleno, los blanquiazules de Cordero se siguieron contra Madero y el Pacto<\/i><\/strong><\/li>\n<li><strong><i>En un encuentro con Videgaray, senadores del PRI y PRD acordaron 7 cambios a la miscel\u00e1nea<\/i><\/strong><\/li>\n<li><strong><i>El gobernador Fausto Vallejo anunci\u00f3 que demandar\u00e1 penalmente a Luisa Mar\u00eda Calder\u00f3n<\/i><\/strong><\/li>\n<\/ul>\n<div id=\"attachment_152310\" style=\"width: 250px\" class=\"wp-caption alignleft\"><a href=\"http:\/\/www.diarioimagen.net\/wp-content\/uploads\/2013\/10\/PELO-trizas-2219.jpg\"><img loading=\"lazy\" decoding=\"async\" aria-describedby=\"caption-attachment-152310\" class=\"size-medium wp-image-152310\" alt=\"Pelo\u2026 | Trizas\" src=\"http:\/\/www.diarioimagen.net\/wp-content\/uploads\/2013\/10\/PELO-trizas-2219-240x174.jpg\" width=\"240\" height=\"174\" srcset=\"https:\/\/www.diarioimagen.net\/wp-content\/uploads\/2013\/10\/PELO-trizas-2219-240x174.jpg 240w, https:\/\/www.diarioimagen.net\/wp-content\/uploads\/2013\/10\/PELO-trizas-2219-420x305.jpg 420w, https:\/\/www.diarioimagen.net\/wp-content\/uploads\/2013\/10\/PELO-trizas-2219-90x65.jpg 90w, https:\/\/www.diarioimagen.net\/wp-content\/uploads\/2013\/10\/PELO-trizas-2219.jpg 700w\" sizes=\"auto, (max-width: 240px) 100vw, 240px\" \/><\/a><p id=\"caption-attachment-152310\" class=\"wp-caption-text\">Pelo\u2026 | Trizas<\/p><\/div>\n<p>Ante la homologaci\u00f3n del IVA en fronteras, los senadores blanquiazules hicieron su berrinche y abandonaron durante la madrugada de ayer el pleno para dejar que las bancadas del PRI, PRD, PVEM y PT aprobaran lo que faltaba de la miscel\u00e1nea fiscal a la que introdujeron 7 cambios acordados en una reuni\u00f3n extraordinaria y de \u00faltima hora con el secretario de Hacienda, Luis Videgaray.<\/p>\n<p>La salida de los panistas provoc\u00f3 un receso que se alarg\u00f3 casi 20 horas y que sirvi\u00f3 m\u00e1s para que los legisladores se fuesen a dormir, comer, ba\u00f1arse y descansar que para negociar.<\/p>\n<p>Fueron los propios panistas quienes aclararon el trabajo y la ruta final de la aprobaci\u00f3n de la miscel\u00e1nea fiscal para 2014 y para modificar el sistema tributario mexicano, al anunciar que no regresar\u00edan al pleno para supuestamente no validar la aprobaci\u00f3n de este instrumento fiscal con el cual no est\u00e1n de acuerdo.<\/p>\n<p>El coordinador formal de los blanquiazules, el colimense Jorge Luis Preciado y el l\u00edder real de la mayor\u00eda de ese grupo, el ex secretario de Hacienda Ernesto Cordero, acusaron a pri\u00edstas y perredistas de haber pactado previamente su voto con lo cual, afirmaron, se anul\u00f3 el debate y la posibilidad de hacer modificaciones al contenido de la miscel\u00e1nea.<\/p>\n<p>Acelerado como es su costumbre, el chihuahuense Javier Corral indic\u00f3 que este pacto PRI-PRD era pr\u00e1cticamente una ofensa insalvable para los senadores panistas, que deb\u00eda ser respondida con la salida del PAN no s\u00f3lo del pleno senatorial sino de la mesa del Pacto por M\u00e9xico.<\/p>\n<p>Al respecto Cordero coment\u00f3:<\/p>\n<p>\u201cNo todo lo que viene por el Pacto por M\u00e9xico es bueno, yo creo que el posicionamiento del senador Corral es muy ilustrativo de lo que est\u00e1n sintiendo muchos legisladores del Partido Acci\u00f3n Nacional. Nos parece que es un mecanismo que est\u00e1 agotado, me parece que es un mecanismo que no est\u00e1 generando el debate que tiene que darse en nuestro pa\u00eds, que tiene que ser constructivo, que tiene que darse de cara a la sociedad y sobre todo que tiene que darse con los representantes democr\u00e1ticamente electos por la gente.<\/p>\n<p>\u201cEste tema del incremento de los impuestos los \u00fanicos que tienen la posibilidad de aumentar los impuestos a trav\u00e9s de una ley son los legisladores, no es el Pacto por M\u00e9xico, de manera que nosotros estamos convencidos de que es un mecanismo que ya se agot\u00f3, es un mecanismo que, ora s\u00ed que su \u00faltima gracia fue esta miscel\u00e1nea recaudatoria. Nosotros estamos totalmente de acuerdo en que es un mecanismo que ya se agot\u00f3 y donde el PAN ya no tiene absolutamente nada qu\u00e9 hacer\u201d, subray\u00f3.<\/p>\n<p>Y aprovech\u00f3 para convertir el asunto en tema de la contienda interna por la dirigencia de su partido y de paso arremeter contra Gustavo Madero.<\/p>\n<p>\u201cYo creo que al presidente Madero se lo hemos dicho de muchas maneras y de muchos tonos y \u00e9l sigue embelesado con el presidente Pe\u00f1a y con el Pacto por M\u00e9xico\u2026 por eso nosotros los senadores del Partido Acci\u00f3n Nacional s\u00ed estamos, y lo decimos con mucha contundencia, aqu\u00ed las cosas se hacen en el Senado, el debate se hace en el Senado, se hace en las comisiones, que es donde tiene que hacerse, en cualquier democracia del mundo se hace en el Congreso y no en una mesa en lo oscurito\u201d.<\/p>\n<p>Lo que no dijo Cordero es que sus amenazas de parar la reforma hacendaria no se cumplieron y que al salirse del debate los panistas encabezados por \u00e9l dejaron que quienes negociaran las modificaciones a este instrumento que derivaron en 7 cambios, fueran los perredistas.<\/p>\n<p>En una intervenci\u00f3n aparte, el coordinador formal de la bancada blanquiazul, el colimense Jorge Luis Preciado desecho la versi\u00f3n de que los panistas se saldr\u00edan tambi\u00e9n del debate de la reforma pol\u00edtica y de la reforma energ\u00e9tica.<\/p>\n<p>Preciado se\u00f1al\u00f3 que la decisi\u00f3n de salirse del pleno s\u00f3lo toca lo referente a la miscel\u00e1nea fiscal, pero que las dem\u00e1s partes de la reforma hacendaria si contar\u00e1n con la asistencia de los blanquiazules.<\/p>\n<p>Asimismo participar\u00e1n en los debates de las reforma pol\u00edtica y de la energ\u00e9tica, aclar\u00f3.<\/p>\n<p>Es decir, un berrinche madrugador no hace historia ni camino.<\/p>\n<p align=\"center\">\u00a0<b>MANCERA, EN MOSC\u00da<\/b><\/p>\n<p>Ac\u00e1, en el DF, mientras los maestros de la coordinadora se niegan a reorganizar y compactar si cochinero en el monumento a la Revoluci\u00f3n, y los comerciantes hacen marchas y reclamos al Gobierno capitalino, el Jefe de Gobierno, Miguel \u00c1ngel Mancera, cumpli\u00f3 con una invitaci\u00f3n y se fue a Mosc\u00fa, a un encuentro con alcaldes rusos.<\/p>\n<p>Ayer mismo Mancera fue recibido por Rub\u00e9n Beltr\u00e1n, embajador de M\u00e9xico en Rusia, quien le organiz\u00f3 una reuni\u00f3n con los embajadores de Chile, Brasil, El Salvador, Uruguay y Argentina en aquel pa\u00eds y representantes de la academia e investigadores de las principales universidades as\u00ed como empresarios y autoridades de aquella metr\u00f3poli.<\/p>\n<p>Durante su visita Mancera recibir\u00e1 una explicaci\u00f3n sobre la aplicaci\u00f3n de diversas medidas y t\u00e9cnicas urbanas aplicadas en Mosc\u00fa cuya poblaci\u00f3n asciende a 11 millones de habitantes.<\/p>\n<p>Al igual que en la ciudad de M\u00e9xico, ah\u00ed se concentran las matrices de las principales compa\u00f1\u00edas multinacionales que operan en ese pa\u00eds y su red de transporte p\u00fablico presenta retos y problemas similares a la del DF.<\/p>\n<p>El jefe de Gobierno tiene previsto regresar de inmediato luego de suscribir una Carta de Intenci\u00f3n con su hom\u00f3logo ruso para evaluar posibles \u00e1reas de colaboraci\u00f3n.<\/p>\n<p align=\"center\"><b>A CONTRAPELO<\/b><\/p>\n<p>Dentro de un contexto en el que los hechos de violencia influyen fuertemente, la empresa Lonely Planet prestigiada editora estadounidense de Best in Travel 2014, calific\u00f3 a M\u00e9xico como uno de los 10 pa\u00edses m\u00e1s atractivos para el turista internacional.<\/p>\n<p>En esta publicaci\u00f3n cuenta que en la casi absoluta mayor\u00eda de los centros tur\u00edsticos de alto nivel de M\u00e9xico \u2014como son Canc\u00fan, Riviera Maya, Nayarit, Huatulco, Los Cabos y otros-, no existen riesgos ni la inseguridad que s\u00ed afecta a estados como Michoac\u00e1n.<\/p>\n<p>Sin duda influye el hecho de que la secretaria de Turismo, Claudia Ruiz Massieu, hace una labor de relaciones permanentes con los grandes desarrolladores tur\u00edsticos internacionales para posicionar a M\u00e9xico.<\/p>\n<p align=\"center\">\u00a0<b>PERVERSA, MALIGNA<\/b><\/p>\n<p>Los anteriores fueron apenas dos de los muchos calificativos que le asest\u00f3 ayer el gobernador de Michoac\u00e1n, el pri\u00edsta Fausto Vallejo a la senadora panista Luisa Mar\u00eda Calder\u00f3n, \u201cLa Cocoa\u201d, hermana del ex presidente Felipe Calder\u00f3n, y su ex contrincante en la contienda por la gubernatura de ese estado, a quien anunci\u00f3 demandar\u00e1 por haber sugerido que uno de sus hijos (de Fausto) estaba involucrado con el crimen organizado y el narco michoacano.<\/p>\n<p>Vallejo, quien recibi\u00f3 hace unos meses un trasplante de h\u00edgado, acaba de regresar hace unos d\u00edas a su cargo de gobernador para enfrentar una ola de violencia que en apenas 10 d\u00edas ha producido una cincuentena de muertos, enfrentamientos entre mafiosos y militares en las principales ciudades del estado y ataques a instalaciones de la CFE que dejaron sin energ\u00eda el\u00e9ctrica a 14 municipios michoacanos.<\/p>\n<p>El pri\u00edsta indic\u00f3 que no pod\u00eda tolerar que la senadora Calder\u00f3n dijera sin pruebas que uno de sus hijos ten\u00eda v\u00ednculos con delincuentes y narcos.<\/p>\n<p>Ya en el proceso judicial que se le abrir\u00e1, dijo Vallejo, la senadora tendr\u00e1 que decir qu\u00e9 pruebas tiene para sugerir lo que dijo.<\/p>\n<p>El gobernador atribuye los comentarios de la senadora Calder\u00f3n en su contra, a un resabio por haberle ganado la gubernatura de Michoac\u00e1n, hecho que, afirm\u00f3 Vallejo, no ha sido digerido por la legisladora.<\/p>\n<p>El hecho es que la hermana de Calder\u00f3n es senadora y como tal tiene fuero y no puede ser juzgada ni reconvenida por ninguno de sus dichos, menos juzgada por ello.<\/p>\n<p><em><a href=\"mailto:rvizcaino@gmail.com\" target=\"_blank\">rvizcaino@gmail.com<\/a><\/em><\/span><\/p>\n","protected":false},"excerpt":{"rendered":"<p><span style=\"color: #005497;\"><strong>Roberto Vizca\u00edno<\/strong><\/span><br \/>\n<br \/>\nAnte la homologaci\u00f3n del IVA en fronteras, los senadores blanquiazules hicieron su berrinche y abandonaron durante la madrugada de ayer el pleno para dejar que las bancadas del PRI, PRD, PVEM y PT aprobaran lo que faltaba de la miscel\u00e1nea fiscal a la que introdujeron 7 cambios acordados en una reuni\u00f3n extraordinaria y de \u00faltima hora con el secretario de Hacienda, Luis Videgaray.<\/p>\n","protected":false},"author":3,"featured_media":152310,"comment_status":"open","ping_status":"open","sticky":false,"template":"","format":"standard","meta":{"_monsterinsights_skip_tracking":false,"_monsterinsights_sitenote_active":false,"_monsterinsights_sitenote_note":"","_monsterinsights_sitenote_category":0,"footnotes":""},"categories":[136],"tags":[43674,211,362,366,93,94],"class_list":["post-152279","post","type-post","status-publish","format-standard","has-post-thumbnail","hentry","category-roberto-vizcaino-opinion","tag-opinion","tag-prd","tag-pri","tag-pt","tag-roberto-vizcaino","tag-tras-la-puerta-del-poder"],"_links":{"self":[{"href":"https:\/\/www.diarioimagen.net\/index.php?rest_route=\/wp\/v2\/posts\/152279","targetHints":{"allow":["GET"]}}],"collection":[{"href":"https:\/\/www.diarioimagen.net\/index.php?rest_route=\/wp\/v2\/posts"}],"about":[{"href":"https:\/\/www.diarioimagen.net\/index.php?rest_route=\/wp\/v2\/types\/post"}],"author":[{"embeddable":true,"href":"https:\/\/www.diarioimagen.net\/index.php?rest_route=\/wp\/v2\/users\/3"}],"replies":[{"embeddable":true,"href":"https:\/\/www.diarioimagen.net\/index.php?rest_route=%2Fwp%2Fv2%2Fcomments&post=152279"}],"version-history":[{"count":0,"href":"https:\/\/www.diarioimagen.net\/index.php?rest_route=\/wp\/v2\/posts\/152279\/revisions"}],"wp:featuredmedia":[{"embeddable":true,"href":"https:\/\/www.diarioimagen.net\/index.php?rest_route=\/wp\/v2\/media\/152310"}],"wp:attachment":[{"href":"https:\/\/www.diarioimagen.net\/index.php?rest_route=%2Fwp%2Fv2%2Fmedia&parent=152279"}],"wp:term":[{"taxonomy":"category","embeddable":true,"href":"https:\/\/www.diarioimagen.net\/index.php?rest_route=%2Fwp%2Fv2%2Fcategories&post=152279"},{"taxonomy":"post_tag","embeddable":true,"href":"https:\/\/www.diarioimagen.net\/index.php?rest_route=%2Fwp%2Fv2%2Ftags&post=152279"}],"curies":[{"name":"wp","href":"https:\/\/api.w.org\/{rel}","templated":true}]}}