{"id":152293,"date":"2013-10-31T00:05:00","date_gmt":"2013-10-31T06:05:00","guid":{"rendered":"http:\/\/www.diarioimagen.net\/?p=152293"},"modified":"2013-11-01T00:55:03","modified_gmt":"2013-11-01T06:55:03","slug":"cuentas-pendientes","status":"publish","type":"post","link":"https:\/\/www.diarioimagen.net\/?p=152293","title":{"rendered":"Cuentas pendientes"},"content":{"rendered":"<h2>De frente y de perfil<\/h2>\n<h5>Ram\u00f3n Zurita Sahag\u00fan<\/h5>\n<p><span><br \/>\nLa que se le viene encima al PRI, advierten algunos analistas, sobre el tema de la aprobaci\u00f3n de la homologaci\u00f3n del IVA al 16 por ciento en todas las fronteras.<\/span><\/p>\n<p>Desde hace muchos a\u00f1os, las zonas fronterizas del pa\u00eds manten\u00edan un IVA distinto al del resto de las entidades, ya que los privilegiaban para evitar que la poblaci\u00f3n realizara sus compras del otro lado de la frontera.<\/p>\n<p>As\u00ed, cuando el IVA se increment\u00f3 al 15 por ciento, las fronteras manten\u00edan una tasa del 10 por ciento y cuando se sum\u00f3 un punto porcentual m\u00e1s, creci\u00e9ndolo al 16 por ciento, en las fronteras qued\u00f3 en 11 por ciento. Ahora, con la aprobaci\u00f3n por parte de los senadores, la homologaci\u00f3n del IVA en todo el pa\u00eds es una realidad y que entrar\u00e1 en vigor a partir del uno de enero del a\u00f1o pr\u00f3ximo.<\/p>\n<p>Durante un tiempo se pens\u00f3 que el aumento en el IVA no pasar\u00eda la aduana del Senado de la Rep\u00fablica, ya que el PAN era el principal impugnador del incremento, el que ya hab\u00eda sido aprobado por los diputados.<\/p>\n<p>Sin embargo, dos senadores de la izquierda fueron los art\u00edfices de dicha aprobaci\u00f3n, extra\u00f1amente uno proveniente de la frontera norte. Marco Antonio Bl\u00e1zquez se abstuvo de votar en comisiones, mientras que Armando R\u00edos P\u00edter dio el sufragio necesario para que el dictamen pasara a comisiones. Lo curioso es que los habitantes de la frontera son los primeros en rechazar dicho aumento en el gravamen y Bl\u00e1zquez los representa en la llamada C\u00e1mara alta.<\/p>\n<p>Para los panistas que rechazaron en bloque esa homologaci\u00f3n, se presenta una oportunidad pol\u00edtica de oro. Varios de los estados del norte del pa\u00eds, privados del privilegio del IVA del 11 por ciento, ir\u00e1n a las urnas en 2015 y ser\u00e1 entonces cuando los ciudadanos puedan dirimir los beneficios o perjuicios de esa decisi\u00f3n avalada por los pri\u00edstas.<\/p>\n<p>Sonora y Nuevo Le\u00f3n son los estados en que los ciudadanos deber\u00e1n elegir a su nuevo gobernador y ambos ya supieron lo que es ser gobernados por alguien ajeno al PRI. El primero de esos estados es gobernado hoy por un panista: Guillermo Padr\u00e9s El\u00edas, quien derrot\u00f3 a los pri\u00edstas, apabullados por la tragedia de la guarder\u00eda ABC. Padr\u00e9s El\u00edas es el primer gobernante surgido de Acci\u00f3n Nacional en aquella entidad, donde dos senadores pri\u00edstas buscan colarse a la candidatura de su partido para el 2015: Ernesto G\u00e1ndara y Claudia Pavlovich.<\/p>\n<p>Nuevo Le\u00f3n es la segunda entidad con elecciones concurrentes con la federal en 2015, en que los ciudadanos adem\u00e1s de diputados federales, elegir\u00e1n gobernador, alcaldes y diputados locales. Es un estado cuya frontera con Estados Unidos es m\u00ednima, pero cuyos habitantes tienen la cercan\u00eda de ciudades fronterizas de Tamaulipas.<\/p>\n<p>Nuevo Le\u00f3n es hoy gobernado por el pri\u00edsta Rodrigo Medina de la Cruz, cuyos electores le guardan algunos pasajes de su administraci\u00f3n para el momento de pasar la cuenta total.<\/p>\n<p>Esta entidad ya fue gobernada por un panista, cuya administraci\u00f3n fue nefasta, Fernando Canales Clariond y las principales cartas de los tricolores para contender en 2015 son la senadora Cristina D\u00edaz y el secretario de Econom\u00eda, Ildefonso Guajardo, entre otros.<\/p>\n<p>Sin embargo, un a\u00f1o despu\u00e9s, los ciudadanos de Chihuahua, Tamaulipas y Quintana Roo, har\u00e1n lo propio y los resabios del aumento en el IVA y en otros impuestos podr\u00edan influir en la decisi\u00f3n de los electores. De ah\u00ed que el riesgo para los pri\u00edstas se encuentra presente y en la memoria bulle el suceso de 1997, cuando los electores les cobraron su festejo del incremento del IVA del 10 al 15 por ciento de un a\u00f1o antes. Fue la primera ocasi\u00f3n en que los tricolores perdieron la mayor\u00eda en la C\u00e1mara de Diputados y desde entonces no la han recuperado.<\/p>\n<p>J. Natividad Gonz\u00e1lez Par\u00e1s fue de los primeros que pagaron las consecuencias, ya que en ese mismo 1997, perdi\u00f3 la elecci\u00f3n para gobernador de Nuevo Le\u00f3n.<\/p>\n<p align=\"center\"><b>\u00a0ENOJO PANISTA<\/b><\/p>\n<p>\u00a0Los panistas se encuentran en pie de guerra y hasta amenazan con abandonar el Pacto por M\u00e9xico, luego de recibir un duro rev\u00e9s en sus propuestas dentro de la miscel\u00e1nea fiscal. Eso s\u00ed, se vanaglorian de haber sido los promotores de que el IVA en colegiaturas y otros rubros no se aplicara.<\/p>\n<p>Sin embargo, los panistas advierten que no ir\u00e1n con el PRI en lo tocante a la reforma energ\u00e9tica y que fueron v\u00edctimas de una alianza abusiva por parte de los priistas y perredistas que los apoyaron en la aplicaci\u00f3n de aumentos en los impuestos. Los panistas se mantienen en su postura de acudir a las sesiones del Senado de la Rep\u00fablica hasta la discusi\u00f3n de la Ley de Ingresos.<\/p>\n<p align=\"center\"><b>PROTESTAS CONTRA LAS PROTESTAS<\/b><\/p>\n<p>\u00a0Hartos de que las movilizaciones y plantones de los profesores de la Coordinadora Nacional de Trabajadores de la Educaci\u00f3n les produzca p\u00e9rdidas millonarias, los comerciantes del rumbo del monumento a la Revoluci\u00f3n salieron a las calles para protestar.<\/p>\n<p>Son muchas las semanas en que el plant\u00f3n los obliga a cerrar sus negocios y que la presencia de los mentores inhiba a los consumidores de asistir a sus locales, por lo que se plantaron en el \u00c1ngel de la Independencia, para mostrar su molestia, por el poco caso que les hacen las autoridades. Los profesores siguen con sus marchas y bloqueos y el gobierno de la ciudad solamente los contempla, cerrando calles para que ellos se desplacen sin dificultad alguna.<\/p>\n<p><em><a href=\"mailto:ramonzurita44@hotmail.com\" target=\"_blank\">ramonzurita44@hotmail.com<br \/>\n<\/a><a href=\"mailto:zurita_sahagun@hotmail.com\" target=\"_blank\">zurita_sahagun@hotmail.com<\/a><\/em><\/p>\n","protected":false},"excerpt":{"rendered":"<p><span style=\"color: #005497;\"><strong>Ram\u00f3n Zurita Sahag\u00fan<\/strong><\/span><\/p>\n","protected":false},"author":3,"featured_media":0,"comment_status":"open","ping_status":"open","sticky":false,"template":"","format":"standard","meta":{"_monsterinsights_skip_tracking":false,"_monsterinsights_sitenote_active":false,"_monsterinsights_sitenote_note":"","_monsterinsights_sitenote_category":0,"footnotes":""},"categories":[234],"tags":[304,43674,43687],"class_list":["post-152293","post","type-post","status-publish","format-standard","hentry","category-ramon-zurita-sahagun","tag-de-frente-y-de-perfil","tag-opinion","tag-ramon-zurita-sahagun"],"_links":{"self":[{"href":"https:\/\/www.diarioimagen.net\/index.php?rest_route=\/wp\/v2\/posts\/152293","targetHints":{"allow":["GET"]}}],"collection":[{"href":"https:\/\/www.diarioimagen.net\/index.php?rest_route=\/wp\/v2\/posts"}],"about":[{"href":"https:\/\/www.diarioimagen.net\/index.php?rest_route=\/wp\/v2\/types\/post"}],"author":[{"embeddable":true,"href":"https:\/\/www.diarioimagen.net\/index.php?rest_route=\/wp\/v2\/users\/3"}],"replies":[{"embeddable":true,"href":"https:\/\/www.diarioimagen.net\/index.php?rest_route=%2Fwp%2Fv2%2Fcomments&post=152293"}],"version-history":[{"count":0,"href":"https:\/\/www.diarioimagen.net\/index.php?rest_route=\/wp\/v2\/posts\/152293\/revisions"}],"wp:attachment":[{"href":"https:\/\/www.diarioimagen.net\/index.php?rest_route=%2Fwp%2Fv2%2Fmedia&parent=152293"}],"wp:term":[{"taxonomy":"category","embeddable":true,"href":"https:\/\/www.diarioimagen.net\/index.php?rest_route=%2Fwp%2Fv2%2Fcategories&post=152293"},{"taxonomy":"post_tag","embeddable":true,"href":"https:\/\/www.diarioimagen.net\/index.php?rest_route=%2Fwp%2Fv2%2Ftags&post=152293"}],"curies":[{"name":"wp","href":"https:\/\/api.w.org\/{rel}","templated":true}]}}