{"id":152297,"date":"2013-10-31T00:04:23","date_gmt":"2013-10-31T06:04:23","guid":{"rendered":"http:\/\/www.diarioimagen.net\/?p=152297"},"modified":"2013-11-01T00:59:01","modified_gmt":"2013-11-01T06:59:01","slug":"patishtan-libre","status":"publish","type":"post","link":"https:\/\/www.diarioimagen.net\/?p=152297","title":{"rendered":"Patisht\u00e1n, libre"},"content":{"rendered":"<h2>Punto por punto<\/h2>\n<h5>Augusto Corro<\/h5>\n<p><span><br \/>\nUn inocente alcanzar\u00e1 hoy su libertad, luego de permanecer 13 a\u00f1os en prisi\u00f3n por un crimen que no cometi\u00f3.<\/span><\/p>\n<p>La reforma al C\u00f3digo Penal Federal permite el indulto al maestro ind\u00edgena chiapaneco Alberto Patisht\u00e1n G\u00f3mez, sentenciado a 60 a\u00f1os de c\u00e1rcel en un juicio plagado de irregularidades.<\/p>\n<p>El propio presidente Enrique Pe\u00f1a Nieto anunci\u00f3, en su cuenta de Twitter, lo siguiente: \u201cEste mismo jueves, la reforma entrar\u00e1 en vigor e indultar\u00e9 a Alberto Patisht\u00e1n G\u00f3mez\u201d.<\/p>\n<p>El maestro fue acusado de participar en una emboscada en la que siete polic\u00edas fueron asesinados. Se comprob\u00f3 que el inculpado estaba en otro sitio en el momento que ocurrieron los hechos violentos.<\/p>\n<p>No obstante, las autoridades se empe\u00f1aron en llevar un proceso injusto lleno de contradicciones que terminaron con Patisht\u00e1n G\u00f3mez en la c\u00e1rcel.<\/p>\n<p>Esa injusticia contra el maestro chiapaneco trascendi\u00f3 a esferas internacionales de derechos humanos y desde ah\u00ed se exigi\u00f3 justicia.\u00a0 La reforma mencionada otorga al Ejecutivo Federal conceder el indulto a personas encarceladas injustamente que no representen un peligro para la tranquilidad y la paz p\u00fablica.<\/p>\n<p>Desde luego, la nueva ley beneficiar\u00e1 a otras personas que se encuentren en casos similares. Es decir, que hayan sido violados sus derechos humanos.<\/p>\n<p>Son innumerables los casos de ind\u00edgenas que pagan condenas carcelarias porque no tuvieron la oportunidad de defenderse.<\/p>\n<p>Su condici\u00f3n de monoling\u00fces y no contar con int\u00e9rprete para demostrar su inocencia fueron elementos que los llevaron a prisi\u00f3n.<\/p>\n<p>Con la liberaci\u00f3n de Patisht\u00e1n se cerrar\u00e1 un cap\u00edtulo ignominioso de la justicia mexicana muchas veces impartida por jueces corruptos.<\/p>\n<p style=\"text-align: center;\"><strong>CUEVA DE LADRONES<\/strong><\/p>\n<p>Cay\u00f3 otra de las funcionarias del gabinete de Andr\u00e9s Granier acusada de peculado, en Tabasco. Se trata de Cisceria Rodr\u00edguez Alvarado, ex directora de la Comisi\u00f3n Estatal de Agua y Saneamiento (CEAS).<\/p>\n<p>Entre otras cosas fue aprehendida porque emiti\u00f3 un cheque sin fondos por 25 millones de pesos a la Comisi\u00f3n Federal de Electricidad (CFE).<\/p>\n<p>Adem\u00e1s, se le investiga por otorgar millonarios contratos de obras p\u00fablicas a su madre y esposo, as\u00ed como a otros contratistas amigos.\u00a0 Con la detenci\u00f3n de Cisceria son ya seis los ex funcionarios tabasque\u00f1os encarcelados por el saqueo al erario.<\/p>\n<p>El ex gobernador Andr\u00e9s Granier se encuentra en un reclusorio capitalino, donde\u00a0 realiza maniobras para demorar su presencia ante los tribunales.<\/p>\n<p>Nadie sabe la fecha en que ser\u00e1 enviado a Tabasco para ser juzgado por sus tropel\u00edas durante el tiempo que realiz\u00f3 las \u201cfunciones\u201d de mandatario.<\/p>\n<p style=\"text-align: center;\"><strong>VIVIR BAJO EL TERROR<\/strong><\/p>\n<p>En Michoac\u00e1n pasar\u00e1 mucho tiempo para que regresen la paz y la tranquilidad. Los michoacanos viven bajo el terror desde hace 12 a\u00f1os.\u00a0 Y como no se ve el fin de la violencia, las autoridades optaron por medidas pr\u00e1cticas para contrarrestarla.\u00a0 La Secretar\u00eda de Seguridad elabor\u00f3 un protocolo para que maestros y alumnos se protejan en caso de encontrarse en medio de una balacera.<\/p>\n<p>Claro, las medidas son obvias, como aquellas de no ir a la escuela cuando se sepa de alg\u00fan enfrentamiento, resguardarse, etc.<\/p>\n<p>Aqu\u00ed, lo grave del problema es que en vez de erradicar el terror, la sociedad es adiestrada para soportarlo. Esa actitud de las autoridades conlleva a una situaci\u00f3n de conformismo ante la violencia.<\/p>\n<p>De nada sirven las recomendaciones o protocolos de seguridad cuando se nota la ineptitud de la fuerza p\u00fablica para combatir a la delincuencia.<\/p>\n<p>Esos mismos protocolos de seguridad son aplicados en otros lugares del pa\u00eds, donde el terror es permanente.\u00a0 Volvemos a Michoac\u00e1n que est\u00e1 sometido al poder de la delincuencia organizada y las autoridades no encuentran la forma de que\u00a0 regrese la tranquilidad.<\/p>\n<p>El gobernador Fausto Vallejo, figura decorativa, ve como se multiplican los hechos violentos a su alrededor.<\/p>\n<p><em><a href=\"mailto:aco2742@hotmail.com\" target=\"_blank\">aco2742@hotmail.com<\/a><\/em><\/p>\n","protected":false},"excerpt":{"rendered":"<p><span style=\"color: #005497;\"><strong>Augusto Corro<\/strong><\/span><\/p>\n","protected":false},"author":3,"featured_media":0,"comment_status":"open","ping_status":"open","sticky":false,"template":"","format":"standard","meta":{"_monsterinsights_skip_tracking":false,"_monsterinsights_sitenote_active":false,"_monsterinsights_sitenote_note":"","_monsterinsights_sitenote_category":0,"footnotes":""},"categories":[157],"tags":[43686,43674,11515],"class_list":["post-152297","post","type-post","status-publish","format-standard","hentry","category-augusto-corro","tag-augusto-corro","tag-opinion","tag-punto-por-punto"],"_links":{"self":[{"href":"https:\/\/www.diarioimagen.net\/index.php?rest_route=\/wp\/v2\/posts\/152297","targetHints":{"allow":["GET"]}}],"collection":[{"href":"https:\/\/www.diarioimagen.net\/index.php?rest_route=\/wp\/v2\/posts"}],"about":[{"href":"https:\/\/www.diarioimagen.net\/index.php?rest_route=\/wp\/v2\/types\/post"}],"author":[{"embeddable":true,"href":"https:\/\/www.diarioimagen.net\/index.php?rest_route=\/wp\/v2\/users\/3"}],"replies":[{"embeddable":true,"href":"https:\/\/www.diarioimagen.net\/index.php?rest_route=%2Fwp%2Fv2%2Fcomments&post=152297"}],"version-history":[{"count":0,"href":"https:\/\/www.diarioimagen.net\/index.php?rest_route=\/wp\/v2\/posts\/152297\/revisions"}],"wp:attachment":[{"href":"https:\/\/www.diarioimagen.net\/index.php?rest_route=%2Fwp%2Fv2%2Fmedia&parent=152297"}],"wp:term":[{"taxonomy":"category","embeddable":true,"href":"https:\/\/www.diarioimagen.net\/index.php?rest_route=%2Fwp%2Fv2%2Fcategories&post=152297"},{"taxonomy":"post_tag","embeddable":true,"href":"https:\/\/www.diarioimagen.net\/index.php?rest_route=%2Fwp%2Fv2%2Ftags&post=152297"}],"curies":[{"name":"wp","href":"https:\/\/api.w.org\/{rel}","templated":true}]}}