{"id":152315,"date":"2013-10-31T00:05:52","date_gmt":"2013-10-31T06:05:52","guid":{"rendered":"http:\/\/www.diarioimagen.net\/?p=152315"},"modified":"2013-11-01T02:57:21","modified_gmt":"2013-11-01T08:57:21","slug":"pena-nieto-inicia-el-programa-micompu-mx-en-tabasco","status":"publish","type":"post","link":"https:\/\/www.diarioimagen.net\/?p=152315","title":{"rendered":"Pe\u00f1a Nieto inicia el programa \u2018\u201cMiCompu.Mx\u201d en Tabasco"},"content":{"rendered":"<ul>\n<li><em><strong>En una primera etapa el plan beneficiar\u00e1 a 240 mil ni\u00f1os de esta entidad, de Colima y Sonora<\/strong><\/em><\/li>\n<\/ul>\n<h6><b>Roberto Vizca\u00edno<\/b><\/h6>\n<p>&nbsp;<\/p>\n<div id=\"attachment_152316\" style=\"width: 250px\" class=\"wp-caption alignleft\"><a href=\"http:\/\/www.diarioimagen.net\/wp-content\/uploads\/2013\/10\/epn-2219.jpg\"><img loading=\"lazy\" decoding=\"async\" aria-describedby=\"caption-attachment-152316\" class=\"size-medium wp-image-152316\" alt=\"El presidente Enrique Pe\u00f1a Nieto afirma que lo hecho hoy por el gobierno de la Rep\u00fablica \u201ces parte de la historia que estamos escribiendo para trabajar por la calidad de la educaci\u00f3n\u201d.\" src=\"http:\/\/www.diarioimagen.net\/wp-content\/uploads\/2013\/10\/epn-2219-240x135.jpg\" width=\"240\" height=\"135\" srcset=\"https:\/\/www.diarioimagen.net\/wp-content\/uploads\/2013\/10\/epn-2219-240x135.jpg 240w, https:\/\/www.diarioimagen.net\/wp-content\/uploads\/2013\/10\/epn-2219-420x236.jpg 420w, https:\/\/www.diarioimagen.net\/wp-content\/uploads\/2013\/10\/epn-2219-235x132.jpg 235w, https:\/\/www.diarioimagen.net\/wp-content\/uploads\/2013\/10\/epn-2219-202x114.jpg 202w, https:\/\/www.diarioimagen.net\/wp-content\/uploads\/2013\/10\/epn-2219-350x196.jpg 350w, https:\/\/www.diarioimagen.net\/wp-content\/uploads\/2013\/10\/epn-2219-220x123.jpg 220w, https:\/\/www.diarioimagen.net\/wp-content\/uploads\/2013\/10\/epn-2219-237x132.jpg 237w, https:\/\/www.diarioimagen.net\/wp-content\/uploads\/2013\/10\/epn-2219.jpg 480w\" sizes=\"auto, (max-width: 240px) 100vw, 240px\" \/><\/a><p id=\"caption-attachment-152316\" class=\"wp-caption-text\">El presidente Enrique Pe\u00f1a Nieto afirma que lo hecho hoy por el gobierno de la Rep\u00fablica \u201ces parte de la historia que estamos escribiendo para trabajar por la calidad de la educaci\u00f3n\u201d.<\/p><\/div>\n<p>Villahermosa, Tabasco.- El presidente Enrique Pe\u00f1a Nieto denunci\u00f3 ayer aqu\u00ed que alrededor de la reforma educativa -que tiene como objetivo central elevar la calidad de la educaci\u00f3n en M\u00e9xico- se han generado muchos mitos y desinformaciones que obligan a reiterar que la educaci\u00f3n en M\u00e9xico ha sido y seguir\u00e1 siendo gratuita, y que los maestros son y ser\u00e1n el pilar fundamental de esta reforma.<\/p>\n<p>Esos mitos, dijo, exigen a su gobierno precisar los alcances y beneficios de la reforma educativa, el primeros de los cuales, afirm\u00f3, \u201cy hay que dejarlo muy claro\u201d, es el de la obligaci\u00f3n del Estado mexicano de garantizar de manera gratuita la formaci\u00f3n de las nuevas generaciones.<\/p>\n<p>\u201cEsto es algo que est\u00e1 claramente inscrito y garantizado en la reforma educativa que hemos impulsado\u201d.<\/p>\n<p>El presidente Enrique Pe\u00f1a Nieto aclar\u00f3 lo anterior al iniciar ayer aqu\u00ed la entrega de 240 mil computadoras port\u00e1tiles a alumnos de quinto y sexto grado de primaria en escuelas p\u00fablicas de Tabasco, Colima y Sonora.<\/p>\n<p>Con este acto arranc\u00f3 su programa para dotar de computadoras port\u00e1tiles con internet incluido a m\u00e1s de 4.6 millones de alumnos de quinto y sexto a\u00f1os de primaria en todo el pa\u00eds. Actualmente hay registrados 2 millones 360 alumnos en quinto a\u00f1o y 2 millones 250 mil en sexto a\u00f1o. En los a\u00f1os subsiguientes y hasta el fin de su mandato, se prev\u00e9 que entregue al menos entre 16 y 20 millones de computadoras port\u00e1tiles a quienes lleguen al quinto y sexto grados de primaria. Estas computadoras ser\u00e1n autom\u00e1ticamente de su propiedad y podr\u00e1n ser usadas para lo que los ni\u00f1os quieran.<\/p>\n<p>Este programa, denominado \u201cMicompu.MX\u201d busca capacitar desde la escuela p\u00fablica a las nuevas generaciones en el uso de las herramientas digitales y en el uso del Internet, como parte de su inmersi\u00f3n en lo que se conoce la era del conocimiento.<\/p>\n<p>Ingresar a la era del conocimiento y aprender a usar sus herramientas, les dijo ayer a alumnos de aproximadamente 10 a 12 a\u00f1os -que no s\u00f3lo le agradecieron su visita y ser los primeros en recibir estos beneficios, sino que le solicitaron sacarse fotos con \u00e9l-, son pasos elementales para alcanzar no solo sus \u00e9xitos personales, sino el del pa\u00eds.<\/p>\n<p>En su paso por las escuelas primarias Dionisio Zurita Belchez y Roberto Virgilio de la Cruz, el mandatario estuvo acompa\u00f1ado por el gobernador Arturo N\u00fa\u00f1ez, el secretario de Educaci\u00f3n Emilio Chuayffet y el l\u00edder nacional del SNTE, Juan D\u00edaz, adem\u00e1s de maestros, padres de familia y t\u00e9cnicos.<\/p>\n<p style=\"text-align: center;\"><b>MAESTROS, SOST\u00c9N DE LA REFORMA<\/b><\/p>\n<p>Ah\u00ed aprovech\u00f3 tambi\u00e9n para decirles a los maestros de todo el pa\u00eds que ellos son y ser\u00e1n el elemento fundamental de la reforma educativa.<\/p>\n<p>\u201cQuiero compartir con las maestras y maestros que est\u00e1n aqu\u00ed, y a trav\u00e9s de ustedes con los maestros de todo el pa\u00eds, que los maestros seguir\u00e1n siendo el pilar m\u00e1s importante de la educaci\u00f3n en M\u00e9xico.<\/p>\n<p>\u201cY que este programa de computadoras no es m\u00e1s que una herramienta m\u00e1s de apoyo a la educaci\u00f3n, apoyo que los alumnos habr\u00e1n de recibir a trav\u00e9s de sus maestros\u2026y los maestros se habr\u00e1n de capacitar para que a trav\u00e9s del uso de esta herramienta puedan tener una educaci\u00f3n de mayor calidad, una herramienta de aprendizaje para una mejor formaci\u00f3n de ustedes y sus alumnos.<\/p>\n<p>\u201cYo quiero desde aqu\u00ed expresar mi reconocimiento a todas las maestras y los maestros de M\u00e9xico que, con gran convicci\u00f3n, est\u00e1n resueltos a apoyar todo este esfuerzo de modernizaci\u00f3n y de trabajo por elevar la calidad de la educaci\u00f3n en todo el pa\u00eds\u2026<\/p>\n<p>\u201cHay algo \u00faltimo que quiero decirles: una sociedad que no se ocupa de la formaci\u00f3n de sus nuevas generaciones est\u00e1 condenada a perderse y extraviarse en el tiempo, a no tener rumbo y a condenarse a no tener desarrollo y progreso\u201d.<\/p>\n<p>De ah\u00ed, que la mayor responsabilidad de maestros y gobierno sea el de asegurar que las nuevas generaciones puedan tener y saber usar las herramientas m\u00e1s s\u00f3lidas que los prepare para enfrentar los desaf\u00edos y retos del futuro.<\/p>\n<p style=\"text-align: center;\"><b>PARTE DE LA\u00a0<\/b><b>HISTORIA<\/b><\/p>\n<p>Rodeado del j\u00fabilo de los alumnos, con maestros que quer\u00edan llamar su atenci\u00f3n, en un clima que lo hizo sudar a raudales, el presidente Pe\u00f1a Nieto indic\u00f3 que \u201clo que hoy estamos haciendo es parte de la historia que estamos escribiendo para trabajar por la calidad de la educaci\u00f3n del pa\u00eds\u2026<\/p>\n<p>\u201cSon ustedes los primeros ni\u00f1os de M\u00e9xico en recibir una computadora, y ser parte de este programa que estamos iniciando en tres estados de la Rep\u00fablica mexicana, con el que vamos a llegar a todo el pa\u00eds.<\/p>\n<p>\u201cHoy estamos en una etapa de prueba para aprender de lo mucho que puede dar esta herramienta vital que es el uso de la computadora\u2026 a partir de hoy en estos tres estados , Tabasco, Colima y Sonora, los ni\u00f1os de quinto y sexto de primaria de las escuelas p\u00fablicas van a recibir una computadora como las que les acabamos de entregar a ustedes.<\/p>\n<p>\u201c\u00bfPara qu\u00e9 es la computadora? Es una herramienta para su educaci\u00f3n\u2026 hoy \u00a0somos parte de un mundo m\u00e1s poblado con mayor competencia\u2026 Hoy el conocimiento es lo que genera la mayor riqueza en el mundo, es lo que determina que las familias y las personas puedan tener mejores condiciones de vida, se\u00f1al\u00f3.<\/p>\n<p>\u201cEl nivel de conocimiento y lo que este pueda aportar en el desarrollo de sus actividades\u2026 todo lo que se da a partir del conocimiento, es hoy una de las cosas m\u00e1s importantes dentro de la formaci\u00f3n de las nuevas generaciones\u201d.<\/p>\n<p>Record\u00f3 el mandatario que M\u00e9xico pas\u00f3 ya por las etapas donde casi no hab\u00eda escuelas, en que muchos no sab\u00edan leer ni escribir para pasar a este momento en que el esfuerzo de realizado en d\u00e9cadas, ha derivado en una red amplia de planteles a los que ahora hay que adecuar y dignificar.<\/p>\n<p>\u201cPor eso queremos acelerar este proceso\u2026 hoy en esta era estamos encontrando que un elemento de formaci\u00f3n y acceso al conocimiento es precisamente la computadora y ustedes lo saben porque a todos los lugares donde van con sus pap\u00e1s, maestros, los lugares que visitan, tiendas, se dan cuenta que hay computadoras y que hoy el libro que alguna vez fue una herramienta fundamental en la educaci\u00f3n, y que lo sigue siendo, debe adicion\u00e1rsele elementos de esta \u00e9poca.<\/p>\n","protected":false},"excerpt":{"rendered":"<p>El presidente Enrique Pe\u00f1a Nieto denunci\u00f3 ayer aqu\u00ed que alrededor de la reforma educativa -que tiene como objetivo central elevar la calidad de la educaci\u00f3n en M\u00e9xico- se han generado muchos mitos y desinformaciones que obligan a reiterar que la educaci\u00f3n en M\u00e9xico ha sido y seguir\u00e1 siendo gratuita, y que los maestros son y ser\u00e1n el pilar fundamental de esta reforma.<\/p>\n","protected":false},"author":1,"featured_media":152316,"comment_status":"open","ping_status":"open","sticky":false,"template":"","format":"standard","meta":{"_monsterinsights_skip_tracking":false,"_monsterinsights_sitenote_active":false,"_monsterinsights_sitenote_note":"","_monsterinsights_sitenote_category":0,"footnotes":""},"categories":[17,3],"tags":[18,43673],"class_list":["post-152315","post","type-post","status-publish","format-standard","has-post-thumbnail","hentry","category-especiales","category-nacional","tag-enrique-pena-nieto","tag-nacional"],"_links":{"self":[{"href":"https:\/\/www.diarioimagen.net\/index.php?rest_route=\/wp\/v2\/posts\/152315","targetHints":{"allow":["GET"]}}],"collection":[{"href":"https:\/\/www.diarioimagen.net\/index.php?rest_route=\/wp\/v2\/posts"}],"about":[{"href":"https:\/\/www.diarioimagen.net\/index.php?rest_route=\/wp\/v2\/types\/post"}],"author":[{"embeddable":true,"href":"https:\/\/www.diarioimagen.net\/index.php?rest_route=\/wp\/v2\/users\/1"}],"replies":[{"embeddable":true,"href":"https:\/\/www.diarioimagen.net\/index.php?rest_route=%2Fwp%2Fv2%2Fcomments&post=152315"}],"version-history":[{"count":0,"href":"https:\/\/www.diarioimagen.net\/index.php?rest_route=\/wp\/v2\/posts\/152315\/revisions"}],"wp:featuredmedia":[{"embeddable":true,"href":"https:\/\/www.diarioimagen.net\/index.php?rest_route=\/wp\/v2\/media\/152316"}],"wp:attachment":[{"href":"https:\/\/www.diarioimagen.net\/index.php?rest_route=%2Fwp%2Fv2%2Fmedia&parent=152315"}],"wp:term":[{"taxonomy":"category","embeddable":true,"href":"https:\/\/www.diarioimagen.net\/index.php?rest_route=%2Fwp%2Fv2%2Fcategories&post=152315"},{"taxonomy":"post_tag","embeddable":true,"href":"https:\/\/www.diarioimagen.net\/index.php?rest_route=%2Fwp%2Fv2%2Ftags&post=152315"}],"curies":[{"name":"wp","href":"https:\/\/api.w.org\/{rel}","templated":true}]}}