{"id":152415,"date":"2013-11-01T00:06:32","date_gmt":"2013-11-01T06:06:32","guid":{"rendered":"http:\/\/www.diarioimagen.net\/?p=152415"},"modified":"2013-11-04T04:57:29","modified_gmt":"2013-11-04T10:57:29","slug":"gobierno-del-edomex-adelanta-aguinaldos-apoya-el-buen-fin","status":"publish","type":"post","link":"https:\/\/www.diarioimagen.net\/?p=152415","title":{"rendered":"Gobierno del Edomex adelanta aguinaldos; apoya <i>El Buen Fin<\/i>"},"content":{"rendered":"<ul>\n<li><strong><em>El gobernador hizo el anuncio durante la celebraci\u00f3n del XCVI aniversario de la C\u00e1mara Nacional de Comercio del Valle de Toluca<\/em><\/strong><\/li>\n<\/ul>\n<div id=\"attachment_152478\" style=\"width: 250px\" class=\"wp-caption alignleft\"><a href=\"http:\/\/www.diarioimagen.net\/wp-content\/uploads\/2013\/11\/arco-2220.jpg\"><img loading=\"lazy\" decoding=\"async\" aria-describedby=\"caption-attachment-152478\" class=\"size-medium wp-image-152478\" alt=\"Al encabezar el XCVI Aniversario de la C\u00e1mara Nacional de Comercio, Servicios y Turismo del Valle de Toluca, el gobernador Eruviel \u00c1vila Villegas anunci\u00f3 que su gobierno se sumar\u00e1 a las actividades programadas para El Buen Fin, que se llevar\u00e1 a cabo del 15 al 18 de noviembre, al adelantar el pago de 40 d\u00edas por concepto de aguinaldo a 140 mil servidores p\u00fablicos, en la primera quincena de noviembre.\" src=\"http:\/\/www.diarioimagen.net\/wp-content\/uploads\/2013\/11\/arco-2220-240x135.jpg\" width=\"240\" height=\"135\" srcset=\"https:\/\/www.diarioimagen.net\/wp-content\/uploads\/2013\/11\/arco-2220-240x135.jpg 240w, https:\/\/www.diarioimagen.net\/wp-content\/uploads\/2013\/11\/arco-2220-420x236.jpg 420w, https:\/\/www.diarioimagen.net\/wp-content\/uploads\/2013\/11\/arco-2220-235x132.jpg 235w, https:\/\/www.diarioimagen.net\/wp-content\/uploads\/2013\/11\/arco-2220-202x114.jpg 202w, https:\/\/www.diarioimagen.net\/wp-content\/uploads\/2013\/11\/arco-2220-350x196.jpg 350w, https:\/\/www.diarioimagen.net\/wp-content\/uploads\/2013\/11\/arco-2220-220x123.jpg 220w, https:\/\/www.diarioimagen.net\/wp-content\/uploads\/2013\/11\/arco-2220-237x132.jpg 237w, https:\/\/www.diarioimagen.net\/wp-content\/uploads\/2013\/11\/arco-2220.jpg 480w\" sizes=\"auto, (max-width: 240px) 100vw, 240px\" \/><\/a><p id=\"caption-attachment-152478\" class=\"wp-caption-text\">Al encabezar el XCVI Aniversario de la C\u00e1mara Nacional de Comercio, Servicios y Turismo del Valle de Toluca, el gobernador Eruviel \u00c1vila Villegas anunci\u00f3 que su gobierno se sumar\u00e1 a las actividades programadas para El Buen Fin, que se llevar\u00e1 a cabo del 15 al 18 de noviembre, al adelantar el pago de 40 d\u00edas por concepto de aguinaldo a 140 mil servidores p\u00fablicos, en la primera quincena de noviembre.<\/p><\/div>\n<p><strong>Toluca, Estado de M\u00e9xico<\/strong>.- El gobernador Eruviel \u00c1vila Villegas anunci\u00f3 que el gobierno del Estado de M\u00e9xico se sumar\u00e1 a las actividades programadas para<i> El Buen Fin<\/i>, por primera ocasi\u00f3n, al adelantar el pago de 40 d\u00edas por concepto de aguinaldo a 140 mil servidores p\u00fablicos, en la primera quincena de noviembre.<\/p>\n<p>\u201cQuiero participarles que, por primera vez, el gobierno del Estado de M\u00e9xico habr\u00e1 de participar en esta promoci\u00f3n, adelantando el aguinaldo, en este caso, a sus empleados, a sus servidores p\u00fablicos. Les participo que la primera quincena de noviembre habr\u00e1n de recibir 40 d\u00edas de aguinaldo m\u00e1s de 140 mil servidores p\u00fablicos, maestros, polic\u00edas, secretarias, para que se sumen, participen y compren\u201d.<\/p>\n<p>Al encabezar el XCVI Aniversario de la C\u00e1mara Nacional de Comercio, Servicios y Turismo (Canaco-Servytur) del Valle de Toluca, el titular del Ejecutivo estatal se\u00f1al\u00f3 que respetuoso de la autonom\u00eda del Sistema de Radio y Televisi\u00f3n Mexiquense, solicitar\u00e1 a este organismo que promueva en sus diferentes emisiones este evento, que se desarrollar\u00e1 del 15 al 18 de noviembre, y los diferentes productos que se ofertar\u00e1n.<\/p>\n<p>En este acto donde entreg\u00f3 reconocimientos a empresarios destacados del Valle de Toluca, Eruviel \u00c1vila instruy\u00f3 a F\u00e9lix Adri\u00e1n Fuentes Villalobos y a Francisco Javier Garc\u00eda Bejos, secretarios de Desarrollo Econ\u00f3mico y de Trabajo, respectivamente, a trabajar en coordinaci\u00f3n con los organismos empresariales de la entidad y con universidades p\u00fablicas y privadas, en la creaci\u00f3n de un c\u00f3digo o ley para la apertura r\u00e1pida de empresas, donde se especifiquen los requisitos concretos de las autoridades municipales y estatales, para abrir o ampliar negocios o empresas y quitarle facultades discrecionales a los inspectores, jefes de licencias y de reglamentos, con el prop\u00f3sito de promover la inversi\u00f3n en la entidad.<\/p>\n<p>Destac\u00f3 que su administraci\u00f3n continuar\u00e1 trabajando para facilitar la llegada de empresas a la entidad, como lo ha hecho con acciones como la elevaci\u00f3n a rango constitucional de la mejora regulatoria, que ha colocado al Estado de M\u00e9xico como la \u00fanica entidad en contar con una figura de este tipo.<\/p>\n<p>\u201cTodas las autoridades del Estado de M\u00e9xico estamos con la gente de bien, con la gente que genera empleo, derrama econ\u00f3mica, con la gente que conf\u00eda, que invierte en el Estado de M\u00e9xico, estamos con Canaco, en sus diferentes delegaciones en el Estado de M\u00e9xico, somos sus aliados y lo vamos a seguir demostrando en los hechos, no s\u00f3lo en un discurso, no s\u00f3lo en un pronunciamiento, sino d\u00eda a d\u00eda con nuestro actuar, con nuestras resoluciones y escuch\u00e1ndoles y respondi\u00e9ndoles sus demandas\u201d.<\/p>\n<p>Por su parte, Jorge Enrique D\u00e1vila Flores, presidente de la Confederaci\u00f3n de C\u00e1maras Nacionales de Comercios, Servicios y Turismo (Concanaco-Servitur), reconoci\u00f3 al gobernador Eruviel \u00c1vila por el acercamiento que su administraci\u00f3n tiene con los organismos empresariales de la entidad, pues s\u00f3lo trabajando juntos los estados, municipios y empresarios, se lograr\u00e1n resolver los problemas que afectan a este sector para generar el crecimiento econ\u00f3mico que requiere el pa\u00eds.<b><\/b><\/p>\n<p>&nbsp;<\/p>\n","protected":false},"excerpt":{"rendered":"<p>El gobernador Eruviel \u00c1vila Villegas anunci\u00f3 que el gobierno del Estado de M\u00e9xico se sumar\u00e1 a las actividades programadas para El Buen Fin, por primera ocasi\u00f3n, al adelantar el pago de 40 d\u00edas por concepto de aguinaldo a 140 mil servidores p\u00fablicos, en la primera quincena de noviembre.<\/p>\n","protected":false},"author":3,"featured_media":152478,"comment_status":"open","ping_status":"open","sticky":false,"template":"","format":"standard","meta":{"_monsterinsights_skip_tracking":false,"_monsterinsights_sitenote_active":false,"_monsterinsights_sitenote_note":"","_monsterinsights_sitenote_category":0,"footnotes":""},"categories":[17,5],"tags":[25239,5828,43675,452],"class_list":["post-152415","post","type-post","status-publish","format-standard","has-post-thumbnail","hentry","category-especiales","category-estado-de-mexico","tag-el-buen-fin","tag-eruviel-avila-villegas","tag-estado-de-mexico","tag-toluca"],"_links":{"self":[{"href":"https:\/\/www.diarioimagen.net\/index.php?rest_route=\/wp\/v2\/posts\/152415","targetHints":{"allow":["GET"]}}],"collection":[{"href":"https:\/\/www.diarioimagen.net\/index.php?rest_route=\/wp\/v2\/posts"}],"about":[{"href":"https:\/\/www.diarioimagen.net\/index.php?rest_route=\/wp\/v2\/types\/post"}],"author":[{"embeddable":true,"href":"https:\/\/www.diarioimagen.net\/index.php?rest_route=\/wp\/v2\/users\/3"}],"replies":[{"embeddable":true,"href":"https:\/\/www.diarioimagen.net\/index.php?rest_route=%2Fwp%2Fv2%2Fcomments&post=152415"}],"version-history":[{"count":0,"href":"https:\/\/www.diarioimagen.net\/index.php?rest_route=\/wp\/v2\/posts\/152415\/revisions"}],"wp:featuredmedia":[{"embeddable":true,"href":"https:\/\/www.diarioimagen.net\/index.php?rest_route=\/wp\/v2\/media\/152478"}],"wp:attachment":[{"href":"https:\/\/www.diarioimagen.net\/index.php?rest_route=%2Fwp%2Fv2%2Fmedia&parent=152415"}],"wp:term":[{"taxonomy":"category","embeddable":true,"href":"https:\/\/www.diarioimagen.net\/index.php?rest_route=%2Fwp%2Fv2%2Fcategories&post=152415"},{"taxonomy":"post_tag","embeddable":true,"href":"https:\/\/www.diarioimagen.net\/index.php?rest_route=%2Fwp%2Fv2%2Ftags&post=152415"}],"curies":[{"name":"wp","href":"https:\/\/api.w.org\/{rel}","templated":true}]}}