{"id":152419,"date":"2013-11-01T00:07:49","date_gmt":"2013-11-01T06:07:49","guid":{"rendered":"http:\/\/www.diarioimagen.net\/?p=152419"},"modified":"2013-11-04T03:02:13","modified_gmt":"2013-11-04T09:02:13","slug":"no-aprendieron-gonzalez-zarur","status":"publish","type":"post","link":"https:\/\/www.diarioimagen.net\/?p=152419","title":{"rendered":"\u201cNo aprendieron&#8230;\u201d: Gonz\u00e1lez Zarur"},"content":{"rendered":"<h2>Tras la puerta del poder<\/h2>\n<h5>Roberto Vizca\u00edno<\/h5>\n<p>&nbsp;<\/p>\n<ul>\n<li><strong><i>El mandatario de Tlaxcala afirma que los panistas no entendieron c\u00f3mo se gobierna y c\u00f3mo se hace pol\u00edtica<\/i><\/strong><\/li>\n<li><strong><i>La creaci\u00f3n de un Instituto Nacional Electoral es algo m\u00e1s complejo que s\u00f3lo conducir comicios<\/i><\/strong><\/li>\n<li><strong><i>Dentro de un mes exactamente se realizar\u00e1 el primer gran corte de caja del gobierno de Pe\u00f1a Nieto<\/i><\/strong><\/li>\n<\/ul>\n<div id=\"attachment_152481\" style=\"width: 250px\" class=\"wp-caption alignleft\"><a href=\"http:\/\/www.diarioimagen.net\/wp-content\/uploads\/2013\/11\/ofrenda-2013-trizas-2220.jpg\"><img loading=\"lazy\" decoding=\"async\" aria-describedby=\"caption-attachment-152481\" class=\"size-medium wp-image-152481\" alt=\"Ofrenda 2013\u2026 | Trizas\" src=\"http:\/\/www.diarioimagen.net\/wp-content\/uploads\/2013\/11\/ofrenda-2013-trizas-2220-240x190.jpg\" width=\"240\" height=\"190\" srcset=\"https:\/\/www.diarioimagen.net\/wp-content\/uploads\/2013\/11\/ofrenda-2013-trizas-2220-240x190.jpg 240w, https:\/\/www.diarioimagen.net\/wp-content\/uploads\/2013\/11\/ofrenda-2013-trizas-2220-420x334.jpg 420w, https:\/\/www.diarioimagen.net\/wp-content\/uploads\/2013\/11\/ofrenda-2013-trizas-2220.jpg 700w\" sizes=\"auto, (max-width: 240px) 100vw, 240px\" \/><\/a><p id=\"caption-attachment-152481\" class=\"wp-caption-text\">Ofrenda 2013\u2026 | Trizas<\/p><\/div>\n<p>El gobernador de Tlaxcala, Mariano Gonz\u00e1lez Zarur, no le dio ayer ninguna concesi\u00f3n a los panistas:<\/p>\n<p>\u201c\u00a1En 12 a\u00f1os en el gobierno no aprendieron nada\u2026!\u201d, solt\u00f3.<\/p>\n<p>Hablaba evidentemente de la decisi\u00f3n de los blanquiazules de salirse del pleno en el Senado de la Rep\u00fablica dentro de un mal c\u00e1lculo para boicotear la aprobaci\u00f3n de la miscel\u00e1nea fiscal.<\/p>\n<p>Mariano sugiri\u00f3 que los senadores panistas creyeron que los perredistas los seguir\u00edan, pero se equivocaron. Al final su ausencia de la votaci\u00f3n final de ese instrumento fiscal no les report\u00f3 ning\u00fan beneficio y s\u00ed ganaron el rid\u00edculo de la clase pol\u00edtica.<\/p>\n<p>El gobernador le hablaba ayer a la c\u00fapula pri\u00edsta que estaba en casa y en familia. El d\u00eda era espl\u00e9ndido y el sol, at\u00edpico a fines de octubre, calentaba fuerte.<\/p>\n<p>Momentos antes Mariano lleg\u00f3 del brazo de C\u00e9sar Camacho y de la secretaria general del CEN del PRI, la ex gobernadora de Yucat\u00e1n, Ivonne Ortega Pacheco.<\/p>\n<p>Al grupo se uni\u00f3 Beatriz Pag\u00e9s. Todos charlaban de algo intrascendente pero pronto fueron rodeados, asediados, reclamados por decenas de otros pri\u00edstas que \u00a0ya disfrutaban del altar de muertos que fue colocado ah\u00ed por artesanos tlaxcaltecas en la explanada central de la sede nacional del tricolor.<\/p>\n<p>Ah\u00ed estaban todos los secretarios del CEN tricolor y una amalgama de militantes entre los que destacaban el experimentado Salom\u00f3n Faz S\u00e1nchez, el ex gobernador nayarita Celso Delgado o el ex mandatario quintanarroense Joaqu\u00edn Hendrix, la maestra Martha Sol\u00eds y el eterno dirigente capitalino Jorge Chaffino.<\/p>\n<p>A todos ellos Gonz\u00e1lez Zarur les record\u00f3 que junto con otros de quienes estaban ah\u00ed y que formaron parte de las legislaturas entre el 2000 y el 2010, como diputados y senadores, les aprobaron a los presidentes panistas Vicente Fox y Felipe Calder\u00f3n aumentos al IVA y la aplicaci\u00f3n de otros muchos impuestos.<\/p>\n<p>Esas alzas y modificaciones tributarias fueron producto de negociaciones y acuerdos partidarios, indic\u00f3. Y el PRI y sus legisladores siempre los respetaron.<\/p>\n<p>\u00bfPero qu\u00e9 ocurri\u00f3 ahora? \u00a0Que los panistas simplemente no honraron su palabra y jugaron las contras al gobierno del presidente Enrique Pe\u00f1a Nieto.<\/p>\n<p>\u201c!No aprendieron!\u201d, insisti\u00f3 el gobernador de Tlaxcala.<\/p>\n<p>En corto Mariano comenta que el c\u00e1lculo de los panistas era el de da\u00f1ar a Pe\u00f1a Nieto pensando que no iba a poder reponerse. Pero se olvidaron que los gobernadores pri\u00edstas no lo van a dejar solo.<\/p>\n<p align=\"center\">\u00a0<b>\u00bfDECISI\u00d3N TOMADA?<\/b><\/p>\n<p>Ayer el IFE como muchos lo advirtieron y temieron, finalmente qued\u00f3 con apenas 4 consejeros, quienes ante la incertidumbre y la disminuci\u00f3n decidieron crear una presidencia rotativa mensual.<\/p>\n<p>El primer presidente mensual es Benito Nacif y mientras que los otros tres, Mar\u00eda Marv\u00e1n, Lorenzo C\u00f3rdova Vianello y Marco Antonio Ba\u00f1os se enfrentar\u00e1n a una carga de trabajo que debiera repartirse entre 9 consejeros.<\/p>\n<p>Los que quedaron tienen enfrente y fuera de su decisi\u00f3n, una reforma pol\u00edtica en curso que les advierte que antes de que concluya este a\u00f1o podr\u00edan pasar a formar parte de una RENATA\u00a0 (Reserva Nacional de Talentos) insospechada.<\/p>\n<p>Esa reforma tiene como uno de sus ejes la creaci\u00f3n de un Instituto Nacional Electoral que se encargar\u00eda de planear, preparar, operar y conducir los comicios en todo el pa\u00eds adem\u00e1s de realizar consultas ciudadanas.<\/p>\n<p>La creaci\u00f3n de este nuevo organismo derivar\u00eda en la desaparici\u00f3n del IFE y el despido de todo su personal, incluidos los 4 consejeros que quedan luego de que a otros cuatro se les termin\u00f3 su encargo, y uno m\u00e1s renunci\u00f3 a principios de este a\u00f1o.<\/p>\n<p>Los cuatro consejeros y el resto del personal del IFE no son los \u00fanicos que viven en la incertidumbre ya que la creaci\u00f3n del INE provocar\u00eda tambi\u00e9n la desaparici\u00f3n de los 32 institutos electorales estatales con el evidente despido de quienes los integran.<\/p>\n<p>Pero eso no es todo: esta decisi\u00f3n va vinculada a la creaci\u00f3n de un Tribunal Nacional Electoral y eso significa que tambi\u00e9n desaparecer\u00edan los tribunales electorales locales.<\/p>\n<p>Esta perspectiva comienza a plantear una serie de cuestionamientos y problemas, pues la creaci\u00f3n de un INE y un TRINAE obligar\u00eda a reformar oootra vez la Constituci\u00f3n General de la Rep\u00fablica y las de cada uno de los 31 estados y as\u00ed como una serie de reformas en el DF.<\/p>\n<p>Hay involucrados no s\u00f3lo miles de plazas de empleados y presupuestos multimillonarios, sino inmuebles, equipos y veh\u00edculos que deber\u00e1n ser utilizados para otros fines.<\/p>\n<p>Pero sobre todo esta reforma plantea un reto enorme: el de tener que crear un nuevo organismo con una nueva plantilla de consejeros, un grupo de empleados y nuevas reglas que deber\u00e1n estar operando a m\u00e1s tardar a mediados del a\u00f1o que entra a fin de preparar los comicios en los que se renovar\u00e1 la C\u00e1mara de Diputados federal (500 curules), as\u00ed como 9 gubernaturas, unos 15 congresos locales y centenares de alcald\u00edas en 20 estados del pa\u00eds, todo eso a mediados de 2015.<\/p>\n<p align=\"center\">\u00a0<b>PATALEO<\/b><\/p>\n<p>Pero el verdadero problema respecto de la creaci\u00f3n del Instituto Nacional Electoral y del Tribunal Nacional Electoral no s\u00f3lo es lo se\u00f1alado anteriormente, sino que significar\u00eda un evidente atropello a la soberan\u00eda de los estados y sin duda una agresi\u00f3n al poder de los gobernadores.<\/p>\n<p>Es por eso que quiz\u00e1 un 90 por ciento de quienes integran la Conferencia Nacional de Gobernadores, la CONAGO, han expresado su oposici\u00f3n a la creaci\u00f3n del INE y del TRINAE y han comenzado a debatir hoy internamente los alcances de esta reforma.<\/p>\n<p>Ni qu\u00e9 decir que de ese debate se ha derivado una oposici\u00f3n que ya fue hecha p\u00fablica esta semana por el gobernador del Estado de M\u00e9xico, Eruviel \u00c1vila.<\/p>\n<p>Otros, muy pocos, est\u00e1n de acuerdo en que \u00a0desaparezcan sus institutos y tribunales locales electorales.<\/p>\n<p>Y hay incluso algunos que creen que esta reforma debiera incluir a las comisiones estatales de derechos humanos.<\/p>\n<p>Todos eso, dicen, deber\u00eda quedar concentrado en una sola instituci\u00f3n nacional que opere desde el Distrito Federal. As\u00ed se subsanar\u00eda una persistente realidad: que cada conflicto electoral o de derechos humanos termine por ser resuelto por el Trife y la CNDH.<\/p>\n<p>Pero los gobernadores que est\u00e1n en contra, que son los m\u00e1s, no est\u00e1n dispuestos a irse sin presentar batalla. Entre ellos hay de todos los partidos: PRI, PAN y PRD dicen. Van a enviar a sus diputados y senadores a oponerse, a empantanar la reforma, a echar atr\u00e1s\u00a0 lo del INE.<\/p>\n<p>Ya veremos en qu\u00e9 termina esta rebeli\u00f3n, pues por el otro lado el presidente Enrique Pe\u00f1a Nieto ya comprometi\u00f3 su decisi\u00f3n en la mesa del Pacto por M\u00e9xico para que ese asunto salga antes de que se inicie la discusi\u00f3n de la reforma energ\u00e9tica.<\/p>\n<p>Y eso es lo que sigue en la pr\u00f3xima semana una vez que se haya resuelto lo de la reforma hacendaria.<\/p>\n<p align=\"center\">\u00a0<b>EL PRMER A\u00d1O<\/b><\/p>\n<p>Ni qu\u00e9 decir que todo lo anterior se encuadra en los preparativos para la celebraci\u00f3n que se dar\u00e1 exactamente en un mes, el primero de diciembre, cuando se cumpla el primer a\u00f1o de gobierno de Enrique Pe\u00f1a Nieto.<\/p>\n<p>A partir de ese d\u00eda habr\u00e1 una serie de actos para presentar el primer gran corte de caja, en el que se mostrar\u00e1 a todos los mexicanos los logros del mexiquense, que no son pocos a pesar de que tambi\u00e9n persisten graves problemas.<\/p>\n<p>Inversiones extranjeras multimillonarias, listado de nuevos programas, los primeros cumplimientos de los compromisos de campa\u00f1a, esos que firm\u00f3 ante cientos de miles de mexicanos as\u00ed como las campa\u00f1as centrales como la batalla contra el hambre formar\u00e1n parte de esa primer gran evaluaci\u00f3n nacional.<\/p>\n<p>La fiesta ser\u00e1 grande. Y es apenas la primera fase del ingreso a los cinco a\u00f1os que faltan.<\/p>\n<p>Dentro de un mes, el primero de diciembre el presidente Enrique Pe\u00f1a Nieto cumplir\u00e1 su primer a\u00f1o de gobierno.<\/p>\n<p>La primera real gran evaluaci\u00f3n de su mandato y la proyecci\u00f3n de lo que le queda en los 5 a\u00f1os siguientes.<\/p>\n<p><em><a href=\"mailto:rvizcaino@gmail.com\" target=\"_blank\">rvizcaino@gmail.com<\/a><\/em><\/p>\n","protected":false},"excerpt":{"rendered":"<p><span style=\"color: #005497;\"><strong>Roberto Vizca\u00edno<\/strong><\/span><br \/>\n<br \/>\nEl gobernador de Tlaxcala, Mariano Gonz\u00e1lez Zarur, no le dio ayer ninguna concesi\u00f3n a los panistas: \u201c\u00a1En 12 a\u00f1os en el gobierno no aprendieron nada\u2026!\u201d, solt\u00f3.<\/p>\n","protected":false},"author":3,"featured_media":152481,"comment_status":"open","ping_status":"open","sticky":false,"template":"","format":"standard","meta":{"_monsterinsights_skip_tracking":false,"_monsterinsights_sitenote_active":false,"_monsterinsights_sitenote_note":"","_monsterinsights_sitenote_category":0,"footnotes":""},"categories":[136],"tags":[43674,93,94],"class_list":["post-152419","post","type-post","status-publish","format-standard","has-post-thumbnail","hentry","category-roberto-vizcaino-opinion","tag-opinion","tag-roberto-vizcaino","tag-tras-la-puerta-del-poder"],"_links":{"self":[{"href":"https:\/\/www.diarioimagen.net\/index.php?rest_route=\/wp\/v2\/posts\/152419","targetHints":{"allow":["GET"]}}],"collection":[{"href":"https:\/\/www.diarioimagen.net\/index.php?rest_route=\/wp\/v2\/posts"}],"about":[{"href":"https:\/\/www.diarioimagen.net\/index.php?rest_route=\/wp\/v2\/types\/post"}],"author":[{"embeddable":true,"href":"https:\/\/www.diarioimagen.net\/index.php?rest_route=\/wp\/v2\/users\/3"}],"replies":[{"embeddable":true,"href":"https:\/\/www.diarioimagen.net\/index.php?rest_route=%2Fwp%2Fv2%2Fcomments&post=152419"}],"version-history":[{"count":0,"href":"https:\/\/www.diarioimagen.net\/index.php?rest_route=\/wp\/v2\/posts\/152419\/revisions"}],"wp:featuredmedia":[{"embeddable":true,"href":"https:\/\/www.diarioimagen.net\/index.php?rest_route=\/wp\/v2\/media\/152481"}],"wp:attachment":[{"href":"https:\/\/www.diarioimagen.net\/index.php?rest_route=%2Fwp%2Fv2%2Fmedia&parent=152419"}],"wp:term":[{"taxonomy":"category","embeddable":true,"href":"https:\/\/www.diarioimagen.net\/index.php?rest_route=%2Fwp%2Fv2%2Fcategories&post=152419"},{"taxonomy":"post_tag","embeddable":true,"href":"https:\/\/www.diarioimagen.net\/index.php?rest_route=%2Fwp%2Fv2%2Ftags&post=152419"}],"curies":[{"name":"wp","href":"https:\/\/api.w.org\/{rel}","templated":true}]}}