{"id":152421,"date":"2013-11-01T00:06:38","date_gmt":"2013-11-01T06:06:38","guid":{"rendered":"http:\/\/www.diarioimagen.net\/?p=152421"},"modified":"2013-11-04T03:06:56","modified_gmt":"2013-11-04T09:06:56","slug":"galardon-a-las-garantias-individuales","status":"publish","type":"post","link":"https:\/\/www.diarioimagen.net\/?p=152421","title":{"rendered":"Galard\u00f3n a las garant\u00edas individuales"},"content":{"rendered":"<h2>\u00cdndice pol\u00edtico<\/h2>\n<h5>Francisco Rodr\u00edguez<\/h5>\n<p><span><br \/>\nHace unos d\u00edas venci\u00f3 el plazo para proponer candidatos al Premio Nacional de Derechos Humanos 2013, premio que en ceremonia especial entregar\u00e1 el Presidente de la Rep\u00fablica \u2014recu\u00e9rdese que la CNDH es un \u00f3rgano oficioso, no aut\u00f3nomo\u2014 a quien resulte el afortunado ganador.<\/span><\/p>\n<p>Pero, \u00a1cuidado!, un integrante del jurado calificador \u2014y el \u00fanico que se ha publicitado como tal, hasta ahora\u2014 podr\u00eda sesgar la premiaci\u00f3n hacia los intereses clericales que representa.<\/p>\n<p>Se trata del controvertido presidente de la Comisi\u00f3n Estatal de los Derechos Humanos de Veracruz, Luis Fernando Perera Escamilla, quien, de acuerdo a la prensa de esa entidad, debe su nombramiento al \u201csanto dedazo del arzobispo Hip\u00f3lito Reyes\u201d, cual pago por haber sido defensor del sacerdote Rafael Mu\u00f1iz L\u00f3pez, conocido en las redes de pornograf\u00eda infantil como \u201cLobo Siberiano\u201d, delito del que es presunto responsable.<\/p>\n<p>Gracias a los oficios de Perera Escamilla, el cura fue puesto en libertad pocos meses despu\u00e9s de haber sido encarcelado.<\/p>\n<p>Previo a su nombramiento en 2011, el presidente de la Comisi\u00f3n de Derechos Humanos y Atenci\u00f3n a Grupos Vulnerables de la Legislatura veracruzana, Armando M\u00e9ndez de la Luz, neg\u00f3 que haya recibido presi\u00f3n de la Iglesia cat\u00f3lica para impulsar dentro de la terna al abogado Perera Escamilla. \u201cAbsolutamente no recib\u00ed llamada de nadie ni ninguno de los comisionados\u201d, afirm\u00f3 y rechaz\u00f3 que el haber defendido a un cura acusado de pornograf\u00eda infantil no le exime de poder ocupar dicho cargo.<\/p>\n<p>Pero\u2026 no pocas organizaciones de la sociedad civil, sobremanera aquellas que luchan en contra de fen\u00f3menos como la trata de blancas e infantes no opinan lo mismo.<\/p>\n<p>Perera Escamilla, por lo dem\u00e1s, hizo larga carrera como agente del Ministerio P\u00fablico. Fue su agente en Misantla, en C\u00f3rdoba y en Veracruz.<\/p>\n<p>Y, todo indica, no ha dejado de actuar con la prepotencia de la que, por desgracia, hacen gala infinidad de agentes del MP, ya sea del fuero estatal o federal. Vea usted.<\/p>\n<p>En abril de 2012, Perera Escamilla fue se\u00f1alado en los medios de comunicaci\u00f3n veracruzanos de hostigamiento laboral en contra de Carolina Ram\u00edrez Su\u00e1rez, jefa de la unidad de Enlace de G\u00e9nero de la propia CEDH, por haber denunciado que mujeres veracruzanas que migran a los Estados Unidos son prostituidas por tratantes de blancas que operan en la entidad. Antes que apoyar la denuncia, el titular de los Derechos Humanos releg\u00f3 en sus labores a la denunciante\u2026 tal vez por afectar intereses de los que es part\u00edcipe. Tal no es todo lo que se sabe de tan controvertido personaje.<\/p>\n<p>A mi buz\u00f3n de correo electr\u00f3nico ha llegado un informe de una dama a quien conozco por su rectitud que me narra: Perera Escamilla \u201cllega a trabajar con aliento alcoh\u00f3lico 2 o 3 veces por semana\u201d. Trata a su personal con vulgaridades y groser\u00edas. \u201cEl a\u00f1o pasado, su secretaria auxiliar, Mariana D\u00edaz, estuvo internada una semana en el hospital civil por estr\u00e9s agudo.<\/p>\n<p>\u201cSus dos choferes, despu\u00e9s de estar perfectamente sanos antes que \u00e9l llegara, ahora tienen que tomar medicamentos para la presi\u00f3n alta, enfermedad que se les desarroll\u00f3 a los pocos meses de trabajar con Perera Escamilla.<\/p>\n<p>\u201cEn sus dos primeros a\u00f1os dejaron de laborar en la CEDH seis mujeres por presiones y groser\u00edas que les profiri\u00f3. \u201cEstamos de acuerdo en que habr\u00e1 muchos funcionarios as\u00ed, pero este ex agente del MP, sigue siendo MP, creo que es quien menos debiera ocupar el cargo de defensor de los derechos humanos en la entidad, y por supuesto no ser jurado del premio de la CNDH\u201d.<\/p>\n<p>\u201cTodo lo que te digo es verdad, el tipo es un grosero, vulgar, de lo anterior yo he sido testigo, hay otras cosas de las que he tenido conocimiento, pero no he sido testigo, aunque no dudo de que haya sido como me lo relataron, pero son vulgaridades, como que completamente borracho se orin\u00f3 a media calle en Veracruz y que estuvo en un restaurante manoseando a su acompa\u00f1ante\u2026\u201d.<\/p>\n<p>\u00bfQu\u00e9 le parece este integrante de su jurado, se\u00f1or Ra\u00fal Plascencia?<\/p>\n<p>De continuar Perera Escamilla como integrante del \u00f3rgano premiador, \u00bfqu\u00e9 clase de presea va a entregar la CNDH?<\/p>\n<p><strong><em>\u00cdndice Flam\u00edgero:<\/em><\/strong>\u00a0 M\u00e9xico se someter\u00e1 al examen peri\u00f3dico universal (EPU) ante el Consejo de Derechos Humanos de las Naciones Unidas, en el que deber\u00e1 rendir cuentas sobre las observaciones que han hecho en la materia organismos de la ONU, organizaciones de la sociedad civil y otros pa\u00edses.<\/p>\n<p><em><a href=\"http:\/\/www.indicepolitico.com\/\" target=\"_blank\"><em>www.indicepolitico.com<\/em><\/a><br \/>\n<\/em><em><a href=\"mailto:pacorodriguez@journalist.com\" target=\"_blank\">pacorodriguez@journalist.com<\/a><\/em><\/p>\n","protected":false},"excerpt":{"rendered":"<p><span style=\"color: #005497;\"><strong>Francisco Rodr\u00edguez<\/strong><\/span><\/p>\n","protected":false},"author":3,"featured_media":0,"comment_status":"open","ping_status":"open","sticky":false,"template":"","format":"standard","meta":{"_monsterinsights_skip_tracking":false,"_monsterinsights_sitenote_active":false,"_monsterinsights_sitenote_note":"","_monsterinsights_sitenote_category":0,"footnotes":""},"categories":[549],"tags":[43689,550,43674],"class_list":["post-152421","post","type-post","status-publish","format-standard","hentry","category-francisco-rodriguez","tag-francisco-rodriguez","tag-indice-politico","tag-opinion"],"_links":{"self":[{"href":"https:\/\/www.diarioimagen.net\/index.php?rest_route=\/wp\/v2\/posts\/152421","targetHints":{"allow":["GET"]}}],"collection":[{"href":"https:\/\/www.diarioimagen.net\/index.php?rest_route=\/wp\/v2\/posts"}],"about":[{"href":"https:\/\/www.diarioimagen.net\/index.php?rest_route=\/wp\/v2\/types\/post"}],"author":[{"embeddable":true,"href":"https:\/\/www.diarioimagen.net\/index.php?rest_route=\/wp\/v2\/users\/3"}],"replies":[{"embeddable":true,"href":"https:\/\/www.diarioimagen.net\/index.php?rest_route=%2Fwp%2Fv2%2Fcomments&post=152421"}],"version-history":[{"count":0,"href":"https:\/\/www.diarioimagen.net\/index.php?rest_route=\/wp\/v2\/posts\/152421\/revisions"}],"wp:attachment":[{"href":"https:\/\/www.diarioimagen.net\/index.php?rest_route=%2Fwp%2Fv2%2Fmedia&parent=152421"}],"wp:term":[{"taxonomy":"category","embeddable":true,"href":"https:\/\/www.diarioimagen.net\/index.php?rest_route=%2Fwp%2Fv2%2Fcategories&post=152421"},{"taxonomy":"post_tag","embeddable":true,"href":"https:\/\/www.diarioimagen.net\/index.php?rest_route=%2Fwp%2Fv2%2Ftags&post=152421"}],"curies":[{"name":"wp","href":"https:\/\/api.w.org\/{rel}","templated":true}]}}