{"id":152423,"date":"2013-11-01T00:07:21","date_gmt":"2013-11-01T06:07:21","guid":{"rendered":"http:\/\/www.diarioimagen.net\/?p=152423"},"modified":"2013-11-01T02:34:40","modified_gmt":"2013-11-01T08:34:40","slug":"mancera-se-reunio-con-los-alcaldes-de-moscu-y-helsinki","status":"publish","type":"post","link":"https:\/\/www.diarioimagen.net\/?p=152423","title":{"rendered":"Mancera se reuni\u00f3 con los alcaldes de Mosc\u00fa y Helsinki"},"content":{"rendered":"<ul>\n<li><strong><em>Coinciden en que es fundamental para un desarrollo ordenado contar con sistemas de control de tr\u00e1nsito e infraestructura<\/em><\/strong><\/li>\n<\/ul>\n<div id=\"attachment_152522\" style=\"width: 250px\" class=\"wp-caption alignleft\"><a href=\"http:\/\/www.diarioimagen.net\/wp-content\/uploads\/2013\/11\/mancera-2220.jpg\"><img loading=\"lazy\" decoding=\"async\" aria-describedby=\"caption-attachment-152522\" class=\"size-medium wp-image-152522\" alt=\"Miguel \u00c1ngel Mancera, jefe del GDF, se reuni\u00f3 con los alcaldes de Mosc\u00fa y Helsinki.\" src=\"http:\/\/www.diarioimagen.net\/wp-content\/uploads\/2013\/11\/mancera-2220-240x135.jpg\" width=\"240\" height=\"135\" srcset=\"https:\/\/www.diarioimagen.net\/wp-content\/uploads\/2013\/11\/mancera-2220-240x135.jpg 240w, https:\/\/www.diarioimagen.net\/wp-content\/uploads\/2013\/11\/mancera-2220-420x236.jpg 420w, https:\/\/www.diarioimagen.net\/wp-content\/uploads\/2013\/11\/mancera-2220-235x132.jpg 235w, https:\/\/www.diarioimagen.net\/wp-content\/uploads\/2013\/11\/mancera-2220-202x114.jpg 202w, https:\/\/www.diarioimagen.net\/wp-content\/uploads\/2013\/11\/mancera-2220-350x196.jpg 350w, https:\/\/www.diarioimagen.net\/wp-content\/uploads\/2013\/11\/mancera-2220-220x123.jpg 220w, https:\/\/www.diarioimagen.net\/wp-content\/uploads\/2013\/11\/mancera-2220-237x132.jpg 237w, https:\/\/www.diarioimagen.net\/wp-content\/uploads\/2013\/11\/mancera-2220.jpg 480w\" sizes=\"auto, (max-width: 240px) 100vw, 240px\" \/><\/a><p id=\"caption-attachment-152522\" class=\"wp-caption-text\">Miguel \u00c1ngel Mancera, jefe del GDF, se reuni\u00f3 con los alcaldes de Mosc\u00fa y Helsinki.<\/p><\/div>\n<p>El jefe de gobierno del Distrito Federal, Miguel \u00c1ngel Mancera Espinosa, se reuni\u00f3 ayer con los alcaldes de Mosc\u00fa, Sergei Sobyanin, y de Helsinki, Finlandia, Jussi Ilmari Pajunen, durante la gira de trabajo que realiza en Rusia.<\/p>\n<p>Los funcionarios hablaron de los principales problemas que enfrentan las ciudades que gobiernan y coincidieron en temas de inter\u00e9s mutuo como movilidad, sistemas de control de tr\u00e1nsito e infraestructura de las urbes, fundamentales para un desarrollo ordenado.<\/p>\n<p>En el encuentro, que tuvo una duraci\u00f3n de dos horas en la sede de la alcald\u00eda de Mosc\u00fa, se\u00f1alaron que es importante para las ciudades, la recuperaci\u00f3n de los espacios p\u00fablicos y se comprometieron a dise\u00f1ar estrategias conjuntas.<\/p>\n<p>El alcalde de Mosc\u00fa, Sergei Sobyanin, se refiri\u00f3 a la necesidad de aumentar el servicio del transporte p\u00fablico e inhibir el uso del autom\u00f3vil particular, ya que actualmente en su ciudad transitan seis millones de autos. Manifest\u00f3 su inter\u00e9s por conocer el sistema de tarjetas de transporte que\u00a0existe en la ciudad de M\u00e9xico, pues facilita el uso del mismo a la ciudadan\u00eda.<\/p>\n<p>Los alcaldes de Helsinki y Mosc\u00fa comentaron que en sus ciudades se destina m\u00e1s del 50 por ciento de su presupuesto a programas sociales y reconocieron la experiencia de la ciudad de M\u00e9xico en este tema.<\/p>\n<p>Tambi\u00e9n coincidieron en la importancia de delinear pol\u00edticas ambientales donde la sustentabilidad sea el eje fundamental. Al respecto, el jefe de gobierno habl\u00f3 de diversos programas y proyectos que contribuyen al tratamiento de residuos s\u00f3lidos y a pol\u00edticas ambientales.<\/p>\n<p>Al t\u00e9rmino de la reuni\u00f3n, Miguel \u00c1ngel Mancera Espinosa y el alcalde de Mosc\u00fa se comprometieron a mantener contacto permanente para fortalecer la relaci\u00f3n entre ambas ciudades, con el fin de celebrar convenios de colaboraci\u00f3n que se concretar\u00e1n en acuerdos durante la pr\u00f3xima visita que har\u00e1n las autoridades de Mosc\u00fa a la ciudad de M\u00e9xico, cuya fecha ser\u00e1 definida posteriormente.<\/p>\n<p>Por su parte, el alcalde Jussi Ilmari Pajunen invit\u00f3 a Miguel \u00c1ngel Mancera a visitar Helsinki, considerada la ciudad m\u00e1s grande de Finlandia, con el fin de continuar con el intercambio de informaci\u00f3n y de colaboraci\u00f3n com\u00fan.<\/p>\n<p align=\"center\"><b>ASISTE A LA INAUGURACI\u00d3N DEL FORO<\/b><\/p>\n<p>Antes, Miguel \u00c1ngel Mancera asisti\u00f3 a la inauguraci\u00f3n del Foro Open Innovations, donde el primer ministro ruso, Dmitri Medv\u00e9dev y el jefe de gobierno franc\u00e9s, Jean-Marc Ayrault, estuvieron presentes.<\/p>\n<p>Adem\u00e1s, participar\u00e1 como ponente en el panel \u201cEnding the Gridlock: Solving Traffic Problems\u201d, donde hablar\u00e1 sobre las pol\u00edticas p\u00fablicas aplicadas en la ciudad de M\u00e9xico en esta materia e intercambiar\u00e1 puntos de vista con autoridades y especialistas de otras naciones.<\/p>\n<p>&nbsp;<\/p>\n","protected":false},"excerpt":{"rendered":"<p>El jefe de gobierno del Distrito Federal, Miguel \u00c1ngel Mancera Espinosa, se reuni\u00f3 ayer con los alcaldes de Mosc\u00fa, Sergei Sobyanin, y de Helsinki, Finlandia, Jussi Ilmari Pajunen, durante la gira de trabajo que realiza en Rusia.<\/p>\n","protected":false},"author":3,"featured_media":152522,"comment_status":"open","ping_status":"open","sticky":false,"template":"","format":"standard","meta":{"_monsterinsights_skip_tracking":false,"_monsterinsights_sitenote_active":false,"_monsterinsights_sitenote_note":"","_monsterinsights_sitenote_category":0,"footnotes":""},"categories":[6],"tags":[204,5314,942,22371],"class_list":["post-152423","post","type-post","status-publish","format-standard","has-post-thumbnail","hentry","category-cd-de-mexico","tag-ciudad-de-mexico","tag-miguel-angel-mancera-espinosa","tag-nueva-york","tag-reunion"],"_links":{"self":[{"href":"https:\/\/www.diarioimagen.net\/index.php?rest_route=\/wp\/v2\/posts\/152423","targetHints":{"allow":["GET"]}}],"collection":[{"href":"https:\/\/www.diarioimagen.net\/index.php?rest_route=\/wp\/v2\/posts"}],"about":[{"href":"https:\/\/www.diarioimagen.net\/index.php?rest_route=\/wp\/v2\/types\/post"}],"author":[{"embeddable":true,"href":"https:\/\/www.diarioimagen.net\/index.php?rest_route=\/wp\/v2\/users\/3"}],"replies":[{"embeddable":true,"href":"https:\/\/www.diarioimagen.net\/index.php?rest_route=%2Fwp%2Fv2%2Fcomments&post=152423"}],"version-history":[{"count":0,"href":"https:\/\/www.diarioimagen.net\/index.php?rest_route=\/wp\/v2\/posts\/152423\/revisions"}],"wp:featuredmedia":[{"embeddable":true,"href":"https:\/\/www.diarioimagen.net\/index.php?rest_route=\/wp\/v2\/media\/152522"}],"wp:attachment":[{"href":"https:\/\/www.diarioimagen.net\/index.php?rest_route=%2Fwp%2Fv2%2Fmedia&parent=152423"}],"wp:term":[{"taxonomy":"category","embeddable":true,"href":"https:\/\/www.diarioimagen.net\/index.php?rest_route=%2Fwp%2Fv2%2Fcategories&post=152423"},{"taxonomy":"post_tag","embeddable":true,"href":"https:\/\/www.diarioimagen.net\/index.php?rest_route=%2Fwp%2Fv2%2Ftags&post=152423"}],"curies":[{"name":"wp","href":"https:\/\/api.w.org\/{rel}","templated":true}]}}