{"id":152430,"date":"2013-11-01T00:09:13","date_gmt":"2013-11-01T06:09:13","guid":{"rendered":"http:\/\/www.diarioimagen.net\/?p=152430"},"modified":"2013-11-01T02:31:05","modified_gmt":"2013-11-01T08:31:05","slug":"aumento-6-2-el-credito-a-empresas-en-septiembre","status":"publish","type":"post","link":"https:\/\/www.diarioimagen.net\/?p=152430","title":{"rendered":"Aument\u00f3 6.2% el cr\u00e9dito a empresas en septiembre"},"content":{"rendered":"<ul>\n<li><strong><em>Otorgado por la banca: Banxico<\/em><\/strong><\/li>\n<\/ul>\n<div id=\"attachment_152469\" style=\"width: 250px\" class=\"wp-caption alignleft\"><a href=\"http:\/\/www.diarioimagen.net\/wp-content\/uploads\/2013\/11\/banxico-2220.jpg\"><img loading=\"lazy\" decoding=\"async\" aria-describedby=\"caption-attachment-152469\" class=\"size-medium wp-image-152469\" alt=\"El Banco de M\u00e9xico inform\u00f3 que en septiembre el \u00edndice anual de cr\u00e9dito de la banca comercial aument\u00f3.\" src=\"http:\/\/www.diarioimagen.net\/wp-content\/uploads\/2013\/11\/banxico-2220-240x135.jpg\" width=\"240\" height=\"135\" srcset=\"https:\/\/www.diarioimagen.net\/wp-content\/uploads\/2013\/11\/banxico-2220-240x135.jpg 240w, https:\/\/www.diarioimagen.net\/wp-content\/uploads\/2013\/11\/banxico-2220-420x236.jpg 420w, https:\/\/www.diarioimagen.net\/wp-content\/uploads\/2013\/11\/banxico-2220-235x132.jpg 235w, https:\/\/www.diarioimagen.net\/wp-content\/uploads\/2013\/11\/banxico-2220-202x114.jpg 202w, https:\/\/www.diarioimagen.net\/wp-content\/uploads\/2013\/11\/banxico-2220-350x196.jpg 350w, https:\/\/www.diarioimagen.net\/wp-content\/uploads\/2013\/11\/banxico-2220-220x123.jpg 220w, https:\/\/www.diarioimagen.net\/wp-content\/uploads\/2013\/11\/banxico-2220-237x132.jpg 237w, https:\/\/www.diarioimagen.net\/wp-content\/uploads\/2013\/11\/banxico-2220.jpg 480w\" sizes=\"auto, (max-width: 240px) 100vw, 240px\" \/><\/a><p id=\"caption-attachment-152469\" class=\"wp-caption-text\">El Banco de M\u00e9xico inform\u00f3 que en septiembre el \u00edndice anual de cr\u00e9dito de la banca comercial aument\u00f3.<\/p><\/div>\n<p>En septiembre pasado, el saldo de la cartera de cr\u00e9dito vigente de la banca comercial en el pa\u00eds continu\u00f3 con su tendencia positiva, al reportar un crecimiento real anual de 6.2 por ciento, impulsado por una mayor expansi\u00f3n del cr\u00e9dito a empresas y personas f\u00edsicas con actividad empresarial.<\/p>\n<p>En su reporte de Agregados Monetarios y Actividad Financiera del noveno mes del a\u00f1o, el Banco de M\u00e9xico (Banxico) informa que en dicho periodo el saldo de esta cartera crediticia vigente ascendi\u00f3 a 2 billones 426.7 mil millones de pesos.<\/p>\n<p>De la cartera total reportada en septiembre, 636.8 mil millones de pesos fueron destinados al consumo, el cual mostr\u00f3 un aumento de 9.5 por ciento real anual, mientras que el saldo del cr\u00e9dito a la vivienda fue de 461.9 mil millones de pesos, lo que signific\u00f3 un avance de 4.4 por ciento respecto a igual mes del a\u00f1o pasado.<\/p>\n<p>Por su parte, el cr\u00e9dito a empresas no financieras y personas f\u00edsicas con actividad empresarial, report\u00f3 un saldo de un bill\u00f3n 224.7 mil millones de pesos, lo que signific\u00f3 un incremento de 4.4 por ciento.<\/p>\n<p>Asimismo, el saldo del cr\u00e9dito otorgado a intermediarios financieros no bancarios, se ubic\u00f3 en 103.4 mil millones de pesos, registrando una variaci\u00f3n de 18.7 por ciento.<\/p>\n","protected":false},"excerpt":{"rendered":"<p>En septiembre pasado, el saldo de la cartera de cr\u00e9dito vigente de la banca comercial en el pa\u00eds continu\u00f3 con su tendencia positiva, al reportar un crecimiento real anual de 6.2 por ciento, impulsado por una mayor expansi\u00f3n del cr\u00e9dito a empresas y personas f\u00edsicas con actividad empresarial.<\/p>\n","protected":false},"author":3,"featured_media":152469,"comment_status":"open","ping_status":"open","sticky":false,"template":"","format":"standard","meta":{"_monsterinsights_skip_tracking":false,"_monsterinsights_sitenote_active":false,"_monsterinsights_sitenote_note":"","_monsterinsights_sitenote_category":0,"footnotes":""},"categories":[3],"tags":[1519,43673],"class_list":["post-152430","post","type-post","status-publish","format-standard","has-post-thumbnail","hentry","category-nacional","tag-banxico","tag-nacional"],"_links":{"self":[{"href":"https:\/\/www.diarioimagen.net\/index.php?rest_route=\/wp\/v2\/posts\/152430","targetHints":{"allow":["GET"]}}],"collection":[{"href":"https:\/\/www.diarioimagen.net\/index.php?rest_route=\/wp\/v2\/posts"}],"about":[{"href":"https:\/\/www.diarioimagen.net\/index.php?rest_route=\/wp\/v2\/types\/post"}],"author":[{"embeddable":true,"href":"https:\/\/www.diarioimagen.net\/index.php?rest_route=\/wp\/v2\/users\/3"}],"replies":[{"embeddable":true,"href":"https:\/\/www.diarioimagen.net\/index.php?rest_route=%2Fwp%2Fv2%2Fcomments&post=152430"}],"version-history":[{"count":0,"href":"https:\/\/www.diarioimagen.net\/index.php?rest_route=\/wp\/v2\/posts\/152430\/revisions"}],"wp:featuredmedia":[{"embeddable":true,"href":"https:\/\/www.diarioimagen.net\/index.php?rest_route=\/wp\/v2\/media\/152469"}],"wp:attachment":[{"href":"https:\/\/www.diarioimagen.net\/index.php?rest_route=%2Fwp%2Fv2%2Fmedia&parent=152430"}],"wp:term":[{"taxonomy":"category","embeddable":true,"href":"https:\/\/www.diarioimagen.net\/index.php?rest_route=%2Fwp%2Fv2%2Fcategories&post=152430"},{"taxonomy":"post_tag","embeddable":true,"href":"https:\/\/www.diarioimagen.net\/index.php?rest_route=%2Fwp%2Fv2%2Ftags&post=152430"}],"curies":[{"name":"wp","href":"https:\/\/api.w.org\/{rel}","templated":true}]}}