{"id":152485,"date":"2013-11-01T00:08:32","date_gmt":"2013-11-01T06:08:32","guid":{"rendered":"http:\/\/www.diarioimagen.net\/?p=152485"},"modified":"2013-11-01T02:27:25","modified_gmt":"2013-11-01T08:27:25","slug":"abriran-dos-pozos-para-abastecer-valle-de-mexico","status":"publish","type":"post","link":"https:\/\/www.diarioimagen.net\/?p=152485","title":{"rendered":"Abrir\u00e1n dos pozos para abastecer Valle de M\u00e9xico"},"content":{"rendered":"<ul>\n<li><strong><em>Uno estar\u00e1 ubicado en la Magdalena Mixhuca y el otro en un \u00e1rea que a\u00fan est\u00e1 por determinarse, afirma Felipe Arregu\u00edn<\/em><\/strong><\/li>\n<\/ul>\n<div id=\"attachment_152515\" style=\"width: 250px\" class=\"wp-caption alignleft\"><a href=\"http:\/\/www.diarioimagen.net\/wp-content\/uploads\/2013\/11\/conagua-2220.jpg\"><img loading=\"lazy\" decoding=\"async\" aria-describedby=\"caption-attachment-152515\" class=\"size-medium wp-image-152515\" alt=\"Felipe Arregu\u00edn, subdirector general t\u00e9cnico de la Conagua, al hacer el anuncio.\" src=\"http:\/\/www.diarioimagen.net\/wp-content\/uploads\/2013\/11\/conagua-2220-240x135.jpg\" width=\"240\" height=\"135\" srcset=\"https:\/\/www.diarioimagen.net\/wp-content\/uploads\/2013\/11\/conagua-2220-240x135.jpg 240w, https:\/\/www.diarioimagen.net\/wp-content\/uploads\/2013\/11\/conagua-2220-420x236.jpg 420w, https:\/\/www.diarioimagen.net\/wp-content\/uploads\/2013\/11\/conagua-2220-235x132.jpg 235w, https:\/\/www.diarioimagen.net\/wp-content\/uploads\/2013\/11\/conagua-2220-202x114.jpg 202w, https:\/\/www.diarioimagen.net\/wp-content\/uploads\/2013\/11\/conagua-2220-350x196.jpg 350w, https:\/\/www.diarioimagen.net\/wp-content\/uploads\/2013\/11\/conagua-2220-220x123.jpg 220w, https:\/\/www.diarioimagen.net\/wp-content\/uploads\/2013\/11\/conagua-2220-237x132.jpg 237w, https:\/\/www.diarioimagen.net\/wp-content\/uploads\/2013\/11\/conagua-2220.jpg 480w\" sizes=\"auto, (max-width: 240px) 100vw, 240px\" \/><\/a><p id=\"caption-attachment-152515\" class=\"wp-caption-text\">Felipe Arregu\u00edn, subdirector general t\u00e9cnico de la Conagua, al hacer el anuncio.<\/p><\/div>\n<p>Como parte de la b\u00fasqueda de fuentes alternas de abastecimiento para el Valle de M\u00e9xico, la Comisi\u00f3n Nacional del Agua anuncia que iniciar\u00e1 la perforaci\u00f3n de dos pozos exploratorios.<\/p>\n<p>El subdirector general t\u00e9cnico del organismo, Felipe Arregu\u00edn, explic\u00f3 que una de las perforaciones se llevar\u00e1 a cabo en la zona de la Magdalena Mixhuca, mientras que la segunda se concretar\u00e1 en un sitio a\u00fan por determinar, y con ellas se buscan acu\u00edferos profundos, adicionales al localizado en meses pasados en la delegaci\u00f3n Iztapalapa.<\/p>\n<p>Esos trabajos, detall\u00f3 en un comunicado de la Conagua, son parte de la primera etapa del Programa Exploratorio de Acu\u00edferos Profundos en la Cuenca del valle de M\u00e9xico.<\/p>\n<p>Dicho mecanismo inici\u00f3 en 2010 y durar\u00e1 varios a\u00f1os, a fin de analizar la mayor parte del Valle de M\u00e9xico y definir si existen acu\u00edferos independientes y recargables a los ya existentes.<\/p>\n<p>De acuerdo con Arregu\u00edn Cort\u00e9s, en febrero pasado la Conagua form\u00f3 un grupo de trabajo con representantes de varias dependencias e instituciones acad\u00e9micas y de investigaci\u00f3n para analizar uno de los posibles acu\u00edferos identificados.<\/p>\n<p>Entre ellos sus probables zonas de recarga y descarga natural, la calidad del agua que contiene, su independencia o conexi\u00f3n hidr\u00e1ulica con los acu\u00edferos aprovechados actualmente y la magnitud del volumen que podr\u00eda suministrar sustentablemente.<\/p>\n<p>En este marco, Ram\u00f3n Aguirre, Director del Sistema de Aguas de la Ciudad de M\u00e9xico, se\u00f1al\u00f3 que si de los pozos exploratorios se puede extraer agua de calidad y con mejor rendimiento que los actuales, ser\u00e1n operados para sustituir los que est\u00e9n abatidos, pero con la misma asignaci\u00f3n de agua.<\/p>\n<p>Elena Centeno Garc\u00eda, directora del Instituto de Geolog\u00eda de la Universidad Nacional Aut\u00f3noma de M\u00e9xico, explic\u00f3 que los pozos exploratorios permiten conocer las caracter\u00edsticas del subsuelo y su comportamiento.<\/p>\n<p>Asimismo, adelant\u00f3 que en la segunda etapa del programa de estudio se recopilar\u00e1 la informaci\u00f3n geol\u00f3gica para reinterpretarla e identificar si existen capas impermeables que mantengan aislados a los acu\u00edferos, con lo que se podr\u00eda afirmar que existen fuentes independientes de abastecimiento.<\/p>\n<p>&nbsp;<\/p>\n","protected":false},"excerpt":{"rendered":"<p>Como parte de la b\u00fasqueda de fuentes alternas de abastecimiento para el Valle de M\u00e9xico, la Comisi\u00f3n Nacional del Agua anuncia que iniciar\u00e1 la perforaci\u00f3n de dos pozos exploratorios.<\/p>\n","protected":false},"author":3,"featured_media":152515,"comment_status":"open","ping_status":"open","sticky":false,"template":"","format":"standard","meta":{"_monsterinsights_skip_tracking":false,"_monsterinsights_sitenote_active":false,"_monsterinsights_sitenote_note":"","_monsterinsights_sitenote_category":0,"footnotes":""},"categories":[3],"tags":[43673,2057,34],"class_list":["post-152485","post","type-post","status-publish","format-standard","has-post-thumbnail","hentry","category-nacional","tag-nacional","tag-sistema-de-aguas","tag-valle-de-mexico"],"_links":{"self":[{"href":"https:\/\/www.diarioimagen.net\/index.php?rest_route=\/wp\/v2\/posts\/152485","targetHints":{"allow":["GET"]}}],"collection":[{"href":"https:\/\/www.diarioimagen.net\/index.php?rest_route=\/wp\/v2\/posts"}],"about":[{"href":"https:\/\/www.diarioimagen.net\/index.php?rest_route=\/wp\/v2\/types\/post"}],"author":[{"embeddable":true,"href":"https:\/\/www.diarioimagen.net\/index.php?rest_route=\/wp\/v2\/users\/3"}],"replies":[{"embeddable":true,"href":"https:\/\/www.diarioimagen.net\/index.php?rest_route=%2Fwp%2Fv2%2Fcomments&post=152485"}],"version-history":[{"count":0,"href":"https:\/\/www.diarioimagen.net\/index.php?rest_route=\/wp\/v2\/posts\/152485\/revisions"}],"wp:featuredmedia":[{"embeddable":true,"href":"https:\/\/www.diarioimagen.net\/index.php?rest_route=\/wp\/v2\/media\/152515"}],"wp:attachment":[{"href":"https:\/\/www.diarioimagen.net\/index.php?rest_route=%2Fwp%2Fv2%2Fmedia&parent=152485"}],"wp:term":[{"taxonomy":"category","embeddable":true,"href":"https:\/\/www.diarioimagen.net\/index.php?rest_route=%2Fwp%2Fv2%2Fcategories&post=152485"},{"taxonomy":"post_tag","embeddable":true,"href":"https:\/\/www.diarioimagen.net\/index.php?rest_route=%2Fwp%2Fv2%2Ftags&post=152485"}],"curies":[{"name":"wp","href":"https:\/\/api.w.org\/{rel}","templated":true}]}}